{"id":15501,"date":"2024-08-13T10:01:25","date_gmt":"2024-08-13T08:01:25","guid":{"rendered":"https:\/\/villa-perla.it\/villa-perla-daytrip-1-neive-alba-barolo-canelli\/"},"modified":"2026-03-11T11:00:22","modified_gmt":"2026-03-11T10:00:22","slug":"villa-perla-daytrip-1-neive-alba-barolo-canelli","status":"publish","type":"post","link":"https:\/\/villa-perla.it\/fr\/villa-perla-daytrip-1-neive-alba-barolo-canelli\/","title":{"rendered":"Villa Perla excursion 1 : Neive, Alba, Barolo, Canelli"},"content":{"rendered":"\t\t<div data-elementor-type=\"wp-post\" data-elementor-id=\"15501\" class=\"elementor elementor-15501 elementor-15177\" data-elementor-post-type=\"post\">\n\t\t\t\t\t\t<section class=\"elementor-section elementor-top-section elementor-element elementor-element-2c22f9bc elementor-section-height-min-height elementor-section-content-middle elementor-section-boxed elementor-section-height-default elementor-section-items-middle\" data-id=\"2c22f9bc\" data-element_type=\"section\" data-e-type=\"section\" data-settings=\"{&quot;background_background&quot;:&quot;classic&quot;,&quot;jet_parallax_layout_list&quot;:[{&quot;_id&quot;:&quot;b571a24&quot;,&quot;jet_parallax_layout_image&quot;:{&quot;url&quot;:&quot;&quot;,&quot;id&quot;:&quot;&quot;,&quot;size&quot;:&quot;&quot;},&quot;jet_parallax_layout_image_tablet&quot;:{&quot;url&quot;:&quot;&quot;,&quot;id&quot;:&quot;&quot;,&quot;size&quot;:&quot;&quot;},&quot;jet_parallax_layout_image_mobile&quot;:{&quot;url&quot;:&quot;&quot;,&quot;id&quot;:&quot;&quot;,&quot;size&quot;:&quot;&quot;},&quot;jet_parallax_layout_speed&quot;:{&quot;unit&quot;:&quot;%&quot;,&quot;size&quot;:50,&quot;sizes&quot;:[]},&quot;jet_parallax_layout_type&quot;:&quot;scroll&quot;,&quot;jet_parallax_layout_direction&quot;:&quot;1&quot;,&quot;jet_parallax_layout_fx_direction&quot;:null,&quot;jet_parallax_layout_z_index&quot;:&quot;&quot;,&quot;jet_parallax_layout_bg_x&quot;:50,&quot;jet_parallax_layout_bg_x_tablet&quot;:&quot;&quot;,&quot;jet_parallax_layout_bg_x_mobile&quot;:&quot;&quot;,&quot;jet_parallax_layout_bg_y&quot;:50,&quot;jet_parallax_layout_bg_y_tablet&quot;:&quot;&quot;,&quot;jet_parallax_layout_bg_y_mobile&quot;:&quot;&quot;,&quot;jet_parallax_layout_bg_size&quot;:&quot;auto&quot;,&quot;jet_parallax_layout_bg_size_tablet&quot;:&quot;&quot;,&quot;jet_parallax_layout_bg_size_mobile&quot;:&quot;&quot;,&quot;jet_parallax_layout_animation_prop&quot;:&quot;transform&quot;,&quot;jet_parallax_layout_on&quot;:[&quot;desktop&quot;,&quot;tablet&quot;]}]}\">\n\t\t\t\t\t\t\t<div class=\"elementor-background-overlay\"><\/div>\n\t\t\t\t\t\t\t<div class=\"elementor-container elementor-column-gap-no\">\n\t\t\t\t\t<div class=\"elementor-column elementor-col-100 elementor-top-column elementor-element elementor-element-1014da85\" data-id=\"1014da85\" data-element_type=\"column\" data-e-type=\"column\">\n\t\t\t<div class=\"elementor-widget-wrap elementor-element-populated\">\n\t\t\t\t\t\t<div class=\"elementor-element elementor-element-87f645e elementor-widget elementor-widget-heading\" data-id=\"87f645e\" data-element_type=\"widget\" data-e-type=\"widget\" data-widget_type=\"heading.default\">\n\t\t\t\t<div class=\"elementor-widget-container\">\n\t\t\t\t\t<h1 class=\"elementor-heading-title elementor-size-default\">D\u00e9couvrez quelques-unes des meilleures excursions autour d'Asti<\/h1>\t\t\t\t<\/div>\n\t\t\t\t<\/div>\n\t\t\t\t<div class=\"elementor-element elementor-element-65e8f78 elementor-widget elementor-widget-heading\" data-id=\"65e8f78\" data-element_type=\"widget\" data-e-type=\"widget\" data-widget_type=\"heading.default\">\n\t\t\t\t<div class=\"elementor-widget-container\">\n\t\t\t\t\t<h2 class=\"elementor-heading-title elementor-size-default\">Villa Perla excursion 1 :<br>Neive, Alba, Barolo  Canelli<\/h2>\t\t\t\t<\/div>\n\t\t\t\t<\/div>\n\t\t\t\t\t<\/div>\n\t\t<\/div>\n\t\t\t\t\t<\/div>\n\t\t<\/section>\n\t\t\t\t<section class=\"elementor-section elementor-top-section elementor-element elementor-element-5216b95a elementor-section-boxed elementor-section-height-default elementor-section-height-default\" data-id=\"5216b95a\" data-element_type=\"section\" data-e-type=\"section\" data-settings=\"{&quot;jet_parallax_layout_list&quot;:[{&quot;_id&quot;:&quot;8b0c4e9&quot;,&quot;jet_parallax_layout_image&quot;:{&quot;url&quot;:&quot;&quot;,&quot;id&quot;:&quot;&quot;,&quot;size&quot;:&quot;&quot;},&quot;jet_parallax_layout_image_tablet&quot;:{&quot;url&quot;:&quot;&quot;,&quot;id&quot;:&quot;&quot;,&quot;size&quot;:&quot;&quot;},&quot;jet_parallax_layout_image_mobile&quot;:{&quot;url&quot;:&quot;&quot;,&quot;id&quot;:&quot;&quot;,&quot;size&quot;:&quot;&quot;},&quot;jet_parallax_layout_speed&quot;:{&quot;unit&quot;:&quot;%&quot;,&quot;size&quot;:50,&quot;sizes&quot;:[]},&quot;jet_parallax_layout_type&quot;:&quot;scroll&quot;,&quot;jet_parallax_layout_direction&quot;:&quot;1&quot;,&quot;jet_parallax_layout_fx_direction&quot;:null,&quot;jet_parallax_layout_z_index&quot;:&quot;&quot;,&quot;jet_parallax_layout_bg_x&quot;:50,&quot;jet_parallax_layout_bg_x_tablet&quot;:&quot;&quot;,&quot;jet_parallax_layout_bg_x_mobile&quot;:&quot;&quot;,&quot;jet_parallax_layout_bg_y&quot;:50,&quot;jet_parallax_layout_bg_y_tablet&quot;:&quot;&quot;,&quot;jet_parallax_layout_bg_y_mobile&quot;:&quot;&quot;,&quot;jet_parallax_layout_bg_size&quot;:&quot;auto&quot;,&quot;jet_parallax_layout_bg_size_tablet&quot;:&quot;&quot;,&quot;jet_parallax_layout_bg_size_mobile&quot;:&quot;&quot;,&quot;jet_parallax_layout_animation_prop&quot;:&quot;transform&quot;,&quot;jet_parallax_layout_on&quot;:[&quot;desktop&quot;,&quot;tablet&quot;]}]}\">\n\t\t\t\t\t\t<div class=\"elementor-container elementor-column-gap-default\">\n\t\t\t\t\t<div class=\"elementor-column elementor-col-50 elementor-top-column elementor-element elementor-element-2f6181f4\" data-id=\"2f6181f4\" data-element_type=\"column\" data-e-type=\"column\">\n\t\t\t<div class=\"elementor-widget-wrap elementor-element-populated\">\n\t\t\t\t\t\t<div class=\"elementor-element elementor-element-591aa44 elementor-widget elementor-widget-heading\" data-id=\"591aa44\" data-element_type=\"widget\" data-e-type=\"widget\" data-widget_type=\"heading.default\">\n\t\t\t\t<div class=\"elementor-widget-container\">\n\t\t\t\t\t<h2 class=\"elementor-heading-title elementor-size-default\">Avez-vous besoin d'un peu d'inspiration ?<\/h2>\t\t\t\t<\/div>\n\t\t\t\t<\/div>\n\t\t\t\t<div class=\"elementor-element elementor-element-d65b604 elementor-align-left elementor-widget elementor-widget-post-info\" data-id=\"d65b604\" data-element_type=\"widget\" data-e-type=\"widget\" data-widget_type=\"post-info.default\">\n\t\t\t\t<div class=\"elementor-widget-container\">\n\t\t\t\t\t\t\t<ul class=\"elementor-inline-items elementor-icon-list-items elementor-post-info\">\n\t\t\t\t\t\t\t\t<li class=\"elementor-icon-list-item elementor-repeater-item-618fd2e elementor-inline-item\" itemprop=\"datePublished\">\n\t\t\t\t\t\t<a href=\"https:\/\/villa-perla.it\/fr\/2024\/08\/13\/\">\n\t\t\t\t\t\t\t\t\t\t\t<span class=\"elementor-icon-list-icon\">\n\t\t\t\t\t\t\t\t<svg aria-hidden=\"true\" class=\"e-font-icon-svg e-fas-calendar\" viewBox=\"0 0 448 512\" xmlns=\"http:\/\/www.w3.org\/2000\/svg\"><path d=\"M12 192h424c6.6 0 12 5.4 12 12v260c0 26.5-21.5 48-48 48H48c-26.5 0-48-21.5-48-48V204c0-6.6 5.4-12 12-12zm436-44v-36c0-26.5-21.5-48-48-48h-48V12c0-6.6-5.4-12-12-12h-40c-6.6 0-12 5.4-12 12v52H160V12c0-6.6-5.4-12-12-12h-40c-6.6 0-12 5.4-12 12v52H48C21.5 64 0 85.5 0 112v36c0 6.6 5.4 12 12 12h424c6.6 0 12-5.4 12-12z\"><\/path><\/svg>\t\t\t\t\t\t\t<\/span>\n\t\t\t\t\t\t\t\t\t<span class=\"elementor-icon-list-text elementor-post-info__item elementor-post-info__item--type-date\">\n\t\t\t\t\t\t\t\t\t\t<time>ao\u00fbt 13, 2024<\/time>\t\t\t\t\t<\/span>\n\t\t\t\t\t\t\t\t\t<\/a>\n\t\t\t\t<\/li>\n\t\t\t\t<\/ul>\n\t\t\t\t\t\t<\/div>\n\t\t\t\t<\/div>\n\t\t\t\t<div class=\"elementor-element elementor-element-726a9aa elementor-widget elementor-widget-text-editor\" data-id=\"726a9aa\" data-element_type=\"widget\" data-e-type=\"widget\" data-widget_type=\"text-editor.default\">\n\t\t\t\t<div class=\"elementor-widget-container\">\n\t\t\t\t\t\t\t\t\t<p>La r\u00e9gion de Villa Perla, dans le Pi\u00e9mont, en Italie, regorge de sites pittoresques class\u00e9s au patrimoine mondial de l&rsquo;UNESCO, de villages charmants et de paysages panoramiques impressionnants. Par temps clair, vous pouvez m\u00eame apercevoir les Alpes depuis de nombreux endroits ! Cette excursion est la premi\u00e8re d&rsquo;une s\u00e9rie d&rsquo;excursions d&rsquo;une journ\u00e9e que nous cr\u00e9erons pour vous, chacune mettant en valeur des aspects uniques de notre r\u00e9gion du Pi\u00e9mont.  <\/p>\n<p>Ces excursions d&rsquo;une journ\u00e9e couvriront diff\u00e9rents sujets pour les jeunes et les moins jeunes \ud83d\ude09 : les monuments historiques, les charmants villages que vous pouvez voir sur les collines en face de notre jardin, les restaurants locaux, les bars sympas, les aires de jeux pour vos enfants, les agritourismes, les agriculteurs locaux,&#8230; juste pour s&rsquo;assurer que vous avez un avant-go\u00fbt de ce que notre belle r\u00e9gion a \u00e0 vous offrir !&nbsp;<\/p><p>Vous pouvez faire le tour complet ou choisir un ou deux arr\u00eats et voir ce que la journ\u00e9e vous apporte&#8230; dolce far niente !<\/p>\t\t\t\t\t\t\t\t<\/div>\n\t\t\t\t<\/div>\n\t\t\t\t<div class=\"elementor-element elementor-element-3e28db1 elementor-widget__width-initial elementor-widget elementor-widget-heading\" data-id=\"3e28db1\" data-element_type=\"widget\" data-e-type=\"widget\" data-widget_type=\"heading.default\">\n\t\t\t\t<div class=\"elementor-widget-container\">\n\t\t\t\t\t<h4 class=\"elementor-heading-title elementor-size-default\">Arr\u00eat 1 : NEIVE<\/h4>\t\t\t\t<\/div>\n\t\t\t\t<\/div>\n\t\t\t\t<div class=\"elementor-element elementor-element-8e34912 elementor-widget elementor-widget-text-editor\" data-id=\"8e34912\" data-element_type=\"widget\" data-e-type=\"widget\" data-widget_type=\"text-editor.default\">\n\t\t\t\t<div class=\"elementor-widget-container\">\n\t\t\t\t\t\t\t\t\t<p>Le charmant<strong><a href=\"https:\/\/borghipiubelliditalia.it\/borgo\/neive\/\" target=\"_blank\" rel=\"noopener\"> bourg de Neive<\/a><\/strong> n&rsquo;est qu&rsquo;\u00e0 <strong>15 minutes<\/strong> en voiture de la Villa Perla Piemonte. Vous pouvez facilement vous garer sur le c\u00f4t\u00e9 du vieux village romain. <a href=\"https:\/\/www.google.com\/maps\/place\/Parcheggio+%7C+Via+Circonvallazione\/@44.727581,8.1134466,17z\/data=!3m1!4b1!4m6!3m5!1s0x4787f59e3dc3da1d:0x809a049fc5e517f4!8m2!3d44.727581!4d8.1134466!16s%2Fg%2F11t9q57m5g?hl=it&amp;entry=ttu\" target=\"_blank\" rel=\"noopener\"><b>Cliquez ici<\/b><\/a> pour conna\u00eetre l&#8217;emplacement des places de parking. <\/p><p>Ce village est toujours une bonne id\u00e9e de promenade en toute saison ; vous pouvez le visiter le matin pour un caf\u00e9, un aperitivo l&rsquo;apr\u00e8s-midi ou un bon d\u00eener le soir.  <\/p><p>Il y a de nombreux points de vue, quelques restaurants et des caves locales o\u00f9 vous pouvez d\u00e9guster des vins et d&rsquo;autres produits de la r\u00e9gion.  <\/p><p>Pendant les mois d&rsquo;\u00e9t\u00e9, le mercredi, vous pouvez \u00e9galement visiter le village en soir\u00e9e pour des d\u00e9gustations de vin. <a href=\"https:\/\/www.facebook.com\/bottegadei4vini\" target=\"_blank\" rel=\"noopener\"><b>Cliquez ici pour plus d&rsquo;informations sur leur page Facebook. <\/b><\/a>pour plus d&rsquo;informations sur leur page Facebook.<\/p><p>Au bout de la rue principale, vous trouverez<span style=\"color: var( --e-global-color-primary ); font-size: 1rem;\"> un bar \u00e0 vin avec une terrasse \u00e0 c\u00f4t\u00e9 d&rsquo;une petite aire de jeux o\u00f9 l&rsquo;on propose des assiettes de charcuterie fra\u00eeche accompagn\u00e9es de merveilleux vins. <\/span> <\/p><p><a href=\"https:\/\/langhe.net\/en\/sight\/il-mercato-del-mercoledi-neive\/\" target=\"_blank\" rel=\"noopener\"><strong>Leur march\u00e9 local<\/strong><\/a> se tient toujours le mercredi matin de 8h00 \u00e0 13h30 dans la partie basse de la ville, sur la Piazza Garibaldi.<\/p>\t\t\t\t\t\t\t\t<\/div>\n\t\t\t\t<\/div>\n\t\t\t\t<section class=\"elementor-section elementor-inner-section elementor-element elementor-element-e609bd2 elementor-section-boxed elementor-section-height-default elementor-section-height-default\" data-id=\"e609bd2\" data-element_type=\"section\" data-e-type=\"section\" data-settings=\"{&quot;jet_parallax_layout_list&quot;:[]}\">\n\t\t\t\t\t\t<div class=\"elementor-container elementor-column-gap-default\">\n\t\t\t\t\t<div class=\"elementor-column elementor-col-50 elementor-inner-column elementor-element elementor-element-0edbebf\" data-id=\"0edbebf\" data-element_type=\"column\" data-e-type=\"column\">\n\t\t\t<div class=\"elementor-widget-wrap elementor-element-populated\">\n\t\t\t\t\t\t<div class=\"elementor-element elementor-element-6b0b41a elementor-widget elementor-widget-image\" data-id=\"6b0b41a\" data-element_type=\"widget\" data-e-type=\"widget\" data-widget_type=\"image.default\">\n\t\t\t\t<div class=\"elementor-widget-container\">\n\t\t\t\t\t\t\t\t\t\t\t\t\t\t\t<img fetchpriority=\"high\" decoding=\"async\" width=\"768\" height=\"1024\" src=\"https:\/\/villa-perla.it\/wp-content\/uploads\/2024\/08\/villa-perla-piemonte-daytrip-neive-church-768x1024.jpg\" class=\"attachment-large size-large wp-image-15245\" alt=\"\" srcset=\"https:\/\/villa-perla.it\/wp-content\/uploads\/2024\/08\/villa-perla-piemonte-daytrip-neive-church-768x1024.jpg 768w, https:\/\/villa-perla.it\/wp-content\/uploads\/2024\/08\/villa-perla-piemonte-daytrip-neive-church-225x300.jpg 225w, https:\/\/villa-perla.it\/wp-content\/uploads\/2024\/08\/villa-perla-piemonte-daytrip-neive-church-1152x1536.jpg 1152w, https:\/\/villa-perla.it\/wp-content\/uploads\/2024\/08\/villa-perla-piemonte-daytrip-neive-church-1536x2048.jpg 1536w, https:\/\/villa-perla.it\/wp-content\/uploads\/2024\/08\/villa-perla-piemonte-daytrip-neive-church-scaled.jpg 1920w\" sizes=\"(max-width: 768px) 100vw, 768px\" \/>\t\t\t\t\t\t\t\t\t\t\t\t\t\t\t<\/div>\n\t\t\t\t<\/div>\n\t\t\t\t\t<\/div>\n\t\t<\/div>\n\t\t\t\t<div class=\"elementor-column elementor-col-50 elementor-inner-column elementor-element elementor-element-7997b93\" data-id=\"7997b93\" data-element_type=\"column\" data-e-type=\"column\">\n\t\t\t<div class=\"elementor-widget-wrap elementor-element-populated\">\n\t\t\t\t\t\t<div class=\"elementor-element elementor-element-8152878 elementor-widget elementor-widget-image\" data-id=\"8152878\" data-element_type=\"widget\" data-e-type=\"widget\" data-widget_type=\"image.default\">\n\t\t\t\t<div class=\"elementor-widget-container\">\n\t\t\t\t\t\t\t\t\t\t\t\t\t\t\t<img decoding=\"async\" width=\"768\" height=\"1024\" src=\"https:\/\/villa-perla.it\/wp-content\/uploads\/2024\/08\/villa-perla-piemonte-daytrip-neive-art-768x1024.jpg\" class=\"attachment-large size-large wp-image-15253\" alt=\"\" srcset=\"https:\/\/villa-perla.it\/wp-content\/uploads\/2024\/08\/villa-perla-piemonte-daytrip-neive-art-768x1024.jpg 768w, https:\/\/villa-perla.it\/wp-content\/uploads\/2024\/08\/villa-perla-piemonte-daytrip-neive-art-225x300.jpg 225w, https:\/\/villa-perla.it\/wp-content\/uploads\/2024\/08\/villa-perla-piemonte-daytrip-neive-art-1152x1536.jpg 1152w, https:\/\/villa-perla.it\/wp-content\/uploads\/2024\/08\/villa-perla-piemonte-daytrip-neive-art-1536x2048.jpg 1536w, https:\/\/villa-perla.it\/wp-content\/uploads\/2024\/08\/villa-perla-piemonte-daytrip-neive-art-scaled.jpg 1920w\" sizes=\"(max-width: 768px) 100vw, 768px\" \/>\t\t\t\t\t\t\t\t\t\t\t\t\t\t\t<\/div>\n\t\t\t\t<\/div>\n\t\t\t\t\t<\/div>\n\t\t<\/div>\n\t\t\t\t\t<\/div>\n\t\t<\/section>\n\t\t\t\t<div class=\"elementor-element elementor-element-d81e517 elementor-widget__width-initial elementor-widget elementor-widget-heading\" data-id=\"d81e517\" data-element_type=\"widget\" data-e-type=\"widget\" data-widget_type=\"heading.default\">\n\t\t\t\t<div class=\"elementor-widget-container\">\n\t\t\t\t\t<h4 class=\"elementor-heading-title elementor-size-default\">Arr\u00eat 2 : ALBA<\/h4>\t\t\t\t<\/div>\n\t\t\t\t<\/div>\n\t\t\t\t<div class=\"elementor-element elementor-element-b0a1637 elementor-widget elementor-widget-text-editor\" data-id=\"b0a1637\" data-element_type=\"widget\" data-e-type=\"widget\" data-widget_type=\"text-editor.default\">\n\t\t\t\t<div class=\"elementor-widget-container\">\n\t\t\t\t\t\t\t\t\t<p>De <b>Neive \u00e0 Alba<\/b>, il ne vous faudra que <strong>15 \u00e0 20 minutes <\/strong>en voiture.<b> <\/b><\/p><p>Outre sa riche histoire, Alba est c\u00e9l\u00e8bre pour sa foire aux truffes blanches et ses vins de renomm\u00e9e mondiale tels que le Barolo, le Barbera et le Barbaresco.<\/p><p>Apr\u00e8s le court trajet, vous pouvez vous garer au <a href=\"https:\/\/www.google.com\/maps\/place\/Parcheggio+%7C+Piazza+San+Paolo\/@44.6943468,8.0373125,17.25z\/data=!4m14!1m7!3m6!1s0x12d2b367b54bf17b:0xa9879e803e953e7f!2sParcheggio+%7C+Piazza+San+Paolo!8m2!3d44.6962674!4d8.0369943!16s%2Fg%2F11bwqbv5gw!3m5!1s0x12d2b367b54bf17b:0xa9879e803e953e7f!8m2!3d44.6962674!4d8.0369943!16s%2Fg%2F11bwqbv5gw?entry=ttu\" target=\"_blank\" rel=\"noopener\"><strong>Parcheggio Piazza San Paolo<\/strong><\/a> ou <strong><a href=\"https:\/\/www.bestinparking.com\/it\/it\/parcheggi?location=12051%20Alba%2C%20Cuneo%2C%20Italien%7C44.7009526%7C8.0353488&amp;type=parking\" target=\"_blank\" rel=\"noopener\">l&rsquo;un d&rsquo;entre eux.<\/a><\/strong> Ils se trouvent tous \u00e0 quelques minutes de marche du centre historique.  <\/p><p> <\/p><p>De l\u00e0, promenez-vous dans la <b>Via Cavour<\/b>, une charmante rue bord\u00e9e de boutiques et de caf\u00e9s locaux.  <\/p><p>Passez devant la majestueuse <b>cath\u00e9drale de San Lorenzo<\/b>, un exemple \u00e9tonnant d&rsquo;architecture gothique. Continuez jusqu&rsquo;\u00e0 la <b>Piazza Risorgimento<\/b>, la place principale et anim\u00e9e de la ville, o\u00f9 vous pourrez admirer les anciennes tours. Vous pouvez visiter le <a href=\"https:\/\/www.tripadvisor.it\/Attraction_Review-g194664-d9792135-Reviews-Palazzo_Comunale-Alba_Province_of_Cuneo_Piedmont.html\" target=\"_blank\" rel=\"noopener\"><strong>Palazzo Comunale<\/strong><\/a>et terminez votre promenade par une sucrerie dans l&rsquo;une des pasticcerias des environs. Commandez un cornetto et un caf\u00e9 comme le font les locaux ou un aperitivo de bonne heure :-).   <\/p><p>La plupart des rues que vous emprunterez sont r\u00e9serv\u00e9es aux pi\u00e9tons. C&rsquo;est donc un endroit id\u00e9al \u00e0 visiter le matin avec des enfants en bas \u00e2ge.  <\/p><p>Le march\u00e9 hebdomadaire d&rsquo;Alba a lieu le samedi matin et est tr\u00e8s fr\u00e9quent\u00e9. Le march\u00e9 s&rsquo;\u00e9tend sur plusieurs rues <strong>: via Vittorio Emanuele II ou via Maestra<\/strong>, <strong>via Cavour<\/strong>,<strong> Piazza del Duomo <\/strong>ou <strong>Piazza Risorgimento<\/strong>, <strong>Piazza Elvio Pertinace<\/strong>, <strong>Piazza Prunotto<\/strong> et <strong>Piazza Marconi<\/strong><em>. <\/em>Vous y trouverez \u00e9galement les hangars urbains particuliers qui ont \u00e9t\u00e9 construits \u00e0 l&rsquo;origine pour la vente d&rsquo;animaux de ferme. <\/p>\t\t\t\t\t\t\t\t<\/div>\n\t\t\t\t<\/div>\n\t\t\t\t<div class=\"elementor-element elementor-element-dcb1c66 elementor-widget__width-initial elementor-widget elementor-widget-heading\" data-id=\"dcb1c66\" data-element_type=\"widget\" data-e-type=\"widget\" data-widget_type=\"heading.default\">\n\t\t\t\t<div class=\"elementor-widget-container\">\n\t\t\t\t\t<h4 class=\"elementor-heading-title elementor-size-default\">Arr\u00eat 3 : BAROLO<\/h4>\t\t\t\t<\/div>\n\t\t\t\t<\/div>\n\t\t\t\t<div class=\"elementor-element elementor-element-fec18d7 elementor-widget elementor-widget-text-editor\" data-id=\"fec18d7\" data-element_type=\"widget\" data-e-type=\"widget\" data-widget_type=\"text-editor.default\">\n\t\t\t\t<div class=\"elementor-widget-container\">\n\t\t\t\t\t\t\t\t\t<p>D&rsquo;Alba \u00e0 Barolo, il vous faudra encore <strong>15 \u00e0 20 minutes de<\/strong> route. Barolo est c\u00e9l\u00e8bre pour son vin rouge exceptionnel produit \u00e0 partir du <strong>c\u00e9page Nebbiolo<\/strong>. Elle est \u00e9galement tr\u00e8s connue pour ses vignobles pittoresques et ses riches traditions culinaires, y compris les truffes et la gastronomie. Vous avez plusieurs possibilit\u00e9s pour vous garer ; <a href=\"https:\/\/www.parkopedia.it\/parking\/bar\/bar-barolo\/?arriving=202408130830&amp;leaving=202408131030#google_vignette\" target=\"_blank\" rel=\"noopener\"><strong>cliquez ici pour ouvrir la carte.<\/strong><\/a>   <\/p><p>Depuis le parking Piazzale della Fiera, situ\u00e9 pr\u00e8s du centre-ville, vous pouvez marcher vers l&#8217;embl\u00e9matique <strong>Castello Falletti<\/strong>, un ch\u00e2teau m\u00e9di\u00e9val qui abrite aujourd&rsquo;hui le <a href=\"https:\/\/www.wimubarolo.it\/\" target=\"_blank\" rel=\"noopener\"><strong>Mus\u00e9e du vin de Barolo<\/strong><\/a>. Consultez leur site web pour plus d&rsquo;informations et des billets pour visiter le WiMu. <a href=\"https:\/\/www.wimubarolo.it\/en\/families\/\" target=\"_blank\" rel=\"noopener\"><strong>Il existe \u00e9galement une visite sp\u00e9ciale pour les familles !<\/strong><\/a><\/p><p>Le long de la <strong>Via Roma<\/strong>, la rue principale, vous trouverez de charmantes enotecas et des boutiques proposant des vins locaux et des truffes. Faites un d\u00e9tour par l&rsquo;<strong>\u00e9glise de San Donato<\/strong>, une \u00e9glise historique \u00e0 l&rsquo;atmosph\u00e8re sereine. <\/p><p>En vous promenant dans les rues \u00e9troites, profitez des vues pittoresques sur les vignobles environnants avant de terminer votre promenade par un verre de Barolo dans un bar \u00e0 vin.  <\/p>\t\t\t\t\t\t\t\t<\/div>\n\t\t\t\t<\/div>\n\t\t\t\t<div class=\"elementor-element elementor-element-9f6cb6c elementor-widget__width-initial elementor-widget elementor-widget-heading\" data-id=\"9f6cb6c\" data-element_type=\"widget\" data-e-type=\"widget\" data-widget_type=\"heading.default\">\n\t\t\t\t<div class=\"elementor-widget-container\">\n\t\t\t\t\t<h4 class=\"elementor-heading-title elementor-size-default\">Arr\u00eat 4 : CANELLI<\/h4>\t\t\t\t<\/div>\n\t\t\t\t<\/div>\n\t\t\t\t<div class=\"elementor-element elementor-element-de524e7 elementor-widget elementor-widget-text-editor\" data-id=\"de524e7\" data-element_type=\"widget\" data-e-type=\"widget\" data-widget_type=\"text-editor.default\">\n\t\t\t\t<div class=\"elementor-widget-container\">\n\t\t\t\t\t\t\t\t\t<p>De <b>Barolo<\/b> \u00e0 <b>Canelli <\/b>, il faut compter environ <strong>30 minutes de route . <\/strong>Le retour \u00e0 <strong>Villa Perla <\/strong>\u00e0 travers les vignobles prend environ <b>20-25 minutes<\/b> et vous pouvez \u00e9galement emprunter les routes principales dans le m\u00eame temps.<\/p><p><strong>Canelli<\/strong> est c\u00e9l\u00e8bre pour ses caves souterraines historiques, connues sous le nom de <b>\u00ab\u00a0cath\u00e9drales du vin\u00a0\u00bb<\/b>, o\u00f9 est produit le c\u00e9l\u00e8bre vin mousseux <strong>Asti Spumante.<\/strong><\/p><p>Elle est \u00e9galement c\u00e9l\u00e8bre pour son patrimoine viticole et ses vignobles qui font partie d&rsquo;un site class\u00e9 au patrimoine mondial de l&rsquo;UNESCO. De nombreux festivals, repr\u00e9sentations th\u00e9\u00e2trales, rallyes automobiles et \u00e9v\u00e9nements culturels sont organis\u00e9s tout au long de l&rsquo;ann\u00e9e. <\/p><p>Vous pouvez vous garer sur plusieurs places de parking ; <a href=\"https:\/\/www.viamichelin.it\/mappe-piantine\/parcheggi\/italia\/piemonte\/asti\/canelli-14053\" target=\"_blank\" rel=\"noopener\"><strong>cliquez ici pour une carte<\/strong> <\/a> ou simplement dans les rues o\u00f9 vous pouvez payer via l&rsquo;application rose ou les horodateurs. Si vous garez votre voiture au <b>Parcheggio Piazza Cavour<\/b>, vous pourrez commencer votre promenade dans le centre historique de Canelli. <\/p><p>Commencez par vous rendre sur la <strong>Via Giovanni Battista Giuliani<\/strong>, o\u00f9 vous pourrez visiter les impressionnantes <strong>cath\u00e9drales souterraines<\/strong>, de vastes et complexes caves \u00e0 vin creus\u00e9es dans le tuf (UNESCO).  <\/p><p><span style=\"color: var( --e-global-color-primary ); font-size: 1rem;\">Les caves de <a href=\"https:\/\/www.bosca.it\/en\/cantine\/\" target=\"_blank\" rel=\"noopener\"><strong>Bosca<\/strong><\/a>, <a href=\"https:\/\/www.coppo.com\/en\/\" target=\"_blank\" rel=\"noopener\"><strong>Coppo<\/strong><\/a> et <a href=\"https:\/\/www.contratto.it\/\" target=\"_blank\" rel=\"noopener\"><strong>Contratto<\/strong><\/a> proposent des visites fascinantes sur le v\u00e9ritable art de la vinification. Apr\u00e8s la visite de la cave, fl\u00e2nez le long de la Via Roma, la rue principale de la ville, bord\u00e9e de charmantes boutiques et de caf\u00e9s.  Continuez jusqu&rsquo;\u00e0 l&rsquo;\u00e9glise de San Tommaso, une belle structure baroque, avant de terminer votre promenade par une vue sur les vignobles pittoresques qui entourent Canelli. <\/span><\/p><p><span style=\"color: var( --e-global-color-primary ); font-size: 1rem;\">Il existe \u00e9galement de nombreux restaurants que vous pouvez r\u00e9server \u00e0 l&rsquo;avance ; il y a des restaurants tr\u00e8s chers qui ne valent peut-\u00eatre pas la peine pour tout le monde, mais aussi des restaurants plus raisonnables que vous pouvez trouver sur Trip Advisor. Nous vous recommandons <strong><a href=\"https:\/\/ristorantecivico15.it\/\" target=\"_blank\" rel=\"noopener\">Ristorante Civico15<\/a><\/strong> ou <a href=\"https:\/\/www.tripadvisor.it\/Restaurant_Review-g1202906-d15057930-Reviews-Osteria_Dei_Meravigliati-Canelli_Province_of_Asti_Piedmont.html\" target=\"_blank\" rel=\"noopener\"><strong>Osteria dei Meravigliati<\/strong><\/a> <\/span>  o\u00f9 vous pouvez d\u00e9jeuner et d\u00eener.<\/p><p>Le march\u00e9 local de Canelli se tient le mardi et le vendredi matin.<\/p>\t\t\t\t\t\t\t\t<\/div>\n\t\t\t\t<\/div>\n\t\t\t\t<section class=\"elementor-section elementor-inner-section elementor-element elementor-element-34cc002 elementor-section-boxed elementor-section-height-default elementor-section-height-default\" data-id=\"34cc002\" data-element_type=\"section\" data-e-type=\"section\" data-settings=\"{&quot;jet_parallax_layout_list&quot;:[]}\">\n\t\t\t\t\t\t<div class=\"elementor-container elementor-column-gap-default\">\n\t\t\t\t\t<div class=\"elementor-column elementor-col-50 elementor-inner-column elementor-element elementor-element-65a3461\" data-id=\"65a3461\" data-element_type=\"column\" data-e-type=\"column\">\n\t\t\t<div class=\"elementor-widget-wrap elementor-element-populated\">\n\t\t\t\t\t\t<div class=\"elementor-element elementor-element-3a2c90d elementor-widget elementor-widget-image\" data-id=\"3a2c90d\" data-element_type=\"widget\" data-e-type=\"widget\" data-widget_type=\"image.default\">\n\t\t\t\t<div class=\"elementor-widget-container\">\n\t\t\t\t\t\t\t\t\t\t\t\t\t\t\t<img decoding=\"async\" width=\"1200\" height=\"1600\" src=\"https:\/\/villa-perla.it\/wp-content\/uploads\/2024\/08\/Villa-Perla-Daytrip-1-Neive-Alba-Barolo-Canelli-restaurant-e1723535820317.webp\" class=\"attachment-full size-full wp-image-15360\" alt=\"Villa Perla Daytrip 1 - Neive, Alba, Barolo &amp; Canelli - restaurant\" \/>\t\t\t\t\t\t\t\t\t\t\t\t\t\t\t<\/div>\n\t\t\t\t<\/div>\n\t\t\t\t<div class=\"elementor-element elementor-element-dea2497 elementor-share-buttons--view-icon elementor-share-buttons--skin-minimal elementor-share-buttons--color-custom elementor-share-buttons--shape-square elementor-grid-0 elementor-widget elementor-widget-global elementor-global-8997 elementor-widget-share-buttons\" data-id=\"dea2497\" data-element_type=\"widget\" data-e-type=\"widget\" data-widget_type=\"share-buttons.default\">\n\t\t\t\t<div class=\"elementor-widget-container\">\n\t\t\t\t\t\t\t<div class=\"elementor-grid\" role=\"list\">\n\t\t\t\t\t\t\t\t<div class=\"elementor-grid-item\" role=\"listitem\">\n\t\t\t\t\t\t<div class=\"elementor-share-btn elementor-share-btn_whatsapp\" role=\"button\" tabindex=\"0\" aria-label=\"Partager sur whatsapp\">\n\t\t\t\t\t\t\t\t\t\t\t\t\t\t\t<span class=\"elementor-share-btn__icon\">\n\t\t\t\t\t\t\t\t<svg aria-hidden=\"true\" class=\"e-font-icon-svg e-fab-whatsapp\" viewBox=\"0 0 448 512\" xmlns=\"http:\/\/www.w3.org\/2000\/svg\"><path d=\"M380.9 97.1C339 55.1 283.2 32 223.9 32c-122.4 0-222 99.6-222 222 0 39.1 10.2 77.3 29.6 111L0 480l117.7-30.9c32.4 17.7 68.9 27 106.1 27h.1c122.3 0 224.1-99.6 224.1-222 0-59.3-25.2-115-67.1-157zm-157 341.6c-33.2 0-65.7-8.9-94-25.7l-6.7-4-69.8 18.3L72 359.2l-4.4-7c-18.5-29.4-28.2-63.3-28.2-98.2 0-101.7 82.8-184.5 184.6-184.5 49.3 0 95.6 19.2 130.4 54.1 34.8 34.9 56.2 81.2 56.1 130.5 0 101.8-84.9 184.6-186.6 184.6zm101.2-138.2c-5.5-2.8-32.8-16.2-37.9-18-5.1-1.9-8.8-2.8-12.5 2.8-3.7 5.6-14.3 18-17.6 21.8-3.2 3.7-6.5 4.2-12 1.4-32.6-16.3-54-29.1-75.5-66-5.7-9.8 5.7-9.1 16.3-30.3 1.8-3.7.9-6.9-.5-9.7-1.4-2.8-12.5-30.1-17.1-41.2-4.5-10.8-9.1-9.3-12.5-9.5-3.2-.2-6.9-.2-10.6-.2-3.7 0-9.7 1.4-14.8 6.9-5.1 5.6-19.4 19-19.4 46.3 0 27.3 19.9 53.7 22.6 57.4 2.8 3.7 39.1 59.7 94.8 83.8 35.2 15.2 49 16.5 66.6 13.9 10.7-1.6 32.8-13.4 37.4-26.4 4.6-13 4.6-24.1 3.2-26.4-1.3-2.5-5-3.9-10.5-6.6z\"><\/path><\/svg>\t\t\t\t\t\t\t<\/span>\n\t\t\t\t\t\t\t\t\t\t\t\t\t\t\t\t\t\t\t\t<\/div>\n\t\t\t\t\t<\/div>\n\t\t\t\t\t\t\t\t\t<div class=\"elementor-grid-item\" role=\"listitem\">\n\t\t\t\t\t\t<div class=\"elementor-share-btn elementor-share-btn_facebook\" role=\"button\" tabindex=\"0\" aria-label=\"Partager sur facebook\">\n\t\t\t\t\t\t\t\t\t\t\t\t\t\t\t<span class=\"elementor-share-btn__icon\">\n\t\t\t\t\t\t\t\t<svg aria-hidden=\"true\" class=\"e-font-icon-svg e-fab-facebook\" viewBox=\"0 0 512 512\" xmlns=\"http:\/\/www.w3.org\/2000\/svg\"><path d=\"M504 256C504 119 393 8 256 8S8 119 8 256c0 123.78 90.69 226.38 209.25 245V327.69h-63V256h63v-54.64c0-62.15 37-96.48 93.67-96.48 27.14 0 55.52 4.84 55.52 4.84v61h-31.28c-30.8 0-40.41 19.12-40.41 38.73V256h68.78l-11 71.69h-57.78V501C413.31 482.38 504 379.78 504 256z\"><\/path><\/svg>\t\t\t\t\t\t\t<\/span>\n\t\t\t\t\t\t\t\t\t\t\t\t\t\t\t\t\t\t\t\t<\/div>\n\t\t\t\t\t<\/div>\n\t\t\t\t\t\t\t\t\t<div class=\"elementor-grid-item\" role=\"listitem\">\n\t\t\t\t\t\t<div class=\"elementor-share-btn elementor-share-btn_linkedin\" role=\"button\" tabindex=\"0\" aria-label=\"Partager sur linkedin\">\n\t\t\t\t\t\t\t\t\t\t\t\t\t\t\t<span class=\"elementor-share-btn__icon\">\n\t\t\t\t\t\t\t\t<svg aria-hidden=\"true\" class=\"e-font-icon-svg e-fab-linkedin\" viewBox=\"0 0 448 512\" xmlns=\"http:\/\/www.w3.org\/2000\/svg\"><path d=\"M416 32H31.9C14.3 32 0 46.5 0 64.3v383.4C0 465.5 14.3 480 31.9 480H416c17.6 0 32-14.5 32-32.3V64.3c0-17.8-14.4-32.3-32-32.3zM135.4 416H69V202.2h66.5V416zm-33.2-243c-21.3 0-38.5-17.3-38.5-38.5S80.9 96 102.2 96c21.2 0 38.5 17.3 38.5 38.5 0 21.3-17.2 38.5-38.5 38.5zm282.1 243h-66.4V312c0-24.8-.5-56.7-34.5-56.7-34.6 0-39.9 27-39.9 54.9V416h-66.4V202.2h63.7v29.2h.9c8.9-16.8 30.6-34.5 62.9-34.5 67.2 0 79.7 44.3 79.7 101.9V416z\"><\/path><\/svg>\t\t\t\t\t\t\t<\/span>\n\t\t\t\t\t\t\t\t\t\t\t\t\t\t\t\t\t\t\t\t<\/div>\n\t\t\t\t\t<\/div>\n\t\t\t\t\t\t\t\t\t<div class=\"elementor-grid-item\" role=\"listitem\">\n\t\t\t\t\t\t<div class=\"elementor-share-btn elementor-share-btn_threads\" role=\"button\" tabindex=\"0\" aria-label=\"Partager sur threads\">\n\t\t\t\t\t\t\t\t\t\t\t\t\t\t\t<span class=\"elementor-share-btn__icon\">\n\t\t\t\t\t\t\t\t<svg aria-hidden=\"true\" class=\"e-font-icon-svg e-fab-threads\" viewBox=\"0 0 448 512\" xmlns=\"http:\/\/www.w3.org\/2000\/svg\"><path d=\"M331.5 235.7c2.2 .9 4.2 1.9 6.3 2.8c29.2 14.1 50.6 35.2 61.8 61.4c15.7 36.5 17.2 95.8-30.3 143.2c-36.2 36.2-80.3 52.5-142.6 53h-.3c-70.2-.5-124.1-24.1-160.4-70.2c-32.3-41-48.9-98.1-49.5-169.6V256v-.2C17 184.3 33.6 127.2 65.9 86.2C102.2 40.1 156.2 16.5 226.4 16h.3c70.3 .5 124.9 24 162.3 69.9c18.4 22.7 32 50 40.6 81.7l-40.4 10.8c-7.1-25.8-17.8-47.8-32.2-65.4c-29.2-35.8-73-54.2-130.5-54.6c-57 .5-100.1 18.8-128.2 54.4C72.1 146.1 58.5 194.3 58 256c.5 61.7 14.1 109.9 40.3 143.3c28 35.6 71.2 53.9 128.2 54.4c51.4-.4 85.4-12.6 113.7-40.9c32.3-32.2 31.7-71.8 21.4-95.9c-6.1-14.2-17.1-26-31.9-34.9c-3.7 26.9-11.8 48.3-24.7 64.8c-17.1 21.8-41.4 33.6-72.7 35.3c-23.6 1.3-46.3-4.4-63.9-16c-20.8-13.8-33-34.8-34.3-59.3c-2.5-48.3 35.7-83 95.2-86.4c21.1-1.2 40.9-.3 59.2 2.8c-2.4-14.8-7.3-26.6-14.6-35.2c-10-11.7-25.6-17.7-46.2-17.8H227c-16.6 0-39 4.6-53.3 26.3l-34.4-23.6c19.2-29.1 50.3-45.1 87.8-45.1h.8c62.6 .4 99.9 39.5 103.7 107.7l-.2 .2zm-156 68.8c1.3 25.1 28.4 36.8 54.6 35.3c25.6-1.4 54.6-11.4 59.5-73.2c-13.2-2.9-27.8-4.4-43.4-4.4c-4.8 0-9.6 .1-14.4 .4c-42.9 2.4-57.2 23.2-56.2 41.8l-.1 .1z\"><\/path><\/svg>\t\t\t\t\t\t\t<\/span>\n\t\t\t\t\t\t\t\t\t\t\t\t\t\t\t\t\t\t\t\t<\/div>\n\t\t\t\t\t<\/div>\n\t\t\t\t\t\t<\/div>\n\t\t\t\t\t\t<\/div>\n\t\t\t\t<\/div>\n\t\t\t\t\t<\/div>\n\t\t<\/div>\n\t\t\t\t<div class=\"elementor-column elementor-col-50 elementor-inner-column elementor-element elementor-element-1b9dc88\" data-id=\"1b9dc88\" data-element_type=\"column\" data-e-type=\"column\">\n\t\t\t<div class=\"elementor-widget-wrap elementor-element-populated\">\n\t\t\t\t\t\t<div class=\"elementor-element elementor-element-d0f7fb6 elementor-widget elementor-widget-text-editor\" data-id=\"d0f7fb6\" data-element_type=\"widget\" data-e-type=\"widget\" data-widget_type=\"text-editor.default\">\n\t\t\t\t<div class=\"elementor-widget-container\">\n\t\t\t\t\t\t\t\t\t<h2 style=\"text-align: center;\"><a href=\"https:\/\/villa-perla.it\/fr\/what-to-do-around-villa-perla-piemonte-in-autumn\/\" target=\"_blank\" rel=\"noopener\"><b>D\u00e9couvrez ce que vous pouvez faire dans la r\u00e9gion \u00e0 la fin de l&rsquo;\u00e9t\u00e9 et en automne !  <\/b><\/a><\/h2><h3 style=\"text-align: center;\"><b> <a href=\"https:\/\/villa-perla.it\/fr\/what-to-do-around-villa-perla-piemonte-in-autumn\/\" target=\"_blank\" rel=\"noopener\">Cliquez ici pour en savoir plus sur les festivit\u00e9s d&rsquo;automne<\/a><\/b><\/h3>\t\t\t\t\t\t\t\t<\/div>\n\t\t\t\t<\/div>\n\t\t\t\t\t<\/div>\n\t\t<\/div>\n\t\t\t\t\t<\/div>\n\t\t<\/section>\n\t\t\t\t\t<\/div>\n\t\t<\/div>\n\t\t\t\t<div class=\"elementor-column elementor-col-50 elementor-top-column elementor-element elementor-element-8e05d25\" data-id=\"8e05d25\" data-element_type=\"column\" data-e-type=\"column\" data-settings=\"{&quot;background_background&quot;:&quot;classic&quot;}\">\n\t\t\t<div class=\"elementor-widget-wrap elementor-element-populated\">\n\t\t\t\t\t\t<div class=\"elementor-element elementor-element-ea0c836 elementor-hidden-mobile elementor-toc--minimized-on-tablet elementor-widget elementor-widget-table-of-contents\" data-id=\"ea0c836\" data-element_type=\"widget\" data-e-type=\"widget\" data-settings=\"{&quot;headings_by_tags&quot;:[&quot;h4&quot;],&quot;exclude_headings_by_selector&quot;:[],&quot;marker_view&quot;:&quot;bullets&quot;,&quot;icon&quot;:{&quot;value&quot;:&quot;&quot;,&quot;library&quot;:&quot;&quot;},&quot;no_headings_message&quot;:&quot;Aucun titre n\\u2019a \\u00e9t\\u00e9 trouv\\u00e9 sur cette page.&quot;,&quot;minimize_box&quot;:&quot;yes&quot;,&quot;minimized_on&quot;:&quot;tablet&quot;,&quot;hierarchical_view&quot;:&quot;yes&quot;,&quot;min_height&quot;:{&quot;unit&quot;:&quot;px&quot;,&quot;size&quot;:&quot;&quot;,&quot;sizes&quot;:[]},&quot;min_height_tablet&quot;:{&quot;unit&quot;:&quot;px&quot;,&quot;size&quot;:&quot;&quot;,&quot;sizes&quot;:[]},&quot;min_height_mobile&quot;:{&quot;unit&quot;:&quot;px&quot;,&quot;size&quot;:&quot;&quot;,&quot;sizes&quot;:[]}}\" data-widget_type=\"table-of-contents.default\">\n\t\t\t\t<div class=\"elementor-widget-container\">\n\t\t\t\t\t\t\t\t\t<div class=\"elementor-toc__header\">\n\t\t\t\t\t\t<h4 class=\"elementor-toc__header-title\">\n\t\t\t\tExcursion 1 : Neive, Alba, Barolo et Canelli\t\t\t<\/h4>\n\t\t\t\t\t\t\t\t\t\t<div class=\"elementor-toc__toggle-button elementor-toc__toggle-button--expand\" role=\"button\" tabindex=\"0\" aria-controls=\"elementor-toc__ea0c836\" aria-expanded=\"true\" aria-label=\"Ouvrir la table des mati\u00e8res\"><svg aria-hidden=\"true\" class=\"e-font-icon-svg e-fas-chevron-down\" viewBox=\"0 0 448 512\" xmlns=\"http:\/\/www.w3.org\/2000\/svg\"><path d=\"M207.029 381.476L12.686 187.132c-9.373-9.373-9.373-24.569 0-33.941l22.667-22.667c9.357-9.357 24.522-9.375 33.901-.04L224 284.505l154.745-154.021c9.379-9.335 24.544-9.317 33.901.04l22.667 22.667c9.373 9.373 9.373 24.569 0 33.941L240.971 381.476c-9.373 9.372-24.569 9.372-33.942 0z\"><\/path><\/svg><\/div>\n\t\t\t\t<div class=\"elementor-toc__toggle-button elementor-toc__toggle-button--collapse\" role=\"button\" tabindex=\"0\" aria-controls=\"elementor-toc__ea0c836\" aria-expanded=\"true\" aria-label=\"Fermer la table des mati\u00e8res\"><svg aria-hidden=\"true\" class=\"e-font-icon-svg e-fas-chevron-up\" viewBox=\"0 0 448 512\" xmlns=\"http:\/\/www.w3.org\/2000\/svg\"><path d=\"M240.971 130.524l194.343 194.343c9.373 9.373 9.373 24.569 0 33.941l-22.667 22.667c-9.357 9.357-24.522 9.375-33.901.04L224 227.495 69.255 381.516c-9.379 9.335-24.544 9.317-33.901-.04l-22.667-22.667c-9.373-9.373-9.373-24.569 0-33.941L207.03 130.525c9.372-9.373 24.568-9.373 33.941-.001z\"><\/path><\/svg><\/div>\n\t\t\t\t\t<\/div>\n\t\t\t\t<div id=\"elementor-toc__ea0c836\" class=\"elementor-toc__body\">\n\t\t\t<div class=\"elementor-toc__spinner-container\">\n\t\t\t\t<svg class=\"elementor-toc__spinner eicon-animation-spin e-font-icon-svg e-eicon-loading\" aria-hidden=\"true\" viewBox=\"0 0 1000 1000\" xmlns=\"http:\/\/www.w3.org\/2000\/svg\"><path d=\"M500 975V858C696 858 858 696 858 500S696 142 500 142 142 304 142 500H25C25 237 238 25 500 25S975 237 975 500 763 975 500 975Z\"><\/path><\/svg>\t\t\t<\/div>\n\t\t<\/div>\n\t\t\t\t\t\t<\/div>\n\t\t\t\t<\/div>\n\t\t\t\t<div class=\"elementor-element elementor-element-9303d87 elementor-widget elementor-widget-heading\" data-id=\"9303d87\" data-element_type=\"widget\" data-e-type=\"widget\" data-widget_type=\"heading.default\">\n\t\t\t\t<div class=\"elementor-widget-container\">\n\t\t\t\t\t<h2 class=\"elementor-heading-title elementor-size-default\">A lire \u00e9galement :<\/h2>\t\t\t\t<\/div>\n\t\t\t\t<\/div>\n\t\t\t\t<div class=\"elementor-element elementor-element-7408a82 elementor-grid-1 elementor-posts--align-center elementor-grid-tablet-2 elementor-grid-mobile-1 elementor-posts--thumbnail-top elementor-widget elementor-widget-posts\" data-id=\"7408a82\" data-element_type=\"widget\" data-e-type=\"widget\" data-settings=\"{&quot;classic_columns&quot;:&quot;1&quot;,&quot;classic_columns_tablet&quot;:&quot;2&quot;,&quot;classic_columns_mobile&quot;:&quot;1&quot;,&quot;classic_row_gap&quot;:{&quot;unit&quot;:&quot;px&quot;,&quot;size&quot;:35,&quot;sizes&quot;:[]},&quot;classic_row_gap_tablet&quot;:{&quot;unit&quot;:&quot;px&quot;,&quot;size&quot;:&quot;&quot;,&quot;sizes&quot;:[]},&quot;classic_row_gap_mobile&quot;:{&quot;unit&quot;:&quot;px&quot;,&quot;size&quot;:&quot;&quot;,&quot;sizes&quot;:[]}}\" data-widget_type=\"posts.classic\">\n\t\t\t\t<div class=\"elementor-widget-container\">\n\t\t\t\t\t\t\t<div class=\"elementor-posts-container elementor-posts elementor-posts--skin-classic elementor-grid\" role=\"list\">\n\t\t\t\t<article class=\"elementor-post elementor-grid-item post-19921 post type-post status-publish format-standard has-post-thumbnail hentry category-villa-perla-fr-2 tag-to-do-fr\" role=\"listitem\">\n\t\t\t\t<a class=\"elementor-post__thumbnail__link\" href=\"https:\/\/villa-perla.it\/fr\/stations-de-recharge-pour-ve-a-proximite-de-villa-perla-dans-le-piemont-region-dasti\/\" tabindex=\"-1\" >\n\t\t\t<div class=\"elementor-post__thumbnail\"><img loading=\"lazy\" decoding=\"async\" width=\"300\" height=\"169\" src=\"https:\/\/villa-perla.it\/wp-content\/uploads\/2023\/08\/villa-perla-piemonte-holiday-house-with-pool-sunrise-garden-007-2023-300x169.jpg\" class=\"attachment-medium size-medium wp-image-11180\" alt=\"\" srcset=\"https:\/\/villa-perla.it\/wp-content\/uploads\/2023\/08\/villa-perla-piemonte-holiday-house-with-pool-sunrise-garden-007-2023-300x169.jpg 300w, https:\/\/villa-perla.it\/wp-content\/uploads\/2023\/08\/villa-perla-piemonte-holiday-house-with-pool-sunrise-garden-007-2023-1024x576.jpg 1024w, https:\/\/villa-perla.it\/wp-content\/uploads\/2023\/08\/villa-perla-piemonte-holiday-house-with-pool-sunrise-garden-007-2023-768x432.jpg 768w, https:\/\/villa-perla.it\/wp-content\/uploads\/2023\/08\/villa-perla-piemonte-holiday-house-with-pool-sunrise-garden-007-2023-1536x864.jpg 1536w, https:\/\/villa-perla.it\/wp-content\/uploads\/2023\/08\/villa-perla-piemonte-holiday-house-with-pool-sunrise-garden-007-2023.jpg 2016w\" sizes=\"(max-width: 300px) 100vw, 300px\" \/><\/div>\n\t\t<\/a>\n\t\t\t\t<div class=\"elementor-post__text\">\n\t\t\t\t<h3 class=\"elementor-post__title\">\n\t\t\t<a href=\"https:\/\/villa-perla.it\/fr\/stations-de-recharge-pour-ve-a-proximite-de-villa-perla-dans-le-piemont-region-dasti\/\" >\n\t\t\t\tTout ce que vous devez savoir pour recharger votre voiture \u00e9lectrique pr\u00e8s de Villa Perla dans le Pi\u00e9mont &#8211; R\u00e9gion d&rsquo;Asti\t\t\t<\/a>\n\t\t<\/h3>\n\t\t\t\t<div class=\"elementor-post__meta-data\">\n\t\t\t\t\t<span class=\"elementor-post-date\">\n\t\t\t29 avril 2026\t\t<\/span>\n\t\t\t\t<\/div>\n\t\t\n\t\t<a class=\"elementor-post__read-more\" href=\"https:\/\/villa-perla.it\/fr\/stations-de-recharge-pour-ve-a-proximite-de-villa-perla-dans-le-piemont-region-dasti\/\" aria-label=\"En savoir plus sur Tout ce que vous devez savoir pour recharger votre voiture \u00e9lectrique pr\u00e8s de Villa Perla dans le Pi\u00e9mont &#8211; R\u00e9gion d&rsquo;Asti\" tabindex=\"-1\" >\n\t\t\tLire plus\t\t<\/a>\n\n\t\t\t\t<\/div>\n\t\t\t\t<\/article>\n\t\t\t\t<article class=\"elementor-post elementor-grid-item post-19756 post type-post status-publish format-standard has-post-thumbnail hentry category-villa-perla-fr-2 tag-to-do-fr\" role=\"listitem\">\n\t\t\t\t<a class=\"elementor-post__thumbnail__link\" href=\"https:\/\/villa-perla.it\/fr\/sejourner-avec-des-chiens-a-la-villa-perla-dans-le-piemont\/\" tabindex=\"-1\" >\n\t\t\t<div class=\"elementor-post__thumbnail\"><img loading=\"lazy\" decoding=\"async\" width=\"300\" height=\"169\" src=\"https:\/\/villa-perla.it\/wp-content\/uploads\/2024\/05\/villa-perla-piemonte-holiday-house-poolside-300x169.jpg\" class=\"attachment-medium size-medium wp-image-14488\" alt=\"\" srcset=\"https:\/\/villa-perla.it\/wp-content\/uploads\/2024\/05\/villa-perla-piemonte-holiday-house-poolside-300x169.jpg 300w, https:\/\/villa-perla.it\/wp-content\/uploads\/2024\/05\/villa-perla-piemonte-holiday-house-poolside-1024x576.jpg 1024w, https:\/\/villa-perla.it\/wp-content\/uploads\/2024\/05\/villa-perla-piemonte-holiday-house-poolside-768x432.jpg 768w, https:\/\/villa-perla.it\/wp-content\/uploads\/2024\/05\/villa-perla-piemonte-holiday-house-poolside-1536x864.jpg 1536w, https:\/\/villa-perla.it\/wp-content\/uploads\/2024\/05\/villa-perla-piemonte-holiday-house-poolside-2048x1152.jpg 2048w\" sizes=\"(max-width: 300px) 100vw, 300px\" \/><\/div>\n\t\t<\/a>\n\t\t\t\t<div class=\"elementor-post__text\">\n\t\t\t\t<h3 class=\"elementor-post__title\">\n\t\t\t<a href=\"https:\/\/villa-perla.it\/fr\/sejourner-avec-des-chiens-a-la-villa-perla-dans-le-piemont\/\" >\n\t\t\t\tS\u00e9journer avec des chiens \u00e0 la Villa Perla dans le Pi\u00e9mont\t\t\t<\/a>\n\t\t<\/h3>\n\t\t\t\t<div class=\"elementor-post__meta-data\">\n\t\t\t\t\t<span class=\"elementor-post-date\">\n\t\t\t13 avril 2026\t\t<\/span>\n\t\t\t\t<\/div>\n\t\t\n\t\t<a class=\"elementor-post__read-more\" href=\"https:\/\/villa-perla.it\/fr\/sejourner-avec-des-chiens-a-la-villa-perla-dans-le-piemont\/\" aria-label=\"En savoir plus sur S\u00e9journer avec des chiens \u00e0 la Villa Perla dans le Pi\u00e9mont\" tabindex=\"-1\" >\n\t\t\tLire plus\t\t<\/a>\n\n\t\t\t\t<\/div>\n\t\t\t\t<\/article>\n\t\t\t\t<article class=\"elementor-post elementor-grid-item post-19695 post type-post status-publish format-standard has-post-thumbnail hentry category-a-faire tag-to-do-fr\" role=\"listitem\">\n\t\t\t\t<a class=\"elementor-post__thumbnail__link\" href=\"https:\/\/villa-perla.it\/fr\/distances-en-voiture-entre-villa-perla-et-les-plus-beaux-villages-medievaux-ou-borgo-du-piemont\/\" tabindex=\"-1\" >\n\t\t\t<div class=\"elementor-post__thumbnail\"><img loading=\"lazy\" decoding=\"async\" width=\"300\" height=\"257\" src=\"https:\/\/villa-perla.it\/wp-content\/uploads\/2024\/08\/villa-perla-piemonte-daytrip-neive-art-featured-300x257.jpg\" class=\"attachment-medium size-medium wp-image-15390\" alt=\"\" srcset=\"https:\/\/villa-perla.it\/wp-content\/uploads\/2024\/08\/villa-perla-piemonte-daytrip-neive-art-featured-300x257.jpg 300w, https:\/\/villa-perla.it\/wp-content\/uploads\/2024\/08\/villa-perla-piemonte-daytrip-neive-art-featured-1024x877.jpg 1024w, https:\/\/villa-perla.it\/wp-content\/uploads\/2024\/08\/villa-perla-piemonte-daytrip-neive-art-featured-768x658.jpg 768w, https:\/\/villa-perla.it\/wp-content\/uploads\/2024\/08\/villa-perla-piemonte-daytrip-neive-art-featured-1536x1315.jpg 1536w, https:\/\/villa-perla.it\/wp-content\/uploads\/2024\/08\/villa-perla-piemonte-daytrip-neive-art-featured-2048x1754.jpg 2048w\" sizes=\"(max-width: 300px) 100vw, 300px\" \/><\/div>\n\t\t<\/a>\n\t\t\t\t<div class=\"elementor-post__text\">\n\t\t\t\t<h3 class=\"elementor-post__title\">\n\t\t\t<a href=\"https:\/\/villa-perla.it\/fr\/distances-en-voiture-entre-villa-perla-et-les-plus-beaux-villages-medievaux-ou-borgo-du-piemont\/\" >\n\t\t\t\tDistances en voiture entre Villa perla et les plus beaux villages m\u00e9di\u00e9vaux ou borgo du Pi\u00e9mont\t\t\t<\/a>\n\t\t<\/h3>\n\t\t\t\t<div class=\"elementor-post__meta-data\">\n\t\t\t\t\t<span class=\"elementor-post-date\">\n\t\t\t25 f\u00e9vrier 2026\t\t<\/span>\n\t\t\t\t<\/div>\n\t\t\n\t\t<a class=\"elementor-post__read-more\" href=\"https:\/\/villa-perla.it\/fr\/distances-en-voiture-entre-villa-perla-et-les-plus-beaux-villages-medievaux-ou-borgo-du-piemont\/\" aria-label=\"En savoir plus sur Distances en voiture entre Villa perla et les plus beaux villages m\u00e9di\u00e9vaux ou borgo du Pi\u00e9mont\" tabindex=\"-1\" >\n\t\t\tLire plus\t\t<\/a>\n\n\t\t\t\t<\/div>\n\t\t\t\t<\/article>\n\t\t\t\t<article class=\"elementor-post elementor-grid-item post-19319 post type-post status-publish format-standard has-post-thumbnail hentry category-a-faire\" role=\"listitem\">\n\t\t\t\t<a class=\"elementor-post__thumbnail__link\" href=\"https:\/\/villa-perla.it\/fr\/sites-web-pour-les-maisons-de-vacances\/\" tabindex=\"-1\" >\n\t\t\t<div class=\"elementor-post__thumbnail\"><img loading=\"lazy\" decoding=\"async\" width=\"300\" height=\"270\" src=\"https:\/\/villa-perla.it\/wp-content\/uploads\/2023\/08\/villa-perla-piemonte-holiday-house-with-pool-002-2023-300x270.jpg\" class=\"attachment-medium size-medium wp-image-11135\" alt=\"Villa Perla Piemonte - living room view\" srcset=\"https:\/\/villa-perla.it\/wp-content\/uploads\/2023\/08\/villa-perla-piemonte-holiday-house-with-pool-002-2023-300x270.jpg 300w, https:\/\/villa-perla.it\/wp-content\/uploads\/2023\/08\/villa-perla-piemonte-holiday-house-with-pool-002-2023-1024x922.jpg 1024w, https:\/\/villa-perla.it\/wp-content\/uploads\/2023\/08\/villa-perla-piemonte-holiday-house-with-pool-002-2023-768x691.jpg 768w, https:\/\/villa-perla.it\/wp-content\/uploads\/2023\/08\/villa-perla-piemonte-holiday-house-with-pool-002-2023-1536x1382.jpg 1536w, https:\/\/villa-perla.it\/wp-content\/uploads\/2023\/08\/villa-perla-piemonte-holiday-house-with-pool-002-2023.jpg 2048w\" sizes=\"(max-width: 300px) 100vw, 300px\" \/><\/div>\n\t\t<\/a>\n\t\t\t\t<div class=\"elementor-post__text\">\n\t\t\t\t<h3 class=\"elementor-post__title\">\n\t\t\t<a href=\"https:\/\/villa-perla.it\/fr\/sites-web-pour-les-maisons-de-vacances\/\" >\n\t\t\t\tSites web pour les maisons de vacances\t\t\t<\/a>\n\t\t<\/h3>\n\t\t\t\t<div class=\"elementor-post__meta-data\">\n\t\t\t\t\t<span class=\"elementor-post-date\">\n\t\t\t23 f\u00e9vrier 2026\t\t<\/span>\n\t\t\t\t<\/div>\n\t\t\n\t\t<a class=\"elementor-post__read-more\" href=\"https:\/\/villa-perla.it\/fr\/sites-web-pour-les-maisons-de-vacances\/\" aria-label=\"En savoir plus sur Sites web pour les maisons de vacances\" tabindex=\"-1\" >\n\t\t\tLire plus\t\t<\/a>\n\n\t\t\t\t<\/div>\n\t\t\t\t<\/article>\n\t\t\t\t<article class=\"elementor-post elementor-grid-item post-19249 post type-post status-publish format-standard has-post-thumbnail hentry category-a-faire\" role=\"listitem\">\n\t\t\t\t<a class=\"elementor-post__thumbnail__link\" href=\"https:\/\/villa-perla.it\/fr\/decouvrez-eleven30-service-de-petit-dejeuner-et-de-dejeuner\/\" tabindex=\"-1\" >\n\t\t\t<div class=\"elementor-post__thumbnail\"><img loading=\"lazy\" decoding=\"async\" width=\"300\" height=\"300\" src=\"https:\/\/villa-perla.it\/wp-content\/uploads\/2026\/01\/eleven30-logo-300x300.png\" class=\"attachment-medium size-medium wp-image-19147\" alt=\"\" srcset=\"https:\/\/villa-perla.it\/wp-content\/uploads\/2026\/01\/eleven30-logo-300x300.png 300w, https:\/\/villa-perla.it\/wp-content\/uploads\/2026\/01\/eleven30-logo-150x150.png 150w, https:\/\/villa-perla.it\/wp-content\/uploads\/2026\/01\/eleven30-logo-100x100.png 100w, https:\/\/villa-perla.it\/wp-content\/uploads\/2026\/01\/eleven30-logo.png 500w\" sizes=\"(max-width: 300px) 100vw, 300px\" \/><\/div>\n\t\t<\/a>\n\t\t\t\t<div class=\"elementor-post__text\">\n\t\t\t\t<h3 class=\"elementor-post__title\">\n\t\t\t<a href=\"https:\/\/villa-perla.it\/fr\/decouvrez-eleven30-service-de-petit-dejeuner-et-de-dejeuner\/\" >\n\t\t\t\tD\u00e9couvrez Eleven30 &#8211; Service de petit-d\u00e9jeuner et de d\u00e9jeuner\t\t\t<\/a>\n\t\t<\/h3>\n\t\t\t\t<div class=\"elementor-post__meta-data\">\n\t\t\t\t\t<span class=\"elementor-post-date\">\n\t\t\t16 janvier 2026\t\t<\/span>\n\t\t\t\t<\/div>\n\t\t\n\t\t<a class=\"elementor-post__read-more\" href=\"https:\/\/villa-perla.it\/fr\/decouvrez-eleven30-service-de-petit-dejeuner-et-de-dejeuner\/\" aria-label=\"En savoir plus sur D\u00e9couvrez Eleven30 &#8211; Service de petit-d\u00e9jeuner et de d\u00e9jeuner\" tabindex=\"-1\" >\n\t\t\tLire plus\t\t<\/a>\n\n\t\t\t\t<\/div>\n\t\t\t\t<\/article>\n\t\t\t\t<article class=\"elementor-post elementor-grid-item post-10710 post type-post status-publish format-standard has-post-thumbnail hentry category-villa-perla-fr-2 tag-to-do-fr\" role=\"listitem\">\n\t\t\t\t<a class=\"elementor-post__thumbnail__link\" href=\"https:\/\/villa-perla.it\/fr\/what-to-do-around-villa-perla-piemonte-in-autumn\/\" tabindex=\"-1\" >\n\t\t\t<div class=\"elementor-post__thumbnail\"><img loading=\"lazy\" decoding=\"async\" width=\"300\" height=\"225\" src=\"https:\/\/villa-perla.it\/wp-content\/uploads\/2023\/03\/villa-perla-piemonte-what-to-do-in-autumn-300x225.jpg\" class=\"attachment-medium size-medium wp-image-10443\" alt=\"\" srcset=\"https:\/\/villa-perla.it\/wp-content\/uploads\/2023\/03\/villa-perla-piemonte-what-to-do-in-autumn-300x225.jpg 300w, https:\/\/villa-perla.it\/wp-content\/uploads\/2023\/03\/villa-perla-piemonte-what-to-do-in-autumn-1024x768.jpg 1024w, https:\/\/villa-perla.it\/wp-content\/uploads\/2023\/03\/villa-perla-piemonte-what-to-do-in-autumn-768x576.jpg 768w, https:\/\/villa-perla.it\/wp-content\/uploads\/2023\/03\/villa-perla-piemonte-what-to-do-in-autumn-1536x1152.jpg 1536w, https:\/\/villa-perla.it\/wp-content\/uploads\/2023\/03\/villa-perla-piemonte-what-to-do-in-autumn-2048x1536.jpg 2048w\" sizes=\"(max-width: 300px) 100vw, 300px\" \/><\/div>\n\t\t<\/a>\n\t\t\t\t<div class=\"elementor-post__text\">\n\t\t\t\t<h3 class=\"elementor-post__title\">\n\t\t\t<a href=\"https:\/\/villa-perla.it\/fr\/what-to-do-around-villa-perla-piemonte-in-autumn\/\" >\n\t\t\t\tQue faire autour de Villa Perla Piemonte en automne ?\t\t\t<\/a>\n\t\t<\/h3>\n\t\t\t\t<div class=\"elementor-post__meta-data\">\n\t\t\t\t\t<span class=\"elementor-post-date\">\n\t\t\t1 septembre 2024\t\t<\/span>\n\t\t\t\t<\/div>\n\t\t\n\t\t<a class=\"elementor-post__read-more\" href=\"https:\/\/villa-perla.it\/fr\/what-to-do-around-villa-perla-piemonte-in-autumn\/\" aria-label=\"En savoir plus sur Que faire autour de Villa Perla Piemonte en automne ?\" tabindex=\"-1\" >\n\t\t\tLire plus\t\t<\/a>\n\n\t\t\t\t<\/div>\n\t\t\t\t<\/article>\n\t\t\t\t<\/div>\n\t\t\n\t\t\t\t\t\t<\/div>\n\t\t\t\t<\/div>\n\t\t\t\t<section class=\"elementor-section elementor-inner-section elementor-element elementor-element-7ae351a elementor-section-boxed elementor-section-height-default elementor-section-height-default\" data-id=\"7ae351a\" data-element_type=\"section\" data-e-type=\"section\" data-settings=\"{&quot;background_background&quot;:&quot;classic&quot;,&quot;jet_parallax_layout_list&quot;:[]}\">\n\t\t\t\t\t\t<div class=\"elementor-container elementor-column-gap-default\">\n\t\t\t\t\t<div class=\"elementor-column elementor-col-100 elementor-inner-column elementor-element elementor-element-9ea2a5a\" data-id=\"9ea2a5a\" data-element_type=\"column\" data-e-type=\"column\" data-settings=\"{&quot;background_background&quot;:&quot;classic&quot;}\">\n\t\t\t<div class=\"elementor-widget-wrap elementor-element-populated\">\n\t\t\t\t\t\t<div class=\"elementor-element elementor-element-5f31892 elementor-widget elementor-widget-heading\" data-id=\"5f31892\" data-element_type=\"widget\" data-e-type=\"widget\" data-widget_type=\"heading.default\">\n\t\t\t\t<div class=\"elementor-widget-container\">\n\t\t\t\t\t<h2 class=\"elementor-heading-title elementor-size-default\">Abonnez-vous \u00e0 notre bulletin d'information <br>MENSUEL<\/h2>\t\t\t\t<\/div>\n\t\t\t\t<\/div>\n\t\t\t\t<div class=\"elementor-element elementor-element-1eb4117 elementor-widget elementor-widget-shortcode\" data-id=\"1eb4117\" data-element_type=\"widget\" data-e-type=\"widget\" data-widget_type=\"shortcode.default\">\n\t\t\t\t<div class=\"elementor-widget-container\">\n\t\t\t\t\t<script type=\"text\/javascript\" src=\"https:\/\/villa-perla.it\/wp-content\/plugins\/acymailing\/media\/js\/module.min.js?v=1091\"><\/script><script type=\"text\/javascript\">\n        if(typeof acymModule === 'undefined'){\n            var acymModule = [];\n\t\t\tacymModule['emailRegex'] = \/^[a-z0-9!#$%&\\'*+\\\/=?^_`{|}~-]+(?:\\.[a-z0-9!#$%&\\'*+\\\/=?^_`{|}~-]+)*\\@([a-z0-9-]+\\.)+[a-z0-9]{2,20}$\/i;\n\t\t\tacymModule['NAMECAPTION'] = 'Nom';\n\t\t\tacymModule['NAME_MISSING'] = 'Veuillez saisir votre nom';\n\t\t\tacymModule['EMAILCAPTION'] = 'E-mail';\n\t\t\tacymModule['VALID_EMAIL'] = 'Veuillez saisir une adresse e-mail valide';\n\t\t\tacymModule['VALID_EMAIL_CONFIRMATION'] = 'Le champ e-mail et le champ de confirmation doivent \u00eatre identiques.';\n\t\t\tacymModule['CAPTCHA_MISSING'] = 'Le captcha n\u2019est pas valide, veuillez r\u00e9essayer';\n\t\t\tacymModule['NO_LIST_SELECTED'] = 'Veuillez s\u00e9lectionner les listes auxquelles vous souhaitez vous abonner';\n\t\t\tacymModule['NO_LIST_SELECTED_UNSUB'] = 'S\u00e9lectionnez les listes desquelles vous souhaitez vous d\u00e9sabonner';\n            acymModule['ACCEPT_TERMS'] = 'Veuillez cocher les conditions g\u00e9n\u00e9rales \/ la politique de confidentialit\u00e9';\n        }\n\t\t<\/script>\t\t<div class=\"elementor-shortcode\"><div id=\"acym_fulldiv_formAcym2\" class=\"acym__subscription__form__shortcode acym__subscription__form-erase\">\n    <form action=\"https:\/\/villa-perla.it\/fr\/index.php?page=acymailing_front&ctrl=frontusers&noheader=1\" id=\"formAcym2\" name=\"formAcym2\" enctype=\"multipart\/form-data\" onsubmit=\"return submitAcymForm('subscribe','formAcym2', 'acymSubmitSubForm')\"><div class=\"acym__subscription__form__fields\">\n    <div class=\"onefield fieldacy1 acyfield_text\" id=\"field_1\"><label class=\"cell margin-top-1\"><span class=\"acym__users__creation__fields__title\">Nom<\/span><input autocomplete=\"name\"  name=\"user[name]\" value=\"\" data-authorized-content=\"{&quot;0&quot;:&quot;all&quot;,&quot;regex&quot;:&quot;&quot;,&quot;message&quot;:&quot;Valeur incorrecte pour le champ Nom&quot;}\" type=\"text\" class=\"cell\"><\/label><div class=\"acym__field__error__block\" data-acym-field-id=\"1\"><\/div><\/div><div class=\"onefield fieldacy2 acyfield_text\" id=\"field_2\"><label class=\"cell margin-top-1\"><span class=\"acym__users__creation__fields__title\">E-mail<\/span><input autocomplete=\"email\" id=\"email_field_794\"  name=\"user[email]\" value=\"\" data-authorized-content=\"{&quot;0&quot;:&quot;all&quot;,&quot;regex&quot;:&quot;&quot;,&quot;message&quot;:&quot;Valeur incorrecte pour le champ E-mail&quot;}\" required type=\"email\" class=\"cell acym__user__edit__email\"><\/label><div class=\"acym__field__error__block\" data-acym-field-id=\"2\"><\/div><\/div><div class=\"acym__subscription__form__lists\">\n    <input type=\"hidden\" name=\"hiddenlists\" value=\"1\">\t<style>\n\t\t#acym_fulldiv_formAcym2 .acym__subscription__form__fields .acym__subscription__form__lists{\n\t\t\tdisplay: inline-block;\n\t\t\twidth: auto;\n\t\t\tmargin: 0 20px;\n\t\t\ttext-align: left;\n\t\t}\n\n\t\t#acym_fulldiv_formAcym2 .acym__subscription__form__fields .acym__subscription__form__lists label{\n\t\t\tdisplay: inline-block;\n\t\t\tmargin-right: 10px;\n\t\t\twidth: auto;\n\t\t}\n\n\t\t#acym_fulldiv_formAcym2 .acym__subscription__form__fields .acym__subscription__form__lists input[type=\"checkbox\"]{\n\t\t\tmargin-top: 0 !important;\n\t\t\tmargin-right: 5px;\n\t\t}\n\t<\/style>\n<\/div>\n<div class=\"acym__subscription__form__termscond\"><div class=\"onefield fieldacyterms\" id=\"field_terms_formAcym2\"><label for=\"mailingdata_terms_formAcym2\"><input id=\"mailingdata_terms_formAcym2\" class=\"checkbox\" type=\"checkbox\" name=\"terms\" title=\"Conditions g\u00e9n\u00e9rales\"\/> Je suis d\u2019accord avec les <a title=\"Conditions g\u00e9n\u00e9rales\" href=\"https:\/\/villa-perla.it\/cookie-privacy-policy\/\" target=\"_blank\">Conditions g\u00e9n\u00e9rales<\/a> et les <a title=\"Politique de confidentialit\u00e9\" href=\"https:\/\/villa-perla.it\/cookie-privacy-policy\/\" target=\"_blank\">Politique de confidentialit\u00e9<\/a><\/label><\/div>\n\t<style>\n\t\t.acym__subscription__form__header .acym__subscription__form__termscond,\n\t\t.acym__subscription__form__footer .acym__subscription__form__termscond{\n\t\t\tmax-width: 250px;\n\t\t}\n\n\t\t#acym_fulldiv_formAcym2 .acym__subscription__form__fields .acym__subscription__form__termscond input[type=\"checkbox\"]{\n\t\t\tmargin-top: 0 !important;\n\t\t}\n\t<\/style>\n\t<\/div>\n\t<style>\n\t\t#acym_fulldiv_formAcym2 .acym__subscription__form__fields{\n\t\t\tdisplay: flex;\n\t\t\tjustify-content: center;\n\t\t\talign-items: center\n\t\t}\n\n\t\t#acym_fulldiv_formAcym2 .acym__subscription__form__fields > *{\n\t\t\tmargin: 10px auto !important;\n\t\t}\n\n\t\t#acym_fulldiv_formAcym2 .acym__subscription__form__fields .onefield{\n\t\t\twidth: 100%;\n\t\t\tbox-sizing: border-box\n\t\t}\n\n\t\t#acym_fulldiv_formAcym2 .acym__subscription__form__fields .onefield input:not([type=\"radio\"]):not([type=\"checkbox\"]):not([type=\"hidden\"]),\n\t\t#acym_fulldiv_formAcym2 .acym__subscription__form__fields .onefield select,\n\t\t#acym_fulldiv_formAcym2 .acym__subscription__form__fields .onefield textarea{\n\t\t\tdisplay: block;\n\t\t\twidth: 65%;\n\t\t\tmargin-left: auto;\n\t\t\tmargin-right: auto;\n\t\t\tmargin-bottom: 1rem;\n\t\t\tbox-sizing: border-box\n\t\t}\n\n\t\t@media screen and (max-width: 768px){\n\t\t\t#acym_fulldiv_formAcym2 .acym__subscription__form__fields .onefield input:not([type=\"radio\"]):not([type=\"checkbox\"]):not([type=\"hidden\"]),\n\t\t\t#acym_fulldiv_formAcym2 .acym__subscription__form__fields .onefield select,\n\t\t\t#acym_fulldiv_formAcym2 .acym__subscription__form__fields .onefield textarea{\n\t\t\t\twidth: 100%\n\t\t\t}\n\t\t}\n\t<\/style>\n<\/div>\n<div class=\"acym__subscription__form__button\">\n    \t<button type=\"submit\">\n        Abonnement\t<\/button>\n\t<style>\n\t\t#acym_fulldiv_formAcym2 .acym__subscription__form__button{\n\t\t\tdisplay: flex;\n\t\t\tjustify-content: center;\n\t\t\talign-items: center\n\t\t}\n\n\t\t#acym_fulldiv_formAcym2 .acym__subscription__form__button button{\n\t\t\tbackground-color: #000000;\n\t\t\tcolor: #ffffff;\n\t\t\tborder-width: 0px;\n\t\t\tborder-style: solid;\n\t\t\tborder-color: #000000;\n\t\t\tborder-radius: 0px;\n\t\t\tpadding: 10px 20px;\n\t\t}\n\t<\/style>\n<\/div>\n<input type=\"hidden\" name=\"ctrl\" value=\"frontusers\" \/>\n<input type=\"hidden\" name=\"task\" value=\"notask\" \/>\n<input type=\"hidden\" name=\"page\" value=\"acymailing_front\" \/>\n<input type=\"hidden\" name=\"option\" value=\"acymailing\" \/>\n<input type=\"hidden\" name=\"acy_source\" value=\"Form ID 2\">\n<input type=\"hidden\" name=\"acyformname\" value=\"formAcym2\">\n<input type=\"hidden\" name=\"acymformtype\" value=\"shortcode\">\n<input type=\"hidden\" name=\"acysubmode\" value=\"form_acym\">\n\n<input type=\"hidden\" name=\"redirect\" value=\"https:\/\/villa-perla.it\/blog\/\">\n<input type=\"hidden\" name=\"ajax\" value=\"0\">\n<input type=\"hidden\"\n\t   name=\"confirmation_message\"\n\t   value=\"Thanks a lot for subscribing to our newsletter! We will not spam your inbox!\">\n\t<\/form>\n<\/div>\n<style>\n\t#acym_fulldiv_formAcym2.acym__subscription__form__shortcode{\n\t\theight: 300px;\n\t\tmax-width: 400px;\n\t\tbackground-color: #ffffff;\n\t\tcolor: #000000 !important;\n\t\tpadding: .5rem;\n\t\ttext-align: center;\n\t\tdisplay: flex;\n\t\tjustify-content: center;\n\t\talign-items: center;\n\t\tmargin: 1rem auto;\n\t}\n\n\t#acym_fulldiv_formAcym2.acym__subscription__form__shortcode .responseContainer{\n\t\tmargin-bottom: 0 !important;\n\t\tpadding: .4rem !important;\n\t}\n\n\t#acym_fulldiv_formAcym2.acym__subscription__form__shortcode #formAcym2{\n\t\tmargin: 0;\n\t}\n\n\t#acym_fulldiv_formAcym2.acym__subscription__form__shortcode .acym__subscription__form__fields, #acym_fulldiv_formAcym2.acym__subscription__form__shortcode .acym__subscription__form__button{\n\t\tdisplay: block;\n\t\twidth: 100%;\n\t\tmargin: 1rem 0 !important;\n\t}\n\n\t#acym_fulldiv_formAcym2.acym__subscription__form__shortcode .acym__subscription__form__fields .acym__subscription__form__lists{\n\t\tdisplay: block;\n\t\twidth: 100%;\n\t\tmargin: 1rem 10px !important;\n\t}\n\n\t#acym_fulldiv_formAcym2.acym__subscription__form__shortcode .acym__subscription__form__fields > *:not(style){\n\t\tdisplay: block;\n\t}\n\n\t<\/style>\n<\/div>\n\t\t\t\t\t\t<\/div>\n\t\t\t\t<\/div>\n\t\t\t\t\t<\/div>\n\t\t<\/div>\n\t\t\t\t\t<\/div>\n\t\t<\/section>\n\t\t\t\t\t<\/div>\n\t\t<\/div>\n\t\t\t\t\t<\/div>\n\t\t<\/section>\n\t\t\t\t<section class=\"elementor-section elementor-top-section elementor-element elementor-element-7450063 elementor-section-boxed elementor-section-height-default elementor-section-height-default\" data-id=\"7450063\" data-element_type=\"section\" data-e-type=\"section\" data-settings=\"{&quot;jet_parallax_layout_list&quot;:[]}\">\n\t\t\t\t\t\t<div class=\"elementor-container elementor-column-gap-default\">\n\t\t\t\t\t<div class=\"elementor-column elementor-col-100 elementor-top-column elementor-element elementor-element-9bec65b\" data-id=\"9bec65b\" data-element_type=\"column\" data-e-type=\"column\">\n\t\t\t<div class=\"elementor-widget-wrap elementor-element-populated\">\n\t\t\t\t\t\t<div class=\"elementor-element elementor-element-8334a57 elementor-widget-divider--view-line_icon elementor-view-default elementor-widget-divider--element-align-center elementor-widget elementor-widget-divider\" data-id=\"8334a57\" data-element_type=\"widget\" data-e-type=\"widget\" data-widget_type=\"divider.default\">\n\t\t\t\t<div class=\"elementor-widget-container\">\n\t\t\t\t\t\t\t<div class=\"elementor-divider\">\n\t\t\t<span class=\"elementor-divider-separator\">\n\t\t\t\t\t\t\t<div class=\"elementor-icon elementor-divider__element\">\n\t\t\t\t\t<\/div>\n\t\t\t\t\t\t<\/span>\n\t\t<\/div>\n\t\t\t\t\t\t<\/div>\n\t\t\t\t<\/div>\n\t\t\t\t\t<\/div>\n\t\t<\/div>\n\t\t\t\t\t<\/div>\n\t\t<\/section>\n\t\t\t\t<\/div>\n\t\t","protected":false},"excerpt":{"rendered":"<p>La r\u00e9gion de Villa Perla, dans le Pi\u00e9mont, regorge de sites uniques class\u00e9s au patrimoine mondial de l&rsquo;UNESCO, de villages charmants et de paysages \u00e9poustouflants&#8230;<\/p>\n","protected":false},"author":5,"featured_media":15390,"comment_status":"closed","ping_status":"closed","sticky":false,"template":"elementor_header_footer","format":"standard","meta":{"_angie_page":false,"page_builder":"","footnotes":""},"categories":[200],"tags":[165],"class_list":["post-15501","post","type-post","status-publish","format-standard","has-post-thumbnail","hentry","category-a-faire","tag-to-do-fr"],"yoast_head":"<!-- This site is optimized with the Yoast SEO plugin v27.5 - https:\/\/yoast.com\/product\/yoast-seo-wordpress\/ -->\n<title>Villa Perla excursion 1 : Neive, Alba, Barolo, Canelli - Villa Perla | Langhe - Monferrato<\/title>\n<meta name=\"description\" content=\"La r\u00e9gion de Villa Perla, dans le Pi\u00e9mont, regorge de sites uniques class\u00e9s au patrimoine mondial de l&#039;UNESCO, de villages charmants et de paysages \u00e9poustouflants...\" \/>\n<meta name=\"robots\" content=\"index, follow, max-snippet:-1, max-image-preview:large, max-video-preview:-1\" \/>\n<link rel=\"canonical\" href=\"https:\/\/villa-perla.it\/fr\/villa-perla-daytrip-1-neive-alba-barolo-canelli\/\" \/>\n<meta property=\"og:locale\" content=\"fr_FR\" \/>\n<meta property=\"og:type\" content=\"article\" \/>\n<meta property=\"og:title\" content=\"villa-perla-piemonte-excursion-jour-1-neive-alba-barolo-canelli\" \/>\n<meta property=\"og:description\" content=\"La r\u00e9gion de Villa Perla, dans le Pi\u00e9mont, regorge de sites uniques class\u00e9s au patrimoine mondial de l&#039;UNESCO, de villages charmants et de paysages \u00e9poustouflants...\" \/>\n<meta property=\"og:url\" content=\"https:\/\/villa-perla.it\/fr\/villa-perla-daytrip-1-neive-alba-barolo-canelli\/\" \/>\n<meta property=\"og:site_name\" content=\"Villa Perla | Langhe - Monferrato\" \/>\n<meta property=\"article:publisher\" content=\"https:\/\/www.facebook.com\/villaperla.piemonte\" \/>\n<meta property=\"article:published_time\" content=\"2024-08-13T08:01:25+00:00\" \/>\n<meta property=\"article:modified_time\" content=\"2026-03-11T10:00:22+00:00\" \/>\n<meta property=\"og:image\" content=\"https:\/\/villa-perla.it\/wp-content\/uploads\/2024\/08\/Villa-Perla-Daytrip-1-Neive-Alba-Barolla-Canelli-2-1024x576.jpg\" \/>\n<meta name=\"author\" content=\"Benny\" \/>\n<meta name=\"twitter:card\" content=\"summary_large_image\" \/>\n<meta name=\"twitter:title\" content=\"villa-perla-piemonte-excursion-jour-1-neive-alba-barolo-canelli\" \/>\n<meta name=\"twitter:description\" content=\"La r\u00e9gion de Villa Perla, dans le Pi\u00e9mont, regorge de sites uniques class\u00e9s au patrimoine mondial de l&#039;UNESCO, de villages charmants et de paysages \u00e9poustouflants...\" \/>\n<meta name=\"twitter:image\" content=\"https:\/\/villa-perla.it\/wp-content\/uploads\/2024\/08\/Villa-Perla-Daytrip-1-Neive-Alba-Barolla-Canelli-2-1024x576.jpg\" \/>\n<meta name=\"twitter:label1\" content=\"\u00c9crit par\" \/>\n\t<meta name=\"twitter:data1\" content=\"Benny\" \/>\n\t<meta name=\"twitter:label2\" content=\"Dur\u00e9e de lecture estim\u00e9e\" \/>\n\t<meta name=\"twitter:data2\" content=\"6 minutes\" \/>\n<script type=\"application\/ld+json\" class=\"yoast-schema-graph\">{\"@context\":\"https:\\\/\\\/schema.org\",\"@graph\":[{\"@type\":\"Article\",\"@id\":\"https:\\\/\\\/villa-perla.it\\\/fr\\\/villa-perla-daytrip-1-neive-alba-barolo-canelli\\\/#article\",\"isPartOf\":{\"@id\":\"https:\\\/\\\/villa-perla.it\\\/fr\\\/villa-perla-daytrip-1-neive-alba-barolo-canelli\\\/\"},\"author\":{\"name\":\"Benny\",\"@id\":\"https:\\\/\\\/villa-perla.it\\\/fr\\\/#\\\/schema\\\/person\\\/50b32b6cf17bc1cd8759ed65996c029a\"},\"headline\":\"Villa Perla excursion 1 : Neive, Alba, Barolo, Canelli\",\"datePublished\":\"2024-08-13T08:01:25+00:00\",\"dateModified\":\"2026-03-11T10:00:22+00:00\",\"mainEntityOfPage\":{\"@id\":\"https:\\\/\\\/villa-perla.it\\\/fr\\\/villa-perla-daytrip-1-neive-alba-barolo-canelli\\\/\"},\"wordCount\":1279,\"publisher\":{\"@id\":\"https:\\\/\\\/villa-perla.it\\\/fr\\\/#organization\"},\"image\":{\"@id\":\"https:\\\/\\\/villa-perla.it\\\/fr\\\/villa-perla-daytrip-1-neive-alba-barolo-canelli\\\/#primaryimage\"},\"thumbnailUrl\":\"https:\\\/\\\/villa-perla.it\\\/wp-content\\\/uploads\\\/2024\\\/08\\\/villa-perla-piemonte-daytrip-neive-art-featured.webp\",\"keywords\":[\"TO DO\"],\"articleSection\":[\"\u00c0 FAIRE\"],\"inLanguage\":\"fr-FR\"},{\"@type\":\"WebPage\",\"@id\":\"https:\\\/\\\/villa-perla.it\\\/fr\\\/villa-perla-daytrip-1-neive-alba-barolo-canelli\\\/\",\"url\":\"https:\\\/\\\/villa-perla.it\\\/fr\\\/villa-perla-daytrip-1-neive-alba-barolo-canelli\\\/\",\"name\":\"Villa Perla excursion 1 : Neive, Alba, Barolo, Canelli - Villa Perla | Langhe - Monferrato\",\"isPartOf\":{\"@id\":\"https:\\\/\\\/villa-perla.it\\\/fr\\\/#website\"},\"primaryImageOfPage\":{\"@id\":\"https:\\\/\\\/villa-perla.it\\\/fr\\\/villa-perla-daytrip-1-neive-alba-barolo-canelli\\\/#primaryimage\"},\"image\":{\"@id\":\"https:\\\/\\\/villa-perla.it\\\/fr\\\/villa-perla-daytrip-1-neive-alba-barolo-canelli\\\/#primaryimage\"},\"thumbnailUrl\":\"https:\\\/\\\/villa-perla.it\\\/wp-content\\\/uploads\\\/2024\\\/08\\\/villa-perla-piemonte-daytrip-neive-art-featured.webp\",\"datePublished\":\"2024-08-13T08:01:25+00:00\",\"dateModified\":\"2026-03-11T10:00:22+00:00\",\"description\":\"La r\u00e9gion de Villa Perla, dans le Pi\u00e9mont, regorge de sites uniques class\u00e9s au patrimoine mondial de l'UNESCO, de villages charmants et de paysages \u00e9poustouflants...\",\"breadcrumb\":{\"@id\":\"https:\\\/\\\/villa-perla.it\\\/fr\\\/villa-perla-daytrip-1-neive-alba-barolo-canelli\\\/#breadcrumb\"},\"inLanguage\":\"fr-FR\",\"potentialAction\":[{\"@type\":\"ReadAction\",\"target\":[\"https:\\\/\\\/villa-perla.it\\\/fr\\\/villa-perla-daytrip-1-neive-alba-barolo-canelli\\\/\"]}]},{\"@type\":\"ImageObject\",\"inLanguage\":\"fr-FR\",\"@id\":\"https:\\\/\\\/villa-perla.it\\\/fr\\\/villa-perla-daytrip-1-neive-alba-barolo-canelli\\\/#primaryimage\",\"url\":\"https:\\\/\\\/villa-perla.it\\\/wp-content\\\/uploads\\\/2024\\\/08\\\/villa-perla-piemonte-daytrip-neive-art-featured.webp\",\"contentUrl\":\"https:\\\/\\\/villa-perla.it\\\/wp-content\\\/uploads\\\/2024\\\/08\\\/villa-perla-piemonte-daytrip-neive-art-featured.webp\",\"width\":2298,\"height\":1968},{\"@type\":\"BreadcrumbList\",\"@id\":\"https:\\\/\\\/villa-perla.it\\\/fr\\\/villa-perla-daytrip-1-neive-alba-barolo-canelli\\\/#breadcrumb\",\"itemListElement\":[{\"@type\":\"ListItem\",\"position\":1,\"name\":\"Home\",\"item\":\"https:\\\/\\\/villa-perla.it\\\/fr\\\/\"},{\"@type\":\"ListItem\",\"position\":2,\"name\":\"Villa Perla excursion 1 : Neive, Alba, Barolo, Canelli\"}]},{\"@type\":\"WebSite\",\"@id\":\"https:\\\/\\\/villa-perla.it\\\/fr\\\/#website\",\"url\":\"https:\\\/\\\/villa-perla.it\\\/fr\\\/\",\"name\":\"Villa Perla | Langhe - Monferrato\",\"description\":\"Your private holiday house in Piemonte\",\"publisher\":{\"@id\":\"https:\\\/\\\/villa-perla.it\\\/fr\\\/#organization\"},\"alternateName\":\"Villa Perla |\",\"potentialAction\":[{\"@type\":\"SearchAction\",\"target\":{\"@type\":\"EntryPoint\",\"urlTemplate\":\"https:\\\/\\\/villa-perla.it\\\/fr\\\/?s={search_term_string}\"},\"query-input\":{\"@type\":\"PropertyValueSpecification\",\"valueRequired\":true,\"valueName\":\"search_term_string\"}}],\"inLanguage\":\"fr-FR\"},{\"@type\":\"Organization\",\"@id\":\"https:\\\/\\\/villa-perla.it\\\/fr\\\/#organization\",\"name\":\"Villa Perla Piemonte\",\"alternateName\":\"Villa Perla Piemonte\",\"url\":\"https:\\\/\\\/villa-perla.it\\\/fr\\\/\",\"logo\":{\"@type\":\"ImageObject\",\"inLanguage\":\"fr-FR\",\"@id\":\"https:\\\/\\\/villa-perla.it\\\/fr\\\/#\\\/schema\\\/logo\\\/image\\\/\",\"url\":\"https:\\\/\\\/villa-perla.it\\\/wp-content\\\/uploads\\\/2021\\\/11\\\/villa-perla-piemone-logo-transparant-400-x-100-px.svg\",\"contentUrl\":\"https:\\\/\\\/villa-perla.it\\\/wp-content\\\/uploads\\\/2021\\\/11\\\/villa-perla-piemone-logo-transparant-400-x-100-px.svg\",\"caption\":\"Villa Perla Piemonte\"},\"image\":{\"@id\":\"https:\\\/\\\/villa-perla.it\\\/fr\\\/#\\\/schema\\\/logo\\\/image\\\/\"},\"sameAs\":[\"https:\\\/\\\/www.facebook.com\\\/villaperla.piemonte\",\"https:\\\/\\\/www.instagram.com\\\/villaperla_piemonte\"]},{\"@type\":\"Person\",\"@id\":\"https:\\\/\\\/villa-perla.it\\\/fr\\\/#\\\/schema\\\/person\\\/50b32b6cf17bc1cd8759ed65996c029a\",\"name\":\"Benny\",\"image\":{\"@type\":\"ImageObject\",\"inLanguage\":\"fr-FR\",\"@id\":\"https:\\\/\\\/secure.gravatar.com\\\/avatar\\\/8bf9ac5b4d9ade86173c485647bdda279bf9bdd5088a0fdc4cefeb2f82d5588c?s=96&d=mm&r=g\",\"url\":\"https:\\\/\\\/secure.gravatar.com\\\/avatar\\\/8bf9ac5b4d9ade86173c485647bdda279bf9bdd5088a0fdc4cefeb2f82d5588c?s=96&d=mm&r=g\",\"contentUrl\":\"https:\\\/\\\/secure.gravatar.com\\\/avatar\\\/8bf9ac5b4d9ade86173c485647bdda279bf9bdd5088a0fdc4cefeb2f82d5588c?s=96&d=mm&r=g\",\"caption\":\"Benny\"},\"url\":\"https:\\\/\\\/villa-perla.it\\\/fr\\\/author\\\/benny\\\/\"}]}<\/script>\n<!-- \/ Yoast SEO plugin. -->","yoast_head_json":{"title":"Villa Perla excursion 1 : Neive, Alba, Barolo, Canelli - Villa Perla | Langhe - Monferrato","description":"La r\u00e9gion de Villa Perla, dans le Pi\u00e9mont, regorge de sites uniques class\u00e9s au patrimoine mondial de l'UNESCO, de villages charmants et de paysages \u00e9poustouflants...","robots":{"index":"index","follow":"follow","max-snippet":"max-snippet:-1","max-image-preview":"max-image-preview:large","max-video-preview":"max-video-preview:-1"},"canonical":"https:\/\/villa-perla.it\/fr\/villa-perla-daytrip-1-neive-alba-barolo-canelli\/","og_locale":"fr_FR","og_type":"article","og_title":"villa-perla-piemonte-excursion-jour-1-neive-alba-barolo-canelli","og_description":"La r\u00e9gion de Villa Perla, dans le Pi\u00e9mont, regorge de sites uniques class\u00e9s au patrimoine mondial de l'UNESCO, de villages charmants et de paysages \u00e9poustouflants...","og_url":"https:\/\/villa-perla.it\/fr\/villa-perla-daytrip-1-neive-alba-barolo-canelli\/","og_site_name":"Villa Perla | Langhe - Monferrato","article_publisher":"https:\/\/www.facebook.com\/villaperla.piemonte","article_published_time":"2024-08-13T08:01:25+00:00","article_modified_time":"2026-03-11T10:00:22+00:00","og_image":[{"url":"https:\/\/villa-perla.it\/wp-content\/uploads\/2024\/08\/Villa-Perla-Daytrip-1-Neive-Alba-Barolla-Canelli-2-1024x576.jpg","type":"","width":"","height":""}],"author":"Benny","twitter_card":"summary_large_image","twitter_title":"villa-perla-piemonte-excursion-jour-1-neive-alba-barolo-canelli","twitter_description":"La r\u00e9gion de Villa Perla, dans le Pi\u00e9mont, regorge de sites uniques class\u00e9s au patrimoine mondial de l'UNESCO, de villages charmants et de paysages \u00e9poustouflants...","twitter_image":"https:\/\/villa-perla.it\/wp-content\/uploads\/2024\/08\/Villa-Perla-Daytrip-1-Neive-Alba-Barolla-Canelli-2-1024x576.jpg","twitter_misc":{"\u00c9crit par":"Benny","Dur\u00e9e de lecture estim\u00e9e":"6 minutes"},"schema":{"@context":"https:\/\/schema.org","@graph":[{"@type":"Article","@id":"https:\/\/villa-perla.it\/fr\/villa-perla-daytrip-1-neive-alba-barolo-canelli\/#article","isPartOf":{"@id":"https:\/\/villa-perla.it\/fr\/villa-perla-daytrip-1-neive-alba-barolo-canelli\/"},"author":{"name":"Benny","@id":"https:\/\/villa-perla.it\/fr\/#\/schema\/person\/50b32b6cf17bc1cd8759ed65996c029a"},"headline":"Villa Perla excursion 1 : Neive, Alba, Barolo, Canelli","datePublished":"2024-08-13T08:01:25+00:00","dateModified":"2026-03-11T10:00:22+00:00","mainEntityOfPage":{"@id":"https:\/\/villa-perla.it\/fr\/villa-perla-daytrip-1-neive-alba-barolo-canelli\/"},"wordCount":1279,"publisher":{"@id":"https:\/\/villa-perla.it\/fr\/#organization"},"image":{"@id":"https:\/\/villa-perla.it\/fr\/villa-perla-daytrip-1-neive-alba-barolo-canelli\/#primaryimage"},"thumbnailUrl":"https:\/\/villa-perla.it\/wp-content\/uploads\/2024\/08\/villa-perla-piemonte-daytrip-neive-art-featured.webp","keywords":["TO DO"],"articleSection":["\u00c0 FAIRE"],"inLanguage":"fr-FR"},{"@type":"WebPage","@id":"https:\/\/villa-perla.it\/fr\/villa-perla-daytrip-1-neive-alba-barolo-canelli\/","url":"https:\/\/villa-perla.it\/fr\/villa-perla-daytrip-1-neive-alba-barolo-canelli\/","name":"Villa Perla excursion 1 : Neive, Alba, Barolo, Canelli - Villa Perla | Langhe - Monferrato","isPartOf":{"@id":"https:\/\/villa-perla.it\/fr\/#website"},"primaryImageOfPage":{"@id":"https:\/\/villa-perla.it\/fr\/villa-perla-daytrip-1-neive-alba-barolo-canelli\/#primaryimage"},"image":{"@id":"https:\/\/villa-perla.it\/fr\/villa-perla-daytrip-1-neive-alba-barolo-canelli\/#primaryimage"},"thumbnailUrl":"https:\/\/villa-perla.it\/wp-content\/uploads\/2024\/08\/villa-perla-piemonte-daytrip-neive-art-featured.webp","datePublished":"2024-08-13T08:01:25+00:00","dateModified":"2026-03-11T10:00:22+00:00","description":"La r\u00e9gion de Villa Perla, dans le Pi\u00e9mont, regorge de sites uniques class\u00e9s au patrimoine mondial de l'UNESCO, de villages charmants et de paysages \u00e9poustouflants...","breadcrumb":{"@id":"https:\/\/villa-perla.it\/fr\/villa-perla-daytrip-1-neive-alba-barolo-canelli\/#breadcrumb"},"inLanguage":"fr-FR","potentialAction":[{"@type":"ReadAction","target":["https:\/\/villa-perla.it\/fr\/villa-perla-daytrip-1-neive-alba-barolo-canelli\/"]}]},{"@type":"ImageObject","inLanguage":"fr-FR","@id":"https:\/\/villa-perla.it\/fr\/villa-perla-daytrip-1-neive-alba-barolo-canelli\/#primaryimage","url":"https:\/\/villa-perla.it\/wp-content\/uploads\/2024\/08\/villa-perla-piemonte-daytrip-neive-art-featured.webp","contentUrl":"https:\/\/villa-perla.it\/wp-content\/uploads\/2024\/08\/villa-perla-piemonte-daytrip-neive-art-featured.webp","width":2298,"height":1968},{"@type":"BreadcrumbList","@id":"https:\/\/villa-perla.it\/fr\/villa-perla-daytrip-1-neive-alba-barolo-canelli\/#breadcrumb","itemListElement":[{"@type":"ListItem","position":1,"name":"Home","item":"https:\/\/villa-perla.it\/fr\/"},{"@type":"ListItem","position":2,"name":"Villa Perla excursion 1 : Neive, Alba, Barolo, Canelli"}]},{"@type":"WebSite","@id":"https:\/\/villa-perla.it\/fr\/#website","url":"https:\/\/villa-perla.it\/fr\/","name":"Villa Perla | Langhe - Monferrato","description":"Your private holiday house in Piemonte","publisher":{"@id":"https:\/\/villa-perla.it\/fr\/#organization"},"alternateName":"Villa Perla |","potentialAction":[{"@type":"SearchAction","target":{"@type":"EntryPoint","urlTemplate":"https:\/\/villa-perla.it\/fr\/?s={search_term_string}"},"query-input":{"@type":"PropertyValueSpecification","valueRequired":true,"valueName":"search_term_string"}}],"inLanguage":"fr-FR"},{"@type":"Organization","@id":"https:\/\/villa-perla.it\/fr\/#organization","name":"Villa Perla Piemonte","alternateName":"Villa Perla Piemonte","url":"https:\/\/villa-perla.it\/fr\/","logo":{"@type":"ImageObject","inLanguage":"fr-FR","@id":"https:\/\/villa-perla.it\/fr\/#\/schema\/logo\/image\/","url":"https:\/\/villa-perla.it\/wp-content\/uploads\/2021\/11\/villa-perla-piemone-logo-transparant-400-x-100-px.svg","contentUrl":"https:\/\/villa-perla.it\/wp-content\/uploads\/2021\/11\/villa-perla-piemone-logo-transparant-400-x-100-px.svg","caption":"Villa Perla Piemonte"},"image":{"@id":"https:\/\/villa-perla.it\/fr\/#\/schema\/logo\/image\/"},"sameAs":["https:\/\/www.facebook.com\/villaperla.piemonte","https:\/\/www.instagram.com\/villaperla_piemonte"]},{"@type":"Person","@id":"https:\/\/villa-perla.it\/fr\/#\/schema\/person\/50b32b6cf17bc1cd8759ed65996c029a","name":"Benny","image":{"@type":"ImageObject","inLanguage":"fr-FR","@id":"https:\/\/secure.gravatar.com\/avatar\/8bf9ac5b4d9ade86173c485647bdda279bf9bdd5088a0fdc4cefeb2f82d5588c?s=96&d=mm&r=g","url":"https:\/\/secure.gravatar.com\/avatar\/8bf9ac5b4d9ade86173c485647bdda279bf9bdd5088a0fdc4cefeb2f82d5588c?s=96&d=mm&r=g","contentUrl":"https:\/\/secure.gravatar.com\/avatar\/8bf9ac5b4d9ade86173c485647bdda279bf9bdd5088a0fdc4cefeb2f82d5588c?s=96&d=mm&r=g","caption":"Benny"},"url":"https:\/\/villa-perla.it\/fr\/author\/benny\/"}]}},"_links":{"self":[{"href":"https:\/\/villa-perla.it\/fr\/wp-json\/wp\/v2\/posts\/15501","targetHints":{"allow":["GET"]}}],"collection":[{"href":"https:\/\/villa-perla.it\/fr\/wp-json\/wp\/v2\/posts"}],"about":[{"href":"https:\/\/villa-perla.it\/fr\/wp-json\/wp\/v2\/types\/post"}],"author":[{"embeddable":true,"href":"https:\/\/villa-perla.it\/fr\/wp-json\/wp\/v2\/users\/5"}],"replies":[{"embeddable":true,"href":"https:\/\/villa-perla.it\/fr\/wp-json\/wp\/v2\/comments?post=15501"}],"version-history":[{"count":2,"href":"https:\/\/villa-perla.it\/fr\/wp-json\/wp\/v2\/posts\/15501\/revisions"}],"predecessor-version":[{"id":19707,"href":"https:\/\/villa-perla.it\/fr\/wp-json\/wp\/v2\/posts\/15501\/revisions\/19707"}],"wp:featuredmedia":[{"embeddable":true,"href":"https:\/\/villa-perla.it\/fr\/wp-json\/wp\/v2\/media\/15390"}],"wp:attachment":[{"href":"https:\/\/villa-perla.it\/fr\/wp-json\/wp\/v2\/media?parent=15501"}],"wp:term":[{"taxonomy":"category","embeddable":true,"href":"https:\/\/villa-perla.it\/fr\/wp-json\/wp\/v2\/categories?post=15501"},{"taxonomy":"post_tag","embeddable":true,"href":"https:\/\/villa-perla.it\/fr\/wp-json\/wp\/v2\/tags?post=15501"}],"curies":[{"name":"wp","href":"https:\/\/api.w.org\/{rel}","templated":true}]}}