{"id":10710,"date":"2024-09-01T14:57:00","date_gmt":"2024-09-01T12:57:00","guid":{"rendered":"https:\/\/villa-perla.it\/what-to-do-around-villa-perla-piemonte-in-autumn\/"},"modified":"2024-09-02T09:53:12","modified_gmt":"2024-09-02T07:53:12","slug":"what-to-do-around-villa-perla-piemonte-in-autumn","status":"publish","type":"post","link":"https:\/\/villa-perla.it\/fr\/what-to-do-around-villa-perla-piemonte-in-autumn\/","title":{"rendered":"Que faire autour de Villa Perla Piemonte en automne ?"},"content":{"rendered":"\t\t<div data-elementor-type=\"wp-post\" data-elementor-id=\"10710\" class=\"elementor elementor-10710 elementor-8650\" data-elementor-post-type=\"post\">\n\t\t\t\t\t\t<section class=\"elementor-section elementor-top-section elementor-element elementor-element-2c22f9bc elementor-section-height-min-height elementor-section-content-middle elementor-section-boxed elementor-section-height-default elementor-section-items-middle\" data-id=\"2c22f9bc\" data-element_type=\"section\" data-e-type=\"section\" data-settings=\"{&quot;background_background&quot;:&quot;classic&quot;,&quot;jet_parallax_layout_list&quot;:[{&quot;_id&quot;:&quot;b571a24&quot;,&quot;jet_parallax_layout_image&quot;:{&quot;url&quot;:&quot;&quot;,&quot;id&quot;:&quot;&quot;,&quot;size&quot;:&quot;&quot;},&quot;jet_parallax_layout_image_tablet&quot;:{&quot;url&quot;:&quot;&quot;,&quot;id&quot;:&quot;&quot;,&quot;size&quot;:&quot;&quot;},&quot;jet_parallax_layout_image_mobile&quot;:{&quot;url&quot;:&quot;&quot;,&quot;id&quot;:&quot;&quot;,&quot;size&quot;:&quot;&quot;},&quot;jet_parallax_layout_speed&quot;:{&quot;unit&quot;:&quot;%&quot;,&quot;size&quot;:50,&quot;sizes&quot;:[]},&quot;jet_parallax_layout_type&quot;:&quot;scroll&quot;,&quot;jet_parallax_layout_direction&quot;:&quot;1&quot;,&quot;jet_parallax_layout_fx_direction&quot;:null,&quot;jet_parallax_layout_z_index&quot;:&quot;&quot;,&quot;jet_parallax_layout_bg_x&quot;:50,&quot;jet_parallax_layout_bg_x_tablet&quot;:&quot;&quot;,&quot;jet_parallax_layout_bg_x_mobile&quot;:&quot;&quot;,&quot;jet_parallax_layout_bg_y&quot;:50,&quot;jet_parallax_layout_bg_y_tablet&quot;:&quot;&quot;,&quot;jet_parallax_layout_bg_y_mobile&quot;:&quot;&quot;,&quot;jet_parallax_layout_bg_size&quot;:&quot;auto&quot;,&quot;jet_parallax_layout_bg_size_tablet&quot;:&quot;&quot;,&quot;jet_parallax_layout_bg_size_mobile&quot;:&quot;&quot;,&quot;jet_parallax_layout_animation_prop&quot;:&quot;transform&quot;,&quot;jet_parallax_layout_on&quot;:[&quot;desktop&quot;,&quot;tablet&quot;]}]}\">\n\t\t\t\t\t\t\t<div class=\"elementor-background-overlay\"><\/div>\n\t\t\t\t\t\t\t<div class=\"elementor-container elementor-column-gap-no\">\n\t\t\t\t\t<div class=\"elementor-column elementor-col-100 elementor-top-column elementor-element elementor-element-1014da85\" data-id=\"1014da85\" data-element_type=\"column\" data-e-type=\"column\">\n\t\t\t<div class=\"elementor-widget-wrap elementor-element-populated\">\n\t\t\t\t\t\t<div class=\"elementor-element elementor-element-87f645e elementor-widget elementor-widget-heading\" data-id=\"87f645e\" data-element_type=\"widget\" data-e-type=\"widget\" data-widget_type=\"heading.default\">\n\t\t\t\t<div class=\"elementor-widget-container\">\n\t\t\t\t\t<h1 class=\"elementor-heading-title elementor-size-default\">Why you should travel to Piemonte in autumn<\/h1>\t\t\t\t<\/div>\n\t\t\t\t<\/div>\n\t\t\t\t<div class=\"elementor-element elementor-element-65e8f78 elementor-widget elementor-widget-heading\" data-id=\"65e8f78\" data-element_type=\"widget\" data-e-type=\"widget\" data-widget_type=\"heading.default\">\n\t\t\t\t<div class=\"elementor-widget-container\">\n\t\t\t\t\t<h2 class=\"elementor-heading-title elementor-size-default\">Que faire autour de Villa Perla ?  <br>  en septembre, octobre et novembre ?<\/h2>\t\t\t\t<\/div>\n\t\t\t\t<\/div>\n\t\t\t\t\t<\/div>\n\t\t<\/div>\n\t\t\t\t\t<\/div>\n\t\t<\/section>\n\t\t\t\t<section class=\"elementor-section elementor-top-section elementor-element elementor-element-5216b95a elementor-section-boxed elementor-section-height-default elementor-section-height-default\" data-id=\"5216b95a\" data-element_type=\"section\" data-e-type=\"section\" data-settings=\"{&quot;jet_parallax_layout_list&quot;:[{&quot;_id&quot;:&quot;8b0c4e9&quot;,&quot;jet_parallax_layout_image&quot;:{&quot;url&quot;:&quot;&quot;,&quot;id&quot;:&quot;&quot;,&quot;size&quot;:&quot;&quot;},&quot;jet_parallax_layout_image_tablet&quot;:{&quot;url&quot;:&quot;&quot;,&quot;id&quot;:&quot;&quot;,&quot;size&quot;:&quot;&quot;},&quot;jet_parallax_layout_image_mobile&quot;:{&quot;url&quot;:&quot;&quot;,&quot;id&quot;:&quot;&quot;,&quot;size&quot;:&quot;&quot;},&quot;jet_parallax_layout_speed&quot;:{&quot;unit&quot;:&quot;%&quot;,&quot;size&quot;:50,&quot;sizes&quot;:[]},&quot;jet_parallax_layout_type&quot;:&quot;scroll&quot;,&quot;jet_parallax_layout_direction&quot;:&quot;1&quot;,&quot;jet_parallax_layout_fx_direction&quot;:null,&quot;jet_parallax_layout_z_index&quot;:&quot;&quot;,&quot;jet_parallax_layout_bg_x&quot;:50,&quot;jet_parallax_layout_bg_x_tablet&quot;:&quot;&quot;,&quot;jet_parallax_layout_bg_x_mobile&quot;:&quot;&quot;,&quot;jet_parallax_layout_bg_y&quot;:50,&quot;jet_parallax_layout_bg_y_tablet&quot;:&quot;&quot;,&quot;jet_parallax_layout_bg_y_mobile&quot;:&quot;&quot;,&quot;jet_parallax_layout_bg_size&quot;:&quot;auto&quot;,&quot;jet_parallax_layout_bg_size_tablet&quot;:&quot;&quot;,&quot;jet_parallax_layout_bg_size_mobile&quot;:&quot;&quot;,&quot;jet_parallax_layout_animation_prop&quot;:&quot;transform&quot;,&quot;jet_parallax_layout_on&quot;:[&quot;desktop&quot;,&quot;tablet&quot;]}]}\">\n\t\t\t\t\t\t<div class=\"elementor-container elementor-column-gap-default\">\n\t\t\t\t\t<div class=\"elementor-column elementor-col-50 elementor-top-column elementor-element elementor-element-2f6181f4\" data-id=\"2f6181f4\" data-element_type=\"column\" data-e-type=\"column\">\n\t\t\t<div class=\"elementor-widget-wrap elementor-element-populated\">\n\t\t\t\t\t\t<div class=\"elementor-element elementor-element-591aa44 elementor-widget elementor-widget-heading\" data-id=\"591aa44\" data-element_type=\"widget\" data-e-type=\"widget\" data-widget_type=\"heading.default\">\n\t\t\t\t<div class=\"elementor-widget-container\">\n\t\t\t\t\t<h2 class=\"elementor-heading-title elementor-size-default\">Encore plus de festivals, de nourriture, de vin et de ... Truffes !<\/h2>\t\t\t\t<\/div>\n\t\t\t\t<\/div>\n\t\t\t\t<div class=\"elementor-element elementor-element-d65b604 elementor-align-left elementor-widget elementor-widget-post-info\" data-id=\"d65b604\" data-element_type=\"widget\" data-e-type=\"widget\" data-widget_type=\"post-info.default\">\n\t\t\t\t<div class=\"elementor-widget-container\">\n\t\t\t\t\t\t\t<ul class=\"elementor-inline-items elementor-icon-list-items elementor-post-info\">\n\t\t\t\t\t\t\t\t<li class=\"elementor-icon-list-item elementor-repeater-item-618fd2e elementor-inline-item\" itemprop=\"datePublished\">\n\t\t\t\t\t\t<a href=\"https:\/\/villa-perla.it\/fr\/2024\/09\/01\/\">\n\t\t\t\t\t\t\t\t\t\t\t<span class=\"elementor-icon-list-icon\">\n\t\t\t\t\t\t\t\t<svg aria-hidden=\"true\" class=\"e-font-icon-svg e-fas-calendar\" viewBox=\"0 0 448 512\" xmlns=\"http:\/\/www.w3.org\/2000\/svg\"><path d=\"M12 192h424c6.6 0 12 5.4 12 12v260c0 26.5-21.5 48-48 48H48c-26.5 0-48-21.5-48-48V204c0-6.6 5.4-12 12-12zm436-44v-36c0-26.5-21.5-48-48-48h-48V12c0-6.6-5.4-12-12-12h-40c-6.6 0-12 5.4-12 12v52H160V12c0-6.6-5.4-12-12-12h-40c-6.6 0-12 5.4-12 12v52H48C21.5 64 0 85.5 0 112v36c0 6.6 5.4 12 12 12h424c6.6 0 12-5.4 12-12z\"><\/path><\/svg>\t\t\t\t\t\t\t<\/span>\n\t\t\t\t\t\t\t\t\t<span class=\"elementor-icon-list-text elementor-post-info__item elementor-post-info__item--type-date\">\n\t\t\t\t\t\t\t\t\t\t<time>septembre 1, 2024<\/time>\t\t\t\t\t<\/span>\n\t\t\t\t\t\t\t\t\t<\/a>\n\t\t\t\t<\/li>\n\t\t\t\t<\/ul>\n\t\t\t\t\t\t<\/div>\n\t\t\t\t<\/div>\n\t\t\t\t<div class=\"elementor-element elementor-element-726a9aa elementor-widget elementor-widget-text-editor\" data-id=\"726a9aa\" data-element_type=\"widget\" data-e-type=\"widget\" data-widget_type=\"text-editor.default\">\n\t\t\t\t<div class=\"elementor-widget-container\">\n\t\t\t\t\t\t\t\t\t<p><strong>L&rsquo;automne, c&rsquo;est-\u00e0-dire les mois de septembre, octobre et novembre, est en fait la saison la plus active de toute l&rsquo;ann\u00e9e dans le Pi\u00e9mont.  <\/strong><\/p>\n<p><strong>Il ne s&rsquo;agit pas du \u00ab\u00a0tourisme classique\u00a0\u00bb tel que nous le connaissons dans la plupart des autres destinations de vacances. Oh non&#8230; \ud83d\ude09 ! Il est beaucoup plus sophistiqu\u00e9 en raison de toutes les festivit\u00e9s exclusives li\u00e9es au vin et aux truffes. Cela devrait absolument figurer sur votre liste de choses \u00e0 faire (en mati\u00e8re de vin) ! Les paysages vous \u00e9tonneront, tout comme l&rsquo;effervescence autour de la vendemmia ou des vendanges.<\/strong><\/p>\n<p><strong>  Sachez qu&rsquo;il vous faudra r\u00e9server votre h\u00e9bergement et vos restaurants bien \u00e0 l&rsquo;avance, car de nombreux hommes d&rsquo;affaires se d\u00e9placent \u00e0 l&rsquo;occasion de ces foires.&nbsp;<\/strong><\/p>\t\t\t\t\t\t\t\t<\/div>\n\t\t\t\t<\/div>\n\t\t\t\t<div class=\"elementor-element elementor-element-3e28db1 elementor-widget elementor-widget-heading\" data-id=\"3e28db1\" data-element_type=\"widget\" data-e-type=\"widget\" data-widget_type=\"heading.default\">\n\t\t\t\t<div class=\"elementor-widget-container\">\n\t\t\t\t\t<h3 class=\"elementor-heading-title elementor-size-default\">Festivals<\/h3>\t\t\t\t<\/div>\n\t\t\t\t<\/div>\n\t\t\t\t<div class=\"elementor-element elementor-element-8e34912 elementor-widget elementor-widget-text-editor\" data-id=\"8e34912\" data-element_type=\"widget\" data-e-type=\"widget\" data-widget_type=\"text-editor.default\">\n\t\t\t\t<div class=\"elementor-widget-container\">\n\t\t\t\t\t\t\t\t\t<h3>Septembre :<\/h3>\n<p><strong><a href=\"http:\/\/www.doujador.it\/douja-dor-english\/\" target=\"_blank\" rel=\"noopener\">Douja d&rsquo;Or<\/a> <\/strong>&#8211; <strong>ASTI<\/strong> &#8211; Salon national des vins s\u00e9lectionn\u00e9s depuis 1967&#8230; ou le Concours national des vins de la Chambre de commerce d&rsquo;Asti. Dans la ville, vous trouverez de nombreuses activit\u00e9s li\u00e9es \u00e0 cet \u00e9v\u00e9nement annuel. Si vous \u00eates amateur de gastronomie, de vin, d&rsquo;art et de voyages culturels en g\u00e9n\u00e9ral, vous devriez certainement envisager un s\u00e9jour dans la r\u00e9gion au cours des deuxi\u00e8me et troisi\u00e8me semaines de septembre et visiter Asti.<\/p>\n<p><a href=\"https:\/\/paliodiasti.com\/\" target=\"_blank\" rel=\"noopener\"><strong>Palio di Asti<\/strong><\/a> &#8211; <strong>ASTI <\/strong> &#8211; A famous horse race in the center of the city that even has a longer history than the famous version of Siena! En 2023, cet \u00e9v\u00e9nement aura lieu le week-end du dimanche 1er septembre 2024.<\/p>\n<p><a href=\"https:\/\/www.italia.it\/it\/piemonte\/cuneo\/cosa-fare\/evento-cheese-2023-bra\" target=\"_blank\" rel=\"noopener\"><strong>Fromage<\/strong><\/a> &#8211; <b>BRA <\/b>&#8211; La f\u00eate de la saucisse, du fromage, du pain et du riz de Bra, pr\u00e9vue du 19 au 22 septembre 2024.<\/p>\n<p><a href=\"https:\/\/www.canellieventi.it\/eventi\/canelli-citta-del-vino\/\" target=\"_blank\" rel=\"noopener\"><strong>Canelli Citt\u00e0 Del Vino<\/strong><\/a> &#8211; <b>Canelli <\/b>&#8211; 21 &amp; 22 septembre 2024. D\u00e9gustations, Masterclass, Nourriture, Musique &amp; Festa, Art. Le tout dans le magnifique village de Canelli, \u00e0 15 minutes en voiture de la Villa Perla. <\/p><\/p>\n\t\t\t\t\t\t\t\t<\/div>\n\t\t\t\t<\/div>\n\t\t\t\t<div class=\"elementor-element elementor-element-e84db60 gallery-spacing-custom elementor-widget elementor-widget-image-gallery\" data-id=\"e84db60\" data-element_type=\"widget\" data-e-type=\"widget\" data-widget_type=\"image-gallery.default\">\n\t\t\t\t<div class=\"elementor-widget-container\">\n\t\t\t\t\t\t\t<div class=\"elementor-image-gallery\">\n\t\t\t<div id='gallery-1' class='gallery galleryid-10710 gallery-columns-2 gallery-size-full'><figure class='gallery-item'>\n\t\t\t<div class='gallery-icon landscape'>\n\t\t\t\t<a data-elementor-open-lightbox=\"yes\" data-elementor-lightbox-slideshow=\"e84db60\" data-elementor-lightbox-title=\"villa-perla-piemonte-what-to-do-in-autumn\" data-elementor-lightbox-description=\"View from our garden @villa perla in autumn\" data-e-action-hash=\"#elementor-action%3Aaction%3Dlightbox%26settings%3DeyJpZCI6MTA0NDMsInVybCI6Imh0dHBzOlwvXC92aWxsYS1wZXJsYS5pdFwvd3AtY29udGVudFwvdXBsb2Fkc1wvMjAyM1wvMDNcL3ZpbGxhLXBlcmxhLXBpZW1vbnRlLXdoYXQtdG8tZG8taW4tYXV0dW1uLXNjYWxlZC53ZWJwIiwic2xpZGVzaG93IjoiZTg0ZGI2MCJ9\" href='https:\/\/villa-perla.it\/wp-content\/uploads\/2023\/03\/villa-perla-piemonte-what-to-do-in-autumn-scaled.webp'><img fetchpriority=\"high\" decoding=\"async\" width=\"2560\" height=\"1920\" src=\"https:\/\/villa-perla.it\/wp-content\/uploads\/2023\/03\/villa-perla-piemonte-what-to-do-in-autumn-scaled.webp\" class=\"attachment-full size-full\" alt=\"\" aria-describedby=\"gallery-1-10443\" \/><\/a>\n\t\t\t<\/div>\n\t\t\t\t<figcaption class='wp-caption-text gallery-caption' id='gallery-1-10443'>\n\t\t\t\tView from our garden @villa perla in autumn\n\t\t\t\t<\/figcaption><\/figure><figure class='gallery-item'>\n\t\t\t<div class='gallery-icon landscape'>\n\t\t\t\t<a data-elementor-open-lightbox=\"yes\" data-elementor-lightbox-slideshow=\"e84db60\" data-elementor-lightbox-title=\"Villa-perla-piemonte-what-to-do-in-autumn-002\" data-elementor-lightbox-description=\"View from our garden @villa perla in autumn towards calosso\" data-e-action-hash=\"#elementor-action%3Aaction%3Dlightbox%26settings%3DeyJpZCI6MTA1NTUsInVybCI6Imh0dHBzOlwvXC92aWxsYS1wZXJsYS5pdFwvd3AtY29udGVudFwvdXBsb2Fkc1wvMjAyM1wvMDNcL1ZpbGxhLXBlcmxhLXBpZW1vbnRlLXdoYXQtdG8tZG8taW4tYXV0dW1uLTAwMi1zY2FsZWQud2VicCIsInNsaWRlc2hvdyI6ImU4NGRiNjAifQ%3D%3D\" href='https:\/\/villa-perla.it\/wp-content\/uploads\/2023\/03\/Villa-perla-piemonte-what-to-do-in-autumn-002-scaled.webp'><img decoding=\"async\" width=\"2560\" height=\"1920\" src=\"https:\/\/villa-perla.it\/wp-content\/uploads\/2023\/03\/Villa-perla-piemonte-what-to-do-in-autumn-002-scaled.webp\" class=\"attachment-full size-full\" alt=\"\" aria-describedby=\"gallery-1-10555\" \/><\/a>\n\t\t\t<\/div>\n\t\t\t\t<figcaption class='wp-caption-text gallery-caption' id='gallery-1-10555'>\n\t\t\t\tView from our garden @villa perla in autumn towards calosso\n\t\t\t\t<\/figcaption><\/figure>\n\t\t<\/div>\n\t\t<\/div>\n\t\t\t\t\t\t<\/div>\n\t\t\t\t<\/div>\n\t\t\t\t<div class=\"elementor-element elementor-element-fe35339 elementor-widget elementor-widget-text-editor\" data-id=\"fe35339\" data-element_type=\"widget\" data-e-type=\"widget\" data-widget_type=\"text-editor.default\">\n\t\t\t\t<div class=\"elementor-widget-container\">\n\t\t\t\t\t\t\t\t\t<h3>October:<\/h3>\n<p><strong><a title=\"Commune di NeiveNeive\" href=\"http:\/\/www.comune.neive.cn.it\/it\/#\" target=\"_blank\" rel=\"noopener noreferrer\">Neive Vino e&#8230;&#8230;.<\/a><\/strong> &#8211; <strong> NEIVE<\/strong> &#8211; Passer du temps dans ce charmant village situ\u00e9 au sommet d&rsquo;une colline est m\u00e9morable. Encore plus au d\u00e9but du mois d&rsquo;octobre, alors qu&rsquo;ils c\u00e9l\u00e8brent les vins de Neive. Il y a m\u00eame une petite aire de jeux \u00e0 c\u00f4t\u00e9 de l&rsquo;une des terrasses ;-). Neive, c&rsquo;est toujours la gastronomie et le vin locaux, et pendant cette p\u00e9riode, vous pouvez en profiter avec de la musique live et de l&rsquo;art et de l&rsquo;artisanat. Il se trouve \u00e0 environ 15 minutes en voiture de la Villa Perla et dispose de suffisamment d&rsquo;espace de stationnement.<\/p>\n<p>La foire internationale de la truffe blanche<strong><a href=\"https:\/\/dreamofitaly.com\/event\/alba-white-truffle-festival\/\">Foire internationale de la truffe blanche <\/a><\/strong>&#8211; <strong>ALBA<\/strong> &#8211; a lieu de d\u00e9but octobre \u00e0 d\u00e9but d\u00e9cembre \u00e0 Alba. C&rsquo;est l&rsquo;une des plus belles villes moyennes de la r\u00e9gion et elle attire de nombreux visiteurs tout au long de l&rsquo;ann\u00e9e. Vous y trouverez la truffe blanche d&rsquo;Alba, c\u00e9l\u00e8bre dans le monde entier, ainsi que de nombreux autres produits locaux d&rsquo;une qualit\u00e9 exceptionnelle. Vous pouvez suivre les \u00e9v\u00e9nements sur <strong><a href=\"https:\/\/www.facebook.com\/tartufobiancoalba\" target=\"_blank\" rel=\"noopener\">facebook <\/a><\/strong>\u00e9galement. <\/p>\n<p><a href=\"https:\/\/www.facebook.com\/barberagliano\" target=\"_blank\" rel=\"noopener\"><span style=\"color: var( --e-global-color-primary ); font-size: 1rem;\"><b>Festival du poisson Barbera (Agliano Terme)<\/b>:<\/span><\/a>11 au 13 octobre 2024 \u00e0 Agliano Terme. Organis\u00e9 par la communaut\u00e9 norv\u00e9gienne et <strong><a href=\"https:\/\/www.facebook.com\/baart.aglianoterme\" target=\"_blank\" rel=\"noopener\">BAart.<\/a><\/strong>C&rsquo;est \u00e0 12 minutes en voiture<\/p>\n<p><strong>Fiera del Rapule &#8211; CALOSSO : 18\/10\/2024 jusqu&rsquo;au 20\/10\/2024  <\/strong><\/p>\n<p>La foire annuelle de Rapul\u00e8 est un \u00e9v\u00e9nement incontournable de l&rsquo;agenda automnal d&rsquo;Asti. Le village de Calosso s&rsquo;anime au rythme de la gastronomie et du vin, et les tr\u00e9sors cach\u00e9s sont plus nombreux que vous ne l&rsquo;imaginez. Calosso est \u00e0 5 minutes en voiture de Villa Perla, mais pour cet \u00e9v\u00e9nement, vous devez vous garer \u00e0 l&rsquo;ext\u00e9rieur du village.<\/p>\n<p>Plus d&rsquo;informations :<\/p>\n<p>https:\/\/www.fieradelrapule.it\/<\/p><\/p>\n\t\t\t\t\t\t\t\t<\/div>\n\t\t\t\t<\/div>\n\t\t\t\t<div class=\"elementor-element elementor-element-d0f7fb6 elementor-widget elementor-widget-text-editor\" data-id=\"d0f7fb6\" data-element_type=\"widget\" data-e-type=\"widget\" data-widget_type=\"text-editor.default\">\n\t\t\t\t<div class=\"elementor-widget-container\">\n\t\t\t\t\t\t\t\t\t<h3>novembre :<\/h3>\n<p><a href=\"https:\/\/www.rossobarbera.it\/\" target=\"_blank\" rel=\"noopener\"><b>Rosso Barbara<\/b> <\/a>&#8211; <strong>COSTIGLIOLE d&rsquo;ASTI<\/strong> &#8211; du 1er au 4 novembre 2024. Cet \u00e9v\u00e9nement a lieu \u00e0 proximit\u00e9 de la maison de vacances. Il s&rsquo;agit de la 5\u00e8me \u00e9dition et du plus grand festival de d\u00e9gustation de Barbera au monde avec environ 100 producteurs et plus de 200 vins diff\u00e9rents \u00e0 d\u00e9guster !  <\/p>\n<p><a title=\"Costigliole d'Asti, Barbera\" href=\"https:\/\/www.canellieventi.it\/eventi\/fiera-del-tartufo\/\" target=\"_blank\" rel=\"noopener noreferrer\"><strong>Fiera Regionale del Tartufo<\/strong><\/a> &#8211; <strong>Canelli<\/strong> &#8211; \u00c0 partir du 12 novembre 2023. Le programme suivra tr\u00e8s prochainement !<\/p>\n<p><em>D&rsquo;autres \u00e9v\u00e9nements seront ajout\u00e9s au fur et \u00e0 mesure.<\/em><\/p>\n<h2 style=\"text-align: center;\"><b> <a href=\"https:\/\/villa-perla.it\/fr\/marches-hebdomadaires-autour-de-villa-perla-piemonte\/\" target=\"_blank\" rel=\"noopener\">Cliquez ici pour les march\u00e9s hebdomadaires<\/a> <\/b><\/h2>\n<h2 style=\"text-align: center;\"><b>dans les villages environnants<\/b><\/h2>\n\t\t\t\t\t\t\t\t<\/div>\n\t\t\t\t<\/div>\n\t\t\t\t<div class=\"elementor-element elementor-element-dea2497 elementor-share-buttons--view-icon elementor-share-buttons--skin-minimal elementor-share-buttons--color-custom elementor-share-buttons--shape-square elementor-grid-0 elementor-widget elementor-widget-global elementor-global-8997 elementor-widget-share-buttons\" data-id=\"dea2497\" data-element_type=\"widget\" data-e-type=\"widget\" data-widget_type=\"share-buttons.default\">\n\t\t\t\t<div class=\"elementor-widget-container\">\n\t\t\t\t\t\t\t<div class=\"elementor-grid\" role=\"list\">\n\t\t\t\t\t\t\t\t<div class=\"elementor-grid-item\" role=\"listitem\">\n\t\t\t\t\t\t<div class=\"elementor-share-btn elementor-share-btn_whatsapp\" role=\"button\" tabindex=\"0\" aria-label=\"Partager sur whatsapp\">\n\t\t\t\t\t\t\t\t\t\t\t\t\t\t\t<span class=\"elementor-share-btn__icon\">\n\t\t\t\t\t\t\t\t<svg aria-hidden=\"true\" class=\"e-font-icon-svg e-fab-whatsapp\" viewBox=\"0 0 448 512\" xmlns=\"http:\/\/www.w3.org\/2000\/svg\"><path d=\"M380.9 97.1C339 55.1 283.2 32 223.9 32c-122.4 0-222 99.6-222 222 0 39.1 10.2 77.3 29.6 111L0 480l117.7-30.9c32.4 17.7 68.9 27 106.1 27h.1c122.3 0 224.1-99.6 224.1-222 0-59.3-25.2-115-67.1-157zm-157 341.6c-33.2 0-65.7-8.9-94-25.7l-6.7-4-69.8 18.3L72 359.2l-4.4-7c-18.5-29.4-28.2-63.3-28.2-98.2 0-101.7 82.8-184.5 184.6-184.5 49.3 0 95.6 19.2 130.4 54.1 34.8 34.9 56.2 81.2 56.1 130.5 0 101.8-84.9 184.6-186.6 184.6zm101.2-138.2c-5.5-2.8-32.8-16.2-37.9-18-5.1-1.9-8.8-2.8-12.5 2.8-3.7 5.6-14.3 18-17.6 21.8-3.2 3.7-6.5 4.2-12 1.4-32.6-16.3-54-29.1-75.5-66-5.7-9.8 5.7-9.1 16.3-30.3 1.8-3.7.9-6.9-.5-9.7-1.4-2.8-12.5-30.1-17.1-41.2-4.5-10.8-9.1-9.3-12.5-9.5-3.2-.2-6.9-.2-10.6-.2-3.7 0-9.7 1.4-14.8 6.9-5.1 5.6-19.4 19-19.4 46.3 0 27.3 19.9 53.7 22.6 57.4 2.8 3.7 39.1 59.7 94.8 83.8 35.2 15.2 49 16.5 66.6 13.9 10.7-1.6 32.8-13.4 37.4-26.4 4.6-13 4.6-24.1 3.2-26.4-1.3-2.5-5-3.9-10.5-6.6z\"><\/path><\/svg>\t\t\t\t\t\t\t<\/span>\n\t\t\t\t\t\t\t\t\t\t\t\t\t\t\t\t\t\t\t\t<\/div>\n\t\t\t\t\t<\/div>\n\t\t\t\t\t\t\t\t\t<div class=\"elementor-grid-item\" role=\"listitem\">\n\t\t\t\t\t\t<div class=\"elementor-share-btn elementor-share-btn_facebook\" role=\"button\" tabindex=\"0\" aria-label=\"Partager sur facebook\">\n\t\t\t\t\t\t\t\t\t\t\t\t\t\t\t<span class=\"elementor-share-btn__icon\">\n\t\t\t\t\t\t\t\t<svg aria-hidden=\"true\" class=\"e-font-icon-svg e-fab-facebook\" viewBox=\"0 0 512 512\" xmlns=\"http:\/\/www.w3.org\/2000\/svg\"><path d=\"M504 256C504 119 393 8 256 8S8 119 8 256c0 123.78 90.69 226.38 209.25 245V327.69h-63V256h63v-54.64c0-62.15 37-96.48 93.67-96.48 27.14 0 55.52 4.84 55.52 4.84v61h-31.28c-30.8 0-40.41 19.12-40.41 38.73V256h68.78l-11 71.69h-57.78V501C413.31 482.38 504 379.78 504 256z\"><\/path><\/svg>\t\t\t\t\t\t\t<\/span>\n\t\t\t\t\t\t\t\t\t\t\t\t\t\t\t\t\t\t\t\t<\/div>\n\t\t\t\t\t<\/div>\n\t\t\t\t\t\t\t\t\t<div class=\"elementor-grid-item\" role=\"listitem\">\n\t\t\t\t\t\t<div class=\"elementor-share-btn elementor-share-btn_linkedin\" role=\"button\" tabindex=\"0\" aria-label=\"Partager sur linkedin\">\n\t\t\t\t\t\t\t\t\t\t\t\t\t\t\t<span class=\"elementor-share-btn__icon\">\n\t\t\t\t\t\t\t\t<svg aria-hidden=\"true\" class=\"e-font-icon-svg e-fab-linkedin\" viewBox=\"0 0 448 512\" xmlns=\"http:\/\/www.w3.org\/2000\/svg\"><path d=\"M416 32H31.9C14.3 32 0 46.5 0 64.3v383.4C0 465.5 14.3 480 31.9 480H416c17.6 0 32-14.5 32-32.3V64.3c0-17.8-14.4-32.3-32-32.3zM135.4 416H69V202.2h66.5V416zm-33.2-243c-21.3 0-38.5-17.3-38.5-38.5S80.9 96 102.2 96c21.2 0 38.5 17.3 38.5 38.5 0 21.3-17.2 38.5-38.5 38.5zm282.1 243h-66.4V312c0-24.8-.5-56.7-34.5-56.7-34.6 0-39.9 27-39.9 54.9V416h-66.4V202.2h63.7v29.2h.9c8.9-16.8 30.6-34.5 62.9-34.5 67.2 0 79.7 44.3 79.7 101.9V416z\"><\/path><\/svg>\t\t\t\t\t\t\t<\/span>\n\t\t\t\t\t\t\t\t\t\t\t\t\t\t\t\t\t\t\t\t<\/div>\n\t\t\t\t\t<\/div>\n\t\t\t\t\t\t\t\t\t<div class=\"elementor-grid-item\" role=\"listitem\">\n\t\t\t\t\t\t<div class=\"elementor-share-btn elementor-share-btn_threads\" role=\"button\" tabindex=\"0\" aria-label=\"Partager sur threads\">\n\t\t\t\t\t\t\t\t\t\t\t\t\t\t\t<span class=\"elementor-share-btn__icon\">\n\t\t\t\t\t\t\t\t<svg aria-hidden=\"true\" class=\"e-font-icon-svg e-fab-threads\" viewBox=\"0 0 448 512\" xmlns=\"http:\/\/www.w3.org\/2000\/svg\"><path d=\"M331.5 235.7c2.2 .9 4.2 1.9 6.3 2.8c29.2 14.1 50.6 35.2 61.8 61.4c15.7 36.5 17.2 95.8-30.3 143.2c-36.2 36.2-80.3 52.5-142.6 53h-.3c-70.2-.5-124.1-24.1-160.4-70.2c-32.3-41-48.9-98.1-49.5-169.6V256v-.2C17 184.3 33.6 127.2 65.9 86.2C102.2 40.1 156.2 16.5 226.4 16h.3c70.3 .5 124.9 24 162.3 69.9c18.4 22.7 32 50 40.6 81.7l-40.4 10.8c-7.1-25.8-17.8-47.8-32.2-65.4c-29.2-35.8-73-54.2-130.5-54.6c-57 .5-100.1 18.8-128.2 54.4C72.1 146.1 58.5 194.3 58 256c.5 61.7 14.1 109.9 40.3 143.3c28 35.6 71.2 53.9 128.2 54.4c51.4-.4 85.4-12.6 113.7-40.9c32.3-32.2 31.7-71.8 21.4-95.9c-6.1-14.2-17.1-26-31.9-34.9c-3.7 26.9-11.8 48.3-24.7 64.8c-17.1 21.8-41.4 33.6-72.7 35.3c-23.6 1.3-46.3-4.4-63.9-16c-20.8-13.8-33-34.8-34.3-59.3c-2.5-48.3 35.7-83 95.2-86.4c21.1-1.2 40.9-.3 59.2 2.8c-2.4-14.8-7.3-26.6-14.6-35.2c-10-11.7-25.6-17.7-46.2-17.8H227c-16.6 0-39 4.6-53.3 26.3l-34.4-23.6c19.2-29.1 50.3-45.1 87.8-45.1h.8c62.6 .4 99.9 39.5 103.7 107.7l-.2 .2zm-156 68.8c1.3 25.1 28.4 36.8 54.6 35.3c25.6-1.4 54.6-11.4 59.5-73.2c-13.2-2.9-27.8-4.4-43.4-4.4c-4.8 0-9.6 .1-14.4 .4c-42.9 2.4-57.2 23.2-56.2 41.8l-.1 .1z\"><\/path><\/svg>\t\t\t\t\t\t\t<\/span>\n\t\t\t\t\t\t\t\t\t\t\t\t\t\t\t\t\t\t\t\t<\/div>\n\t\t\t\t\t<\/div>\n\t\t\t\t\t\t<\/div>\n\t\t\t\t\t\t<\/div>\n\t\t\t\t<\/div>\n\t\t\t\t\t<\/div>\n\t\t<\/div>\n\t\t\t\t<div class=\"elementor-column elementor-col-50 elementor-top-column elementor-element elementor-element-8e05d25\" data-id=\"8e05d25\" data-element_type=\"column\" data-e-type=\"column\" data-settings=\"{&quot;background_background&quot;:&quot;classic&quot;}\">\n\t\t\t<div class=\"elementor-widget-wrap elementor-element-populated\">\n\t\t\t\t\t\t<div class=\"elementor-element elementor-element-9303d87 elementor-widget elementor-widget-heading\" data-id=\"9303d87\" data-element_type=\"widget\" data-e-type=\"widget\" data-widget_type=\"heading.default\">\n\t\t\t\t<div class=\"elementor-widget-container\">\n\t\t\t\t\t<h2 class=\"elementor-heading-title elementor-size-default\">A lire \u00e9galement :<\/h2>\t\t\t\t<\/div>\n\t\t\t\t<\/div>\n\t\t\t\t<div class=\"elementor-element elementor-element-7408a82 elementor-grid-1 elementor-posts--align-center elementor-grid-tablet-2 elementor-grid-mobile-1 elementor-posts--thumbnail-top elementor-widget elementor-widget-posts\" data-id=\"7408a82\" data-element_type=\"widget\" data-e-type=\"widget\" data-settings=\"{&quot;classic_columns&quot;:&quot;1&quot;,&quot;classic_columns_tablet&quot;:&quot;2&quot;,&quot;classic_columns_mobile&quot;:&quot;1&quot;,&quot;classic_row_gap&quot;:{&quot;unit&quot;:&quot;px&quot;,&quot;size&quot;:35,&quot;sizes&quot;:[]},&quot;classic_row_gap_tablet&quot;:{&quot;unit&quot;:&quot;px&quot;,&quot;size&quot;:&quot;&quot;,&quot;sizes&quot;:[]},&quot;classic_row_gap_mobile&quot;:{&quot;unit&quot;:&quot;px&quot;,&quot;size&quot;:&quot;&quot;,&quot;sizes&quot;:[]}}\" data-widget_type=\"posts.classic\">\n\t\t\t\t<div class=\"elementor-widget-container\">\n\t\t\t\t\t\t\t<div class=\"elementor-posts-container elementor-posts elementor-posts--skin-classic elementor-grid\" role=\"list\">\n\t\t\t\t<article class=\"elementor-post elementor-grid-item post-19921 post type-post status-publish format-standard has-post-thumbnail hentry category-villa-perla-fr-2 tag-to-do-fr\" role=\"listitem\">\n\t\t\t\t<a class=\"elementor-post__thumbnail__link\" href=\"https:\/\/villa-perla.it\/fr\/stations-de-recharge-pour-ve-a-proximite-de-villa-perla-dans-le-piemont-region-dasti\/\" tabindex=\"-1\" >\n\t\t\t<div class=\"elementor-post__thumbnail\"><img decoding=\"async\" width=\"300\" height=\"169\" src=\"https:\/\/villa-perla.it\/wp-content\/uploads\/2023\/08\/villa-perla-piemonte-holiday-house-with-pool-sunrise-garden-007-2023-300x169.jpg\" class=\"attachment-medium size-medium wp-image-11180\" alt=\"\" srcset=\"https:\/\/villa-perla.it\/wp-content\/uploads\/2023\/08\/villa-perla-piemonte-holiday-house-with-pool-sunrise-garden-007-2023-300x169.jpg 300w, https:\/\/villa-perla.it\/wp-content\/uploads\/2023\/08\/villa-perla-piemonte-holiday-house-with-pool-sunrise-garden-007-2023-1024x576.jpg 1024w, https:\/\/villa-perla.it\/wp-content\/uploads\/2023\/08\/villa-perla-piemonte-holiday-house-with-pool-sunrise-garden-007-2023-768x432.jpg 768w, https:\/\/villa-perla.it\/wp-content\/uploads\/2023\/08\/villa-perla-piemonte-holiday-house-with-pool-sunrise-garden-007-2023-1536x864.jpg 1536w, https:\/\/villa-perla.it\/wp-content\/uploads\/2023\/08\/villa-perla-piemonte-holiday-house-with-pool-sunrise-garden-007-2023.jpg 2016w\" sizes=\"(max-width: 300px) 100vw, 300px\" \/><\/div>\n\t\t<\/a>\n\t\t\t\t<div class=\"elementor-post__text\">\n\t\t\t\t<h3 class=\"elementor-post__title\">\n\t\t\t<a href=\"https:\/\/villa-perla.it\/fr\/stations-de-recharge-pour-ve-a-proximite-de-villa-perla-dans-le-piemont-region-dasti\/\" >\n\t\t\t\tTout ce que vous devez savoir pour recharger votre voiture \u00e9lectrique pr\u00e8s de Villa Perla dans le Pi\u00e9mont &#8211; R\u00e9gion d&rsquo;Asti\t\t\t<\/a>\n\t\t<\/h3>\n\t\t\t\t<div class=\"elementor-post__meta-data\">\n\t\t\t\t\t<span class=\"elementor-post-date\">\n\t\t\t29 avril 2026\t\t<\/span>\n\t\t\t\t<\/div>\n\t\t\n\t\t<a class=\"elementor-post__read-more\" href=\"https:\/\/villa-perla.it\/fr\/stations-de-recharge-pour-ve-a-proximite-de-villa-perla-dans-le-piemont-region-dasti\/\" aria-label=\"En savoir plus sur Tout ce que vous devez savoir pour recharger votre voiture \u00e9lectrique pr\u00e8s de Villa Perla dans le Pi\u00e9mont &#8211; R\u00e9gion d&rsquo;Asti\" tabindex=\"-1\" >\n\t\t\tLire plus \"\t\t<\/a>\n\n\t\t\t\t<\/div>\n\t\t\t\t<\/article>\n\t\t\t\t<article class=\"elementor-post elementor-grid-item post-19756 post type-post status-publish format-standard has-post-thumbnail hentry category-villa-perla-fr-2 tag-to-do-fr\" role=\"listitem\">\n\t\t\t\t<a class=\"elementor-post__thumbnail__link\" href=\"https:\/\/villa-perla.it\/fr\/sejourner-avec-des-chiens-a-la-villa-perla-dans-le-piemont\/\" tabindex=\"-1\" >\n\t\t\t<div class=\"elementor-post__thumbnail\"><img loading=\"lazy\" decoding=\"async\" width=\"300\" height=\"169\" src=\"https:\/\/villa-perla.it\/wp-content\/uploads\/2024\/05\/villa-perla-piemonte-holiday-house-poolside-300x169.jpg\" class=\"attachment-medium size-medium wp-image-14488\" alt=\"\" srcset=\"https:\/\/villa-perla.it\/wp-content\/uploads\/2024\/05\/villa-perla-piemonte-holiday-house-poolside-300x169.jpg 300w, https:\/\/villa-perla.it\/wp-content\/uploads\/2024\/05\/villa-perla-piemonte-holiday-house-poolside-1024x576.jpg 1024w, https:\/\/villa-perla.it\/wp-content\/uploads\/2024\/05\/villa-perla-piemonte-holiday-house-poolside-768x432.jpg 768w, https:\/\/villa-perla.it\/wp-content\/uploads\/2024\/05\/villa-perla-piemonte-holiday-house-poolside-1536x864.jpg 1536w, https:\/\/villa-perla.it\/wp-content\/uploads\/2024\/05\/villa-perla-piemonte-holiday-house-poolside-2048x1152.jpg 2048w\" sizes=\"(max-width: 300px) 100vw, 300px\" \/><\/div>\n\t\t<\/a>\n\t\t\t\t<div class=\"elementor-post__text\">\n\t\t\t\t<h3 class=\"elementor-post__title\">\n\t\t\t<a href=\"https:\/\/villa-perla.it\/fr\/sejourner-avec-des-chiens-a-la-villa-perla-dans-le-piemont\/\" >\n\t\t\t\tS\u00e9journer avec des chiens \u00e0 la Villa Perla dans le Pi\u00e9mont\t\t\t<\/a>\n\t\t<\/h3>\n\t\t\t\t<div class=\"elementor-post__meta-data\">\n\t\t\t\t\t<span class=\"elementor-post-date\">\n\t\t\t13 avril 2026\t\t<\/span>\n\t\t\t\t<\/div>\n\t\t\n\t\t<a class=\"elementor-post__read-more\" href=\"https:\/\/villa-perla.it\/fr\/sejourner-avec-des-chiens-a-la-villa-perla-dans-le-piemont\/\" aria-label=\"En savoir plus sur S\u00e9journer avec des chiens \u00e0 la Villa Perla dans le Pi\u00e9mont\" tabindex=\"-1\" >\n\t\t\tLire plus \"\t\t<\/a>\n\n\t\t\t\t<\/div>\n\t\t\t\t<\/article>\n\t\t\t\t<article class=\"elementor-post elementor-grid-item post-19695 post type-post status-publish format-standard has-post-thumbnail hentry category-a-faire tag-to-do-fr\" role=\"listitem\">\n\t\t\t\t<a class=\"elementor-post__thumbnail__link\" href=\"https:\/\/villa-perla.it\/fr\/distances-en-voiture-entre-villa-perla-et-les-plus-beaux-villages-medievaux-ou-borgo-du-piemont\/\" tabindex=\"-1\" >\n\t\t\t<div class=\"elementor-post__thumbnail\"><img loading=\"lazy\" decoding=\"async\" width=\"300\" height=\"257\" src=\"https:\/\/villa-perla.it\/wp-content\/uploads\/2024\/08\/villa-perla-piemonte-daytrip-neive-art-featured-300x257.jpg\" class=\"attachment-medium size-medium wp-image-15390\" alt=\"\" srcset=\"https:\/\/villa-perla.it\/wp-content\/uploads\/2024\/08\/villa-perla-piemonte-daytrip-neive-art-featured-300x257.jpg 300w, https:\/\/villa-perla.it\/wp-content\/uploads\/2024\/08\/villa-perla-piemonte-daytrip-neive-art-featured-1024x877.jpg 1024w, https:\/\/villa-perla.it\/wp-content\/uploads\/2024\/08\/villa-perla-piemonte-daytrip-neive-art-featured-768x658.jpg 768w, https:\/\/villa-perla.it\/wp-content\/uploads\/2024\/08\/villa-perla-piemonte-daytrip-neive-art-featured-1536x1315.jpg 1536w, https:\/\/villa-perla.it\/wp-content\/uploads\/2024\/08\/villa-perla-piemonte-daytrip-neive-art-featured-2048x1754.jpg 2048w\" sizes=\"(max-width: 300px) 100vw, 300px\" \/><\/div>\n\t\t<\/a>\n\t\t\t\t<div class=\"elementor-post__text\">\n\t\t\t\t<h3 class=\"elementor-post__title\">\n\t\t\t<a href=\"https:\/\/villa-perla.it\/fr\/distances-en-voiture-entre-villa-perla-et-les-plus-beaux-villages-medievaux-ou-borgo-du-piemont\/\" >\n\t\t\t\tDistances en voiture entre Villa perla et les plus beaux villages m\u00e9di\u00e9vaux ou borgo du Pi\u00e9mont\t\t\t<\/a>\n\t\t<\/h3>\n\t\t\t\t<div class=\"elementor-post__meta-data\">\n\t\t\t\t\t<span class=\"elementor-post-date\">\n\t\t\t25 f\u00e9vrier 2026\t\t<\/span>\n\t\t\t\t<\/div>\n\t\t\n\t\t<a class=\"elementor-post__read-more\" href=\"https:\/\/villa-perla.it\/fr\/distances-en-voiture-entre-villa-perla-et-les-plus-beaux-villages-medievaux-ou-borgo-du-piemont\/\" aria-label=\"En savoir plus sur Distances en voiture entre Villa perla et les plus beaux villages m\u00e9di\u00e9vaux ou borgo du Pi\u00e9mont\" tabindex=\"-1\" >\n\t\t\tLire plus \"\t\t<\/a>\n\n\t\t\t\t<\/div>\n\t\t\t\t<\/article>\n\t\t\t\t<\/div>\n\t\t\n\t\t\t\t\t\t<\/div>\n\t\t\t\t<\/div>\n\t\t\t\t<section class=\"elementor-section elementor-inner-section elementor-element elementor-element-7ae351a elementor-section-boxed elementor-section-height-default elementor-section-height-default\" data-id=\"7ae351a\" data-element_type=\"section\" data-e-type=\"section\" data-settings=\"{&quot;background_background&quot;:&quot;classic&quot;,&quot;jet_parallax_layout_list&quot;:[]}\">\n\t\t\t\t\t\t<div class=\"elementor-container elementor-column-gap-default\">\n\t\t\t\t\t<div class=\"elementor-column elementor-col-100 elementor-inner-column elementor-element elementor-element-9ea2a5a\" data-id=\"9ea2a5a\" data-element_type=\"column\" data-e-type=\"column\" data-settings=\"{&quot;background_background&quot;:&quot;classic&quot;}\">\n\t\t\t<div class=\"elementor-widget-wrap elementor-element-populated\">\n\t\t\t\t\t\t<div class=\"elementor-element elementor-element-5f31892 elementor-widget elementor-widget-heading\" data-id=\"5f31892\" data-element_type=\"widget\" data-e-type=\"widget\" data-widget_type=\"heading.default\">\n\t\t\t\t<div class=\"elementor-widget-container\">\n\t\t\t\t\t<h2 class=\"elementor-heading-title elementor-size-default\">Abonnez-vous \u00e0 notre  <br>Lettre d'information mensuelle<\/h2>\t\t\t\t<\/div>\n\t\t\t\t<\/div>\n\t\t\t\t<div class=\"elementor-element elementor-element-1eb4117 elementor-widget elementor-widget-shortcode\" data-id=\"1eb4117\" data-element_type=\"widget\" data-e-type=\"widget\" data-widget_type=\"shortcode.default\">\n\t\t\t\t<div class=\"elementor-widget-container\">\n\t\t\t\t\t<script type=\"text\/javascript\" src=\"https:\/\/villa-perla.it\/wp-content\/plugins\/acymailing\/media\/js\/module.min.js?v=1091\"><\/script><script type=\"text\/javascript\">\n        if(typeof acymModule === 'undefined'){\n            var acymModule = [];\n\t\t\tacymModule['emailRegex'] = \/^[a-z0-9!#$%&\\'*+\\\/=?^_`{|}~-]+(?:\\.[a-z0-9!#$%&\\'*+\\\/=?^_`{|}~-]+)*\\@([a-z0-9-]+\\.)+[a-z0-9]{2,20}$\/i;\n\t\t\tacymModule['NAMECAPTION'] = 'Nom';\n\t\t\tacymModule['NAME_MISSING'] = 'Veuillez saisir votre nom';\n\t\t\tacymModule['EMAILCAPTION'] = 'E-mail';\n\t\t\tacymModule['VALID_EMAIL'] = 'Veuillez saisir une adresse e-mail valide';\n\t\t\tacymModule['VALID_EMAIL_CONFIRMATION'] = 'Le champ e-mail et le champ de confirmation doivent \u00eatre identiques.';\n\t\t\tacymModule['CAPTCHA_MISSING'] = 'Le captcha n\u2019est pas valide, veuillez r\u00e9essayer';\n\t\t\tacymModule['NO_LIST_SELECTED'] = 'Veuillez s\u00e9lectionner les listes auxquelles vous souhaitez vous abonner';\n\t\t\tacymModule['NO_LIST_SELECTED_UNSUB'] = 'S\u00e9lectionnez les listes desquelles vous souhaitez vous d\u00e9sabonner';\n            acymModule['ACCEPT_TERMS'] = 'Veuillez cocher les conditions g\u00e9n\u00e9rales \/ la politique de confidentialit\u00e9';\n        }\n\t\t<\/script>\t\t<div class=\"elementor-shortcode\"><div id=\"acym_fulldiv_formAcym2\" class=\"acym__subscription__form__shortcode acym__subscription__form-erase\">\n    <form action=\"https:\/\/villa-perla.it\/fr\/index.php?page=acymailing_front&ctrl=frontusers&noheader=1\" id=\"formAcym2\" name=\"formAcym2\" enctype=\"multipart\/form-data\" onsubmit=\"return submitAcymForm('subscribe','formAcym2', 'acymSubmitSubForm')\"><div class=\"acym__subscription__form__fields\">\n    <div class=\"onefield fieldacy1 acyfield_text\" id=\"field_1\"><label class=\"cell margin-top-1\"><span class=\"acym__users__creation__fields__title\">Nom<\/span><input autocomplete=\"name\"  name=\"user[name]\" value=\"\" data-authorized-content=\"{&quot;0&quot;:&quot;all&quot;,&quot;regex&quot;:&quot;&quot;,&quot;message&quot;:&quot;Valeur incorrecte pour le champ Nom&quot;}\" type=\"text\" class=\"cell\"><\/label><div class=\"acym__field__error__block\" data-acym-field-id=\"1\"><\/div><\/div><div class=\"onefield fieldacy2 acyfield_text\" id=\"field_2\"><label class=\"cell margin-top-1\"><span class=\"acym__users__creation__fields__title\">E-mail<\/span><input autocomplete=\"email\" id=\"email_field_752\"  name=\"user[email]\" value=\"\" data-authorized-content=\"{&quot;0&quot;:&quot;all&quot;,&quot;regex&quot;:&quot;&quot;,&quot;message&quot;:&quot;Valeur incorrecte pour le champ E-mail&quot;}\" required type=\"email\" class=\"cell acym__user__edit__email\"><\/label><div class=\"acym__field__error__block\" data-acym-field-id=\"2\"><\/div><\/div><div class=\"acym__subscription__form__lists\">\n    <input type=\"hidden\" name=\"hiddenlists\" value=\"1\">\t<style>\n\t\t#acym_fulldiv_formAcym2 .acym__subscription__form__fields .acym__subscription__form__lists{\n\t\t\tdisplay: inline-block;\n\t\t\twidth: auto;\n\t\t\tmargin: 0 20px;\n\t\t\ttext-align: left;\n\t\t}\n\n\t\t#acym_fulldiv_formAcym2 .acym__subscription__form__fields .acym__subscription__form__lists label{\n\t\t\tdisplay: inline-block;\n\t\t\tmargin-right: 10px;\n\t\t\twidth: auto;\n\t\t}\n\n\t\t#acym_fulldiv_formAcym2 .acym__subscription__form__fields .acym__subscription__form__lists input[type=\"checkbox\"]{\n\t\t\tmargin-top: 0 !important;\n\t\t\tmargin-right: 5px;\n\t\t}\n\t<\/style>\n<\/div>\n<div class=\"acym__subscription__form__termscond\"><div class=\"onefield fieldacyterms\" id=\"field_terms_formAcym2\"><label for=\"mailingdata_terms_formAcym2\"><input id=\"mailingdata_terms_formAcym2\" class=\"checkbox\" type=\"checkbox\" name=\"terms\" title=\"Conditions g\u00e9n\u00e9rales\"\/> Je suis d\u2019accord avec les <a title=\"Conditions g\u00e9n\u00e9rales\" href=\"https:\/\/villa-perla.it\/cookie-privacy-policy\/\" target=\"_blank\">Conditions g\u00e9n\u00e9rales<\/a> et les <a title=\"Politique de confidentialit\u00e9\" href=\"https:\/\/villa-perla.it\/cookie-privacy-policy\/\" target=\"_blank\">Politique de confidentialit\u00e9<\/a><\/label><\/div>\n\t<style>\n\t\t.acym__subscription__form__header .acym__subscription__form__termscond,\n\t\t.acym__subscription__form__footer .acym__subscription__form__termscond{\n\t\t\tmax-width: 250px;\n\t\t}\n\n\t\t#acym_fulldiv_formAcym2 .acym__subscription__form__fields .acym__subscription__form__termscond input[type=\"checkbox\"]{\n\t\t\tmargin-top: 0 !important;\n\t\t}\n\t<\/style>\n\t<\/div>\n\t<style>\n\t\t#acym_fulldiv_formAcym2 .acym__subscription__form__fields{\n\t\t\tdisplay: flex;\n\t\t\tjustify-content: center;\n\t\t\talign-items: center\n\t\t}\n\n\t\t#acym_fulldiv_formAcym2 .acym__subscription__form__fields > *{\n\t\t\tmargin: 10px auto !important;\n\t\t}\n\n\t\t#acym_fulldiv_formAcym2 .acym__subscription__form__fields .onefield{\n\t\t\twidth: 100%;\n\t\t\tbox-sizing: border-box\n\t\t}\n\n\t\t#acym_fulldiv_formAcym2 .acym__subscription__form__fields .onefield input:not([type=\"radio\"]):not([type=\"checkbox\"]):not([type=\"hidden\"]),\n\t\t#acym_fulldiv_formAcym2 .acym__subscription__form__fields .onefield select,\n\t\t#acym_fulldiv_formAcym2 .acym__subscription__form__fields .onefield textarea{\n\t\t\tdisplay: block;\n\t\t\twidth: 65%;\n\t\t\tmargin-left: auto;\n\t\t\tmargin-right: auto;\n\t\t\tmargin-bottom: 1rem;\n\t\t\tbox-sizing: border-box\n\t\t}\n\n\t\t@media screen and (max-width: 768px){\n\t\t\t#acym_fulldiv_formAcym2 .acym__subscription__form__fields .onefield input:not([type=\"radio\"]):not([type=\"checkbox\"]):not([type=\"hidden\"]),\n\t\t\t#acym_fulldiv_formAcym2 .acym__subscription__form__fields .onefield select,\n\t\t\t#acym_fulldiv_formAcym2 .acym__subscription__form__fields .onefield textarea{\n\t\t\t\twidth: 100%\n\t\t\t}\n\t\t}\n\t<\/style>\n<\/div>\n<div class=\"acym__subscription__form__button\">\n    \t<button type=\"submit\">\n        Abonnement\t<\/button>\n\t<style>\n\t\t#acym_fulldiv_formAcym2 .acym__subscription__form__button{\n\t\t\tdisplay: flex;\n\t\t\tjustify-content: center;\n\t\t\talign-items: center\n\t\t}\n\n\t\t#acym_fulldiv_formAcym2 .acym__subscription__form__button button{\n\t\t\tbackground-color: #000000;\n\t\t\tcolor: #ffffff;\n\t\t\tborder-width: 0px;\n\t\t\tborder-style: solid;\n\t\t\tborder-color: #000000;\n\t\t\tborder-radius: 0px;\n\t\t\tpadding: 10px 20px;\n\t\t}\n\t<\/style>\n<\/div>\n<input type=\"hidden\" name=\"ctrl\" value=\"frontusers\" \/>\n<input type=\"hidden\" name=\"task\" value=\"notask\" \/>\n<input type=\"hidden\" name=\"page\" value=\"acymailing_front\" \/>\n<input type=\"hidden\" name=\"option\" value=\"acymailing\" \/>\n<input type=\"hidden\" name=\"acy_source\" value=\"Form ID 2\">\n<input type=\"hidden\" name=\"acyformname\" value=\"formAcym2\">\n<input type=\"hidden\" name=\"acymformtype\" value=\"shortcode\">\n<input type=\"hidden\" name=\"acysubmode\" value=\"form_acym\">\n\n<input type=\"hidden\" name=\"redirect\" value=\"https:\/\/villa-perla.it\/blog\/\">\n<input type=\"hidden\" name=\"ajax\" value=\"0\">\n<input type=\"hidden\"\n\t   name=\"confirmation_message\"\n\t   value=\"Thanks a lot for subscribing to our newsletter! We will not spam your inbox!\">\n\t<\/form>\n<\/div>\n<style>\n\t#acym_fulldiv_formAcym2.acym__subscription__form__shortcode{\n\t\theight: 300px;\n\t\tmax-width: 400px;\n\t\tbackground-color: #ffffff;\n\t\tcolor: #000000 !important;\n\t\tpadding: .5rem;\n\t\ttext-align: center;\n\t\tdisplay: flex;\n\t\tjustify-content: center;\n\t\talign-items: center;\n\t\tmargin: 1rem auto;\n\t}\n\n\t#acym_fulldiv_formAcym2.acym__subscription__form__shortcode .responseContainer{\n\t\tmargin-bottom: 0 !important;\n\t\tpadding: .4rem !important;\n\t}\n\n\t#acym_fulldiv_formAcym2.acym__subscription__form__shortcode #formAcym2{\n\t\tmargin: 0;\n\t}\n\n\t#acym_fulldiv_formAcym2.acym__subscription__form__shortcode .acym__subscription__form__fields, #acym_fulldiv_formAcym2.acym__subscription__form__shortcode .acym__subscription__form__button{\n\t\tdisplay: block;\n\t\twidth: 100%;\n\t\tmargin: 1rem 0 !important;\n\t}\n\n\t#acym_fulldiv_formAcym2.acym__subscription__form__shortcode .acym__subscription__form__fields .acym__subscription__form__lists{\n\t\tdisplay: block;\n\t\twidth: 100%;\n\t\tmargin: 1rem 10px !important;\n\t}\n\n\t#acym_fulldiv_formAcym2.acym__subscription__form__shortcode .acym__subscription__form__fields > *:not(style){\n\t\tdisplay: block;\n\t}\n\n\t<\/style>\n<\/div>\n\t\t\t\t\t\t<\/div>\n\t\t\t\t<\/div>\n\t\t\t\t\t<\/div>\n\t\t<\/div>\n\t\t\t\t\t<\/div>\n\t\t<\/section>\n\t\t\t\t\t<\/div>\n\t\t<\/div>\n\t\t\t\t\t<\/div>\n\t\t<\/section>\n\t\t\t\t<section class=\"elementor-section elementor-top-section elementor-element elementor-element-7450063 elementor-section-boxed elementor-section-height-default elementor-section-height-default\" data-id=\"7450063\" data-element_type=\"section\" data-e-type=\"section\" data-settings=\"{&quot;jet_parallax_layout_list&quot;:[]}\">\n\t\t\t\t\t\t<div class=\"elementor-container elementor-column-gap-default\">\n\t\t\t\t\t<div class=\"elementor-column elementor-col-100 elementor-top-column elementor-element elementor-element-9bec65b\" data-id=\"9bec65b\" data-element_type=\"column\" data-e-type=\"column\">\n\t\t\t<div class=\"elementor-widget-wrap elementor-element-populated\">\n\t\t\t\t\t\t<div class=\"elementor-element elementor-element-8334a57 elementor-widget-divider--view-line_icon elementor-view-default elementor-widget-divider--element-align-center elementor-widget elementor-widget-divider\" data-id=\"8334a57\" data-element_type=\"widget\" data-e-type=\"widget\" data-widget_type=\"divider.default\">\n\t\t\t\t<div class=\"elementor-widget-container\">\n\t\t\t\t\t\t\t<div class=\"elementor-divider\">\n\t\t\t<span class=\"elementor-divider-separator\">\n\t\t\t\t\t\t\t<div class=\"elementor-icon elementor-divider__element\">\n\t\t\t\t\t<\/div>\n\t\t\t\t\t\t<\/span>\n\t\t<\/div>\n\t\t\t\t\t\t<\/div>\n\t\t\t\t<\/div>\n\t\t\t\t\t<\/div>\n\t\t<\/div>\n\t\t\t\t\t<\/div>\n\t\t<\/section>\n\t\t\t\t<\/div>\n\t\t","protected":false},"excerpt":{"rendered":"<p>L&rsquo;automne, c&rsquo;est-\u00e0-dire les mois de septembre, octobre et novembre, est en fait la saison la plus active de toute l&rsquo;ann\u00e9e dans le Pi\u00e9mont.<\/p>\n","protected":false},"author":5,"featured_media":10443,"comment_status":"closed","ping_status":"closed","sticky":false,"template":"elementor_header_footer","format":"standard","meta":{"_angie_page":false,"page_builder":"","footnotes":""},"categories":[164],"tags":[165],"class_list":["post-10710","post","type-post","status-publish","format-standard","has-post-thumbnail","hentry","category-villa-perla-fr-2","tag-to-do-fr"],"yoast_head":"<!-- This site is optimized with the Yoast SEO plugin v27.5 - https:\/\/yoast.com\/product\/yoast-seo-wordpress\/ -->\n<title>Que faire autour de Villa Perla Piemonte en automne ? - Villa Perla | Langhe - Monferrato<\/title>\n<meta name=\"description\" content=\"Que faire pendant votre s\u00e9jour \u00e0 Villa Perla Piemonte pr\u00e8s d&#039;Asti en septembre, octobre et novembre. F\u00eates du vin, truffes, activit\u00e9s,...\" \/>\n<meta name=\"robots\" content=\"index, follow, max-snippet:-1, max-image-preview:large, max-video-preview:-1\" \/>\n<link rel=\"canonical\" href=\"https:\/\/villa-perla.it\/fr\/what-to-do-around-villa-perla-piemonte-in-autumn\/\" \/>\n<meta property=\"og:locale\" content=\"fr_FR\" \/>\n<meta property=\"og:type\" content=\"article\" \/>\n<meta property=\"og:title\" content=\"Events around Villa Perla Piemonte in autumn\" \/>\n<meta property=\"og:description\" content=\"Que faire pendant votre s\u00e9jour \u00e0 Villa Perla Piemonte pr\u00e8s d&#039;Asti en septembre, octobre et novembre. F\u00eates du vin, truffes, activit\u00e9s,...\" \/>\n<meta property=\"og:url\" content=\"https:\/\/villa-perla.it\/fr\/what-to-do-around-villa-perla-piemonte-in-autumn\/\" \/>\n<meta property=\"og:site_name\" content=\"Villa Perla | Langhe - Monferrato\" \/>\n<meta property=\"article:publisher\" content=\"https:\/\/www.facebook.com\/villaperla.piemonte\" \/>\n<meta property=\"article:published_time\" content=\"2024-09-01T12:57:00+00:00\" \/>\n<meta property=\"article:modified_time\" content=\"2024-09-02T07:53:12+00:00\" \/>\n<meta property=\"og:image\" content=\"https:\/\/villa-perla.it\/wp-content\/uploads\/2023\/08\/villa-perla-piemonte-holiday-house-with-pool-sunrise-covered-terrace-006-2023-1024x576.jpg\" \/>\n<meta name=\"author\" content=\"Benny\" \/>\n<meta name=\"twitter:card\" content=\"summary_large_image\" \/>\n<meta name=\"twitter:title\" content=\"Events around Villa Perla Piemonte in autumn\" \/>\n<meta name=\"twitter:description\" content=\"Que faire pendant votre s\u00e9jour \u00e0 Villa Perla Piemonte pr\u00e8s d&#039;Asti en septembre, octobre et novembre. F\u00eates du vin, truffes, activit\u00e9s,...\" \/>\n<meta name=\"twitter:image\" content=\"https:\/\/villa-perla.it\/wp-content\/uploads\/2023\/08\/villa-perla-piemonte-holiday-house-with-pool-sunrise-covered-terrace-006-2023-1024x576.jpg\" \/>\n<meta name=\"twitter:label1\" content=\"\u00c9crit par\" \/>\n\t<meta name=\"twitter:data1\" content=\"Benny\" \/>\n\t<meta name=\"twitter:label2\" content=\"Dur\u00e9e de lecture estim\u00e9e\" \/>\n\t<meta name=\"twitter:data2\" content=\"4 minutes\" \/>\n<script type=\"application\/ld+json\" class=\"yoast-schema-graph\">{\"@context\":\"https:\\\/\\\/schema.org\",\"@graph\":[{\"@type\":\"Article\",\"@id\":\"https:\\\/\\\/villa-perla.it\\\/fr\\\/what-to-do-around-villa-perla-piemonte-in-autumn\\\/#article\",\"isPartOf\":{\"@id\":\"https:\\\/\\\/villa-perla.it\\\/fr\\\/what-to-do-around-villa-perla-piemonte-in-autumn\\\/\"},\"author\":{\"name\":\"Benny\",\"@id\":\"https:\\\/\\\/villa-perla.it\\\/fr\\\/#\\\/schema\\\/person\\\/50b32b6cf17bc1cd8759ed65996c029a\"},\"headline\":\"Que faire autour de Villa Perla Piemonte en automne ?\",\"datePublished\":\"2024-09-01T12:57:00+00:00\",\"dateModified\":\"2024-09-02T07:53:12+00:00\",\"mainEntityOfPage\":{\"@id\":\"https:\\\/\\\/villa-perla.it\\\/fr\\\/what-to-do-around-villa-perla-piemonte-in-autumn\\\/\"},\"wordCount\":780,\"publisher\":{\"@id\":\"https:\\\/\\\/villa-perla.it\\\/fr\\\/#organization\"},\"image\":{\"@id\":\"https:\\\/\\\/villa-perla.it\\\/fr\\\/what-to-do-around-villa-perla-piemonte-in-autumn\\\/#primaryimage\"},\"thumbnailUrl\":\"https:\\\/\\\/villa-perla.it\\\/wp-content\\\/uploads\\\/2023\\\/03\\\/villa-perla-piemonte-what-to-do-in-autumn-scaled.webp\",\"keywords\":[\"TO DO\"],\"articleSection\":[\"Villa Perla\"],\"inLanguage\":\"fr-FR\"},{\"@type\":\"WebPage\",\"@id\":\"https:\\\/\\\/villa-perla.it\\\/fr\\\/what-to-do-around-villa-perla-piemonte-in-autumn\\\/\",\"url\":\"https:\\\/\\\/villa-perla.it\\\/fr\\\/what-to-do-around-villa-perla-piemonte-in-autumn\\\/\",\"name\":\"Que faire autour de Villa Perla Piemonte en automne ? - Villa Perla | Langhe - Monferrato\",\"isPartOf\":{\"@id\":\"https:\\\/\\\/villa-perla.it\\\/fr\\\/#website\"},\"primaryImageOfPage\":{\"@id\":\"https:\\\/\\\/villa-perla.it\\\/fr\\\/what-to-do-around-villa-perla-piemonte-in-autumn\\\/#primaryimage\"},\"image\":{\"@id\":\"https:\\\/\\\/villa-perla.it\\\/fr\\\/what-to-do-around-villa-perla-piemonte-in-autumn\\\/#primaryimage\"},\"thumbnailUrl\":\"https:\\\/\\\/villa-perla.it\\\/wp-content\\\/uploads\\\/2023\\\/03\\\/villa-perla-piemonte-what-to-do-in-autumn-scaled.webp\",\"datePublished\":\"2024-09-01T12:57:00+00:00\",\"dateModified\":\"2024-09-02T07:53:12+00:00\",\"description\":\"Que faire pendant votre s\u00e9jour \u00e0 Villa Perla Piemonte pr\u00e8s d'Asti en septembre, octobre et novembre. F\u00eates du vin, truffes, activit\u00e9s,...\",\"breadcrumb\":{\"@id\":\"https:\\\/\\\/villa-perla.it\\\/fr\\\/what-to-do-around-villa-perla-piemonte-in-autumn\\\/#breadcrumb\"},\"inLanguage\":\"fr-FR\",\"potentialAction\":[{\"@type\":\"ReadAction\",\"target\":[\"https:\\\/\\\/villa-perla.it\\\/fr\\\/what-to-do-around-villa-perla-piemonte-in-autumn\\\/\"]}]},{\"@type\":\"ImageObject\",\"inLanguage\":\"fr-FR\",\"@id\":\"https:\\\/\\\/villa-perla.it\\\/fr\\\/what-to-do-around-villa-perla-piemonte-in-autumn\\\/#primaryimage\",\"url\":\"https:\\\/\\\/villa-perla.it\\\/wp-content\\\/uploads\\\/2023\\\/03\\\/villa-perla-piemonte-what-to-do-in-autumn-scaled.webp\",\"contentUrl\":\"https:\\\/\\\/villa-perla.it\\\/wp-content\\\/uploads\\\/2023\\\/03\\\/villa-perla-piemonte-what-to-do-in-autumn-scaled.webp\",\"width\":2560,\"height\":1920,\"caption\":\"View from our garden @villa perla in autumn\"},{\"@type\":\"BreadcrumbList\",\"@id\":\"https:\\\/\\\/villa-perla.it\\\/fr\\\/what-to-do-around-villa-perla-piemonte-in-autumn\\\/#breadcrumb\",\"itemListElement\":[{\"@type\":\"ListItem\",\"position\":1,\"name\":\"Home\",\"item\":\"https:\\\/\\\/villa-perla.it\\\/fr\\\/\"},{\"@type\":\"ListItem\",\"position\":2,\"name\":\"Que faire autour de Villa Perla Piemonte en automne ?\"}]},{\"@type\":\"WebSite\",\"@id\":\"https:\\\/\\\/villa-perla.it\\\/fr\\\/#website\",\"url\":\"https:\\\/\\\/villa-perla.it\\\/fr\\\/\",\"name\":\"Villa Perla | Langhe - Monferrato\",\"description\":\"Your private holiday house in Piemonte\",\"publisher\":{\"@id\":\"https:\\\/\\\/villa-perla.it\\\/fr\\\/#organization\"},\"alternateName\":\"Villa Perla |\",\"potentialAction\":[{\"@type\":\"SearchAction\",\"target\":{\"@type\":\"EntryPoint\",\"urlTemplate\":\"https:\\\/\\\/villa-perla.it\\\/fr\\\/?s={search_term_string}\"},\"query-input\":{\"@type\":\"PropertyValueSpecification\",\"valueRequired\":true,\"valueName\":\"search_term_string\"}}],\"inLanguage\":\"fr-FR\"},{\"@type\":\"Organization\",\"@id\":\"https:\\\/\\\/villa-perla.it\\\/fr\\\/#organization\",\"name\":\"Villa Perla Piemonte\",\"alternateName\":\"Villa Perla Piemonte\",\"url\":\"https:\\\/\\\/villa-perla.it\\\/fr\\\/\",\"logo\":{\"@type\":\"ImageObject\",\"inLanguage\":\"fr-FR\",\"@id\":\"https:\\\/\\\/villa-perla.it\\\/fr\\\/#\\\/schema\\\/logo\\\/image\\\/\",\"url\":\"https:\\\/\\\/villa-perla.it\\\/wp-content\\\/uploads\\\/2021\\\/11\\\/villa-perla-piemone-logo-transparant-400-x-100-px.svg\",\"contentUrl\":\"https:\\\/\\\/villa-perla.it\\\/wp-content\\\/uploads\\\/2021\\\/11\\\/villa-perla-piemone-logo-transparant-400-x-100-px.svg\",\"caption\":\"Villa Perla Piemonte\"},\"image\":{\"@id\":\"https:\\\/\\\/villa-perla.it\\\/fr\\\/#\\\/schema\\\/logo\\\/image\\\/\"},\"sameAs\":[\"https:\\\/\\\/www.facebook.com\\\/villaperla.piemonte\",\"https:\\\/\\\/www.instagram.com\\\/villaperla_piemonte\"]},{\"@type\":\"Person\",\"@id\":\"https:\\\/\\\/villa-perla.it\\\/fr\\\/#\\\/schema\\\/person\\\/50b32b6cf17bc1cd8759ed65996c029a\",\"name\":\"Benny\",\"image\":{\"@type\":\"ImageObject\",\"inLanguage\":\"fr-FR\",\"@id\":\"https:\\\/\\\/secure.gravatar.com\\\/avatar\\\/8bf9ac5b4d9ade86173c485647bdda279bf9bdd5088a0fdc4cefeb2f82d5588c?s=96&d=mm&r=g\",\"url\":\"https:\\\/\\\/secure.gravatar.com\\\/avatar\\\/8bf9ac5b4d9ade86173c485647bdda279bf9bdd5088a0fdc4cefeb2f82d5588c?s=96&d=mm&r=g\",\"contentUrl\":\"https:\\\/\\\/secure.gravatar.com\\\/avatar\\\/8bf9ac5b4d9ade86173c485647bdda279bf9bdd5088a0fdc4cefeb2f82d5588c?s=96&d=mm&r=g\",\"caption\":\"Benny\"},\"url\":\"https:\\\/\\\/villa-perla.it\\\/fr\\\/author\\\/benny\\\/\"}]}<\/script>\n<!-- \/ Yoast SEO plugin. -->","yoast_head_json":{"title":"Que faire autour de Villa Perla Piemonte en automne ? - Villa Perla | Langhe - Monferrato","description":"Que faire pendant votre s\u00e9jour \u00e0 Villa Perla Piemonte pr\u00e8s d'Asti en septembre, octobre et novembre. F\u00eates du vin, truffes, activit\u00e9s,...","robots":{"index":"index","follow":"follow","max-snippet":"max-snippet:-1","max-image-preview":"max-image-preview:large","max-video-preview":"max-video-preview:-1"},"canonical":"https:\/\/villa-perla.it\/fr\/what-to-do-around-villa-perla-piemonte-in-autumn\/","og_locale":"fr_FR","og_type":"article","og_title":"Events around Villa Perla Piemonte in autumn","og_description":"Que faire pendant votre s\u00e9jour \u00e0 Villa Perla Piemonte pr\u00e8s d'Asti en septembre, octobre et novembre. F\u00eates du vin, truffes, activit\u00e9s,...","og_url":"https:\/\/villa-perla.it\/fr\/what-to-do-around-villa-perla-piemonte-in-autumn\/","og_site_name":"Villa Perla | Langhe - Monferrato","article_publisher":"https:\/\/www.facebook.com\/villaperla.piemonte","article_published_time":"2024-09-01T12:57:00+00:00","article_modified_time":"2024-09-02T07:53:12+00:00","og_image":[{"url":"https:\/\/villa-perla.it\/wp-content\/uploads\/2023\/08\/villa-perla-piemonte-holiday-house-with-pool-sunrise-covered-terrace-006-2023-1024x576.jpg","type":"","width":"","height":""}],"author":"Benny","twitter_card":"summary_large_image","twitter_title":"Events around Villa Perla Piemonte in autumn","twitter_description":"Que faire pendant votre s\u00e9jour \u00e0 Villa Perla Piemonte pr\u00e8s d'Asti en septembre, octobre et novembre. F\u00eates du vin, truffes, activit\u00e9s,...","twitter_image":"https:\/\/villa-perla.it\/wp-content\/uploads\/2023\/08\/villa-perla-piemonte-holiday-house-with-pool-sunrise-covered-terrace-006-2023-1024x576.jpg","twitter_misc":{"\u00c9crit par":"Benny","Dur\u00e9e de lecture estim\u00e9e":"4 minutes"},"schema":{"@context":"https:\/\/schema.org","@graph":[{"@type":"Article","@id":"https:\/\/villa-perla.it\/fr\/what-to-do-around-villa-perla-piemonte-in-autumn\/#article","isPartOf":{"@id":"https:\/\/villa-perla.it\/fr\/what-to-do-around-villa-perla-piemonte-in-autumn\/"},"author":{"name":"Benny","@id":"https:\/\/villa-perla.it\/fr\/#\/schema\/person\/50b32b6cf17bc1cd8759ed65996c029a"},"headline":"Que faire autour de Villa Perla Piemonte en automne ?","datePublished":"2024-09-01T12:57:00+00:00","dateModified":"2024-09-02T07:53:12+00:00","mainEntityOfPage":{"@id":"https:\/\/villa-perla.it\/fr\/what-to-do-around-villa-perla-piemonte-in-autumn\/"},"wordCount":780,"publisher":{"@id":"https:\/\/villa-perla.it\/fr\/#organization"},"image":{"@id":"https:\/\/villa-perla.it\/fr\/what-to-do-around-villa-perla-piemonte-in-autumn\/#primaryimage"},"thumbnailUrl":"https:\/\/villa-perla.it\/wp-content\/uploads\/2023\/03\/villa-perla-piemonte-what-to-do-in-autumn-scaled.webp","keywords":["TO DO"],"articleSection":["Villa Perla"],"inLanguage":"fr-FR"},{"@type":"WebPage","@id":"https:\/\/villa-perla.it\/fr\/what-to-do-around-villa-perla-piemonte-in-autumn\/","url":"https:\/\/villa-perla.it\/fr\/what-to-do-around-villa-perla-piemonte-in-autumn\/","name":"Que faire autour de Villa Perla Piemonte en automne ? - Villa Perla | Langhe - Monferrato","isPartOf":{"@id":"https:\/\/villa-perla.it\/fr\/#website"},"primaryImageOfPage":{"@id":"https:\/\/villa-perla.it\/fr\/what-to-do-around-villa-perla-piemonte-in-autumn\/#primaryimage"},"image":{"@id":"https:\/\/villa-perla.it\/fr\/what-to-do-around-villa-perla-piemonte-in-autumn\/#primaryimage"},"thumbnailUrl":"https:\/\/villa-perla.it\/wp-content\/uploads\/2023\/03\/villa-perla-piemonte-what-to-do-in-autumn-scaled.webp","datePublished":"2024-09-01T12:57:00+00:00","dateModified":"2024-09-02T07:53:12+00:00","description":"Que faire pendant votre s\u00e9jour \u00e0 Villa Perla Piemonte pr\u00e8s d'Asti en septembre, octobre et novembre. F\u00eates du vin, truffes, activit\u00e9s,...","breadcrumb":{"@id":"https:\/\/villa-perla.it\/fr\/what-to-do-around-villa-perla-piemonte-in-autumn\/#breadcrumb"},"inLanguage":"fr-FR","potentialAction":[{"@type":"ReadAction","target":["https:\/\/villa-perla.it\/fr\/what-to-do-around-villa-perla-piemonte-in-autumn\/"]}]},{"@type":"ImageObject","inLanguage":"fr-FR","@id":"https:\/\/villa-perla.it\/fr\/what-to-do-around-villa-perla-piemonte-in-autumn\/#primaryimage","url":"https:\/\/villa-perla.it\/wp-content\/uploads\/2023\/03\/villa-perla-piemonte-what-to-do-in-autumn-scaled.webp","contentUrl":"https:\/\/villa-perla.it\/wp-content\/uploads\/2023\/03\/villa-perla-piemonte-what-to-do-in-autumn-scaled.webp","width":2560,"height":1920,"caption":"View from our garden @villa perla in autumn"},{"@type":"BreadcrumbList","@id":"https:\/\/villa-perla.it\/fr\/what-to-do-around-villa-perla-piemonte-in-autumn\/#breadcrumb","itemListElement":[{"@type":"ListItem","position":1,"name":"Home","item":"https:\/\/villa-perla.it\/fr\/"},{"@type":"ListItem","position":2,"name":"Que faire autour de Villa Perla Piemonte en automne ?"}]},{"@type":"WebSite","@id":"https:\/\/villa-perla.it\/fr\/#website","url":"https:\/\/villa-perla.it\/fr\/","name":"Villa Perla | Langhe - Monferrato","description":"Your private holiday house in Piemonte","publisher":{"@id":"https:\/\/villa-perla.it\/fr\/#organization"},"alternateName":"Villa Perla |","potentialAction":[{"@type":"SearchAction","target":{"@type":"EntryPoint","urlTemplate":"https:\/\/villa-perla.it\/fr\/?s={search_term_string}"},"query-input":{"@type":"PropertyValueSpecification","valueRequired":true,"valueName":"search_term_string"}}],"inLanguage":"fr-FR"},{"@type":"Organization","@id":"https:\/\/villa-perla.it\/fr\/#organization","name":"Villa Perla Piemonte","alternateName":"Villa Perla Piemonte","url":"https:\/\/villa-perla.it\/fr\/","logo":{"@type":"ImageObject","inLanguage":"fr-FR","@id":"https:\/\/villa-perla.it\/fr\/#\/schema\/logo\/image\/","url":"https:\/\/villa-perla.it\/wp-content\/uploads\/2021\/11\/villa-perla-piemone-logo-transparant-400-x-100-px.svg","contentUrl":"https:\/\/villa-perla.it\/wp-content\/uploads\/2021\/11\/villa-perla-piemone-logo-transparant-400-x-100-px.svg","caption":"Villa Perla Piemonte"},"image":{"@id":"https:\/\/villa-perla.it\/fr\/#\/schema\/logo\/image\/"},"sameAs":["https:\/\/www.facebook.com\/villaperla.piemonte","https:\/\/www.instagram.com\/villaperla_piemonte"]},{"@type":"Person","@id":"https:\/\/villa-perla.it\/fr\/#\/schema\/person\/50b32b6cf17bc1cd8759ed65996c029a","name":"Benny","image":{"@type":"ImageObject","inLanguage":"fr-FR","@id":"https:\/\/secure.gravatar.com\/avatar\/8bf9ac5b4d9ade86173c485647bdda279bf9bdd5088a0fdc4cefeb2f82d5588c?s=96&d=mm&r=g","url":"https:\/\/secure.gravatar.com\/avatar\/8bf9ac5b4d9ade86173c485647bdda279bf9bdd5088a0fdc4cefeb2f82d5588c?s=96&d=mm&r=g","contentUrl":"https:\/\/secure.gravatar.com\/avatar\/8bf9ac5b4d9ade86173c485647bdda279bf9bdd5088a0fdc4cefeb2f82d5588c?s=96&d=mm&r=g","caption":"Benny"},"url":"https:\/\/villa-perla.it\/fr\/author\/benny\/"}]}},"_links":{"self":[{"href":"https:\/\/villa-perla.it\/fr\/wp-json\/wp\/v2\/posts\/10710","targetHints":{"allow":["GET"]}}],"collection":[{"href":"https:\/\/villa-perla.it\/fr\/wp-json\/wp\/v2\/posts"}],"about":[{"href":"https:\/\/villa-perla.it\/fr\/wp-json\/wp\/v2\/types\/post"}],"author":[{"embeddable":true,"href":"https:\/\/villa-perla.it\/fr\/wp-json\/wp\/v2\/users\/5"}],"replies":[{"embeddable":true,"href":"https:\/\/villa-perla.it\/fr\/wp-json\/wp\/v2\/comments?post=10710"}],"version-history":[{"count":0,"href":"https:\/\/villa-perla.it\/fr\/wp-json\/wp\/v2\/posts\/10710\/revisions"}],"wp:featuredmedia":[{"embeddable":true,"href":"https:\/\/villa-perla.it\/fr\/wp-json\/wp\/v2\/media\/10443"}],"wp:attachment":[{"href":"https:\/\/villa-perla.it\/fr\/wp-json\/wp\/v2\/media?parent=10710"}],"wp:term":[{"taxonomy":"category","embeddable":true,"href":"https:\/\/villa-perla.it\/fr\/wp-json\/wp\/v2\/categories?post=10710"},{"taxonomy":"post_tag","embeddable":true,"href":"https:\/\/villa-perla.it\/fr\/wp-json\/wp\/v2\/tags?post=10710"}],"curies":[{"name":"wp","href":"https:\/\/api.w.org\/{rel}","templated":true}]}}