{"id":15000,"date":"2024-01-23T17:53:52","date_gmt":"2024-01-23T16:53:52","guid":{"rendered":"https:\/\/villa-perla.it\/osterferien-im-piemont-erkundungstouren-rund-um-die-villa-perla-in-costigliole-dasti\/"},"modified":"2024-07-17T13:33:18","modified_gmt":"2024-07-17T11:33:18","slug":"osterferien-im-piemont-erkundungstouren-rund-um-die-villa-perla-in-costigliole-dasti","status":"publish","type":"post","link":"https:\/\/villa-perla.it\/de\/osterferien-im-piemont-erkundungstouren-rund-um-die-villa-perla-in-costigliole-dasti\/","title":{"rendered":"Osterferien im Piemont: Erkundungstouren rund um die Villa Perla in Costigliole d&#8217;Asti"},"content":{"rendered":"\t\t<div data-elementor-type=\"wp-post\" data-elementor-id=\"15000\" class=\"elementor elementor-15000 elementor-13230\" data-elementor-post-type=\"post\">\n\t\t\t\t\t\t<section class=\"elementor-section elementor-top-section elementor-element elementor-element-2c22f9bc elementor-section-height-min-height elementor-section-content-middle elementor-section-boxed elementor-section-height-default elementor-section-items-middle\" data-id=\"2c22f9bc\" data-element_type=\"section\" data-e-type=\"section\" data-settings=\"{&quot;background_background&quot;:&quot;classic&quot;,&quot;jet_parallax_layout_list&quot;:[{&quot;_id&quot;:&quot;b571a24&quot;,&quot;jet_parallax_layout_image&quot;:{&quot;url&quot;:&quot;&quot;,&quot;id&quot;:&quot;&quot;,&quot;size&quot;:&quot;&quot;},&quot;jet_parallax_layout_image_tablet&quot;:{&quot;url&quot;:&quot;&quot;,&quot;id&quot;:&quot;&quot;,&quot;size&quot;:&quot;&quot;},&quot;jet_parallax_layout_image_mobile&quot;:{&quot;url&quot;:&quot;&quot;,&quot;id&quot;:&quot;&quot;,&quot;size&quot;:&quot;&quot;},&quot;jet_parallax_layout_speed&quot;:{&quot;unit&quot;:&quot;%&quot;,&quot;size&quot;:50,&quot;sizes&quot;:[]},&quot;jet_parallax_layout_type&quot;:&quot;scroll&quot;,&quot;jet_parallax_layout_direction&quot;:&quot;1&quot;,&quot;jet_parallax_layout_fx_direction&quot;:null,&quot;jet_parallax_layout_z_index&quot;:&quot;&quot;,&quot;jet_parallax_layout_bg_x&quot;:50,&quot;jet_parallax_layout_bg_x_tablet&quot;:&quot;&quot;,&quot;jet_parallax_layout_bg_x_mobile&quot;:&quot;&quot;,&quot;jet_parallax_layout_bg_y&quot;:50,&quot;jet_parallax_layout_bg_y_tablet&quot;:&quot;&quot;,&quot;jet_parallax_layout_bg_y_mobile&quot;:&quot;&quot;,&quot;jet_parallax_layout_bg_size&quot;:&quot;auto&quot;,&quot;jet_parallax_layout_bg_size_tablet&quot;:&quot;&quot;,&quot;jet_parallax_layout_bg_size_mobile&quot;:&quot;&quot;,&quot;jet_parallax_layout_animation_prop&quot;:&quot;transform&quot;,&quot;jet_parallax_layout_on&quot;:[&quot;desktop&quot;,&quot;tablet&quot;]}]}\">\n\t\t\t\t\t\t\t<div class=\"elementor-background-overlay\"><\/div>\n\t\t\t\t\t\t\t<div class=\"elementor-container elementor-column-gap-no\">\n\t\t\t\t\t<div class=\"elementor-column elementor-col-100 elementor-top-column elementor-element elementor-element-1014da85\" data-id=\"1014da85\" data-element_type=\"column\" data-e-type=\"column\">\n\t\t\t<div class=\"elementor-widget-wrap elementor-element-populated\">\n\t\t\t\t\t\t<div class=\"elementor-element elementor-element-87f645e elementor-widget elementor-widget-heading\" data-id=\"87f645e\" data-element_type=\"widget\" data-e-type=\"widget\" data-widget_type=\"heading.default\">\n\t\t\t\t<div class=\"elementor-widget-container\">\n\t\t\t\t\t<h1 class=\"elementor-heading-title elementor-size-default\">Osterferien in Piemonte<\/h1>\t\t\t\t<\/div>\n\t\t\t\t<\/div>\n\t\t\t\t<div class=\"elementor-element elementor-element-d65b604 elementor-align-center elementor-widget elementor-widget-post-info\" data-id=\"d65b604\" data-element_type=\"widget\" data-e-type=\"widget\" data-widget_type=\"post-info.default\">\n\t\t\t\t<div class=\"elementor-widget-container\">\n\t\t\t\t\t\t\t<ul class=\"elementor-inline-items elementor-icon-list-items elementor-post-info\">\n\t\t\t\t\t\t\t\t<li class=\"elementor-icon-list-item elementor-repeater-item-618fd2e elementor-inline-item\" itemprop=\"datePublished\">\n\t\t\t\t\t\t<a href=\"https:\/\/villa-perla.it\/de\/2024\/01\/23\/\">\n\t\t\t\t\t\t\t\t\t\t\t<span class=\"elementor-icon-list-icon\">\n\t\t\t\t\t\t\t\t<svg aria-hidden=\"true\" class=\"e-font-icon-svg e-fas-calendar\" viewBox=\"0 0 448 512\" xmlns=\"http:\/\/www.w3.org\/2000\/svg\"><path d=\"M12 192h424c6.6 0 12 5.4 12 12v260c0 26.5-21.5 48-48 48H48c-26.5 0-48-21.5-48-48V204c0-6.6 5.4-12 12-12zm436-44v-36c0-26.5-21.5-48-48-48h-48V12c0-6.6-5.4-12-12-12h-40c-6.6 0-12 5.4-12 12v52H160V12c0-6.6-5.4-12-12-12h-40c-6.6 0-12 5.4-12 12v52H48C21.5 64 0 85.5 0 112v36c0 6.6 5.4 12 12 12h424c6.6 0 12-5.4 12-12z\"><\/path><\/svg>\t\t\t\t\t\t\t<\/span>\n\t\t\t\t\t\t\t\t\t<span class=\"elementor-icon-list-text elementor-post-info__item elementor-post-info__item--type-date\">\n\t\t\t\t\t\t\t\t\t\t<time>23\/01\/2024<\/time>\t\t\t\t\t<\/span>\n\t\t\t\t\t\t\t\t\t<\/a>\n\t\t\t\t<\/li>\n\t\t\t\t<\/ul>\n\t\t\t\t\t\t<\/div>\n\t\t\t\t<\/div>\n\t\t\t\t\t<\/div>\n\t\t<\/div>\n\t\t\t\t\t<\/div>\n\t\t<\/section>\n\t\t\t\t<section class=\"elementor-section elementor-top-section elementor-element elementor-element-5216b95a elementor-section-boxed elementor-section-height-default elementor-section-height-default\" data-id=\"5216b95a\" data-element_type=\"section\" data-e-type=\"section\" data-settings=\"{&quot;jet_parallax_layout_list&quot;:[{&quot;_id&quot;:&quot;8b0c4e9&quot;,&quot;jet_parallax_layout_image&quot;:{&quot;url&quot;:&quot;&quot;,&quot;id&quot;:&quot;&quot;,&quot;size&quot;:&quot;&quot;},&quot;jet_parallax_layout_image_tablet&quot;:{&quot;url&quot;:&quot;&quot;,&quot;id&quot;:&quot;&quot;,&quot;size&quot;:&quot;&quot;},&quot;jet_parallax_layout_image_mobile&quot;:{&quot;url&quot;:&quot;&quot;,&quot;id&quot;:&quot;&quot;,&quot;size&quot;:&quot;&quot;},&quot;jet_parallax_layout_speed&quot;:{&quot;unit&quot;:&quot;%&quot;,&quot;size&quot;:50,&quot;sizes&quot;:[]},&quot;jet_parallax_layout_type&quot;:&quot;scroll&quot;,&quot;jet_parallax_layout_direction&quot;:&quot;1&quot;,&quot;jet_parallax_layout_fx_direction&quot;:null,&quot;jet_parallax_layout_z_index&quot;:&quot;&quot;,&quot;jet_parallax_layout_bg_x&quot;:50,&quot;jet_parallax_layout_bg_x_tablet&quot;:&quot;&quot;,&quot;jet_parallax_layout_bg_x_mobile&quot;:&quot;&quot;,&quot;jet_parallax_layout_bg_y&quot;:50,&quot;jet_parallax_layout_bg_y_tablet&quot;:&quot;&quot;,&quot;jet_parallax_layout_bg_y_mobile&quot;:&quot;&quot;,&quot;jet_parallax_layout_bg_size&quot;:&quot;auto&quot;,&quot;jet_parallax_layout_bg_size_tablet&quot;:&quot;&quot;,&quot;jet_parallax_layout_bg_size_mobile&quot;:&quot;&quot;,&quot;jet_parallax_layout_animation_prop&quot;:&quot;transform&quot;,&quot;jet_parallax_layout_on&quot;:[&quot;desktop&quot;,&quot;tablet&quot;]}]}\">\n\t\t\t\t\t\t<div class=\"elementor-container elementor-column-gap-default\">\n\t\t\t\t\t<div class=\"elementor-column elementor-col-50 elementor-top-column elementor-element elementor-element-2f6181f4\" data-id=\"2f6181f4\" data-element_type=\"column\" data-e-type=\"column\">\n\t\t\t<div class=\"elementor-widget-wrap elementor-element-populated\">\n\t\t\t\t\t\t<div class=\"elementor-element elementor-element-591aa44 elementor-widget elementor-widget-heading\" data-id=\"591aa44\" data-element_type=\"widget\" data-e-type=\"widget\" data-widget_type=\"heading.default\">\n\t\t\t\t<div class=\"elementor-widget-container\">\n\t\t\t\t\t<h2 class=\"elementor-heading-title elementor-size-default\">Erkundungstour rund um die Villa Perla in Costigliole d'Asti im Fr\u00fchjahr<\/h2>\t\t\t\t<\/div>\n\t\t\t\t<\/div>\n\t\t\t\t<div class=\"elementor-element elementor-element-0008288 elementor-share-buttons--view-icon elementor-share-buttons--skin-minimal elementor-share-buttons--color-custom elementor-share-buttons--shape-square elementor-grid-0 elementor-widget elementor-widget-share-buttons\" data-id=\"0008288\" data-element_type=\"widget\" data-e-type=\"widget\" data-widget_type=\"share-buttons.default\">\n\t\t\t\t<div class=\"elementor-widget-container\">\n\t\t\t\t\t\t\t<div class=\"elementor-grid\" role=\"list\">\n\t\t\t\t\t\t\t\t<div class=\"elementor-grid-item\" role=\"listitem\">\n\t\t\t\t\t\t<div class=\"elementor-share-btn elementor-share-btn_whatsapp\" role=\"button\" tabindex=\"0\" aria-label=\"Teilen auf whatsapp\">\n\t\t\t\t\t\t\t\t\t\t\t\t\t\t\t<span class=\"elementor-share-btn__icon\">\n\t\t\t\t\t\t\t\t<svg aria-hidden=\"true\" class=\"e-font-icon-svg e-fab-whatsapp\" viewBox=\"0 0 448 512\" xmlns=\"http:\/\/www.w3.org\/2000\/svg\"><path d=\"M380.9 97.1C339 55.1 283.2 32 223.9 32c-122.4 0-222 99.6-222 222 0 39.1 10.2 77.3 29.6 111L0 480l117.7-30.9c32.4 17.7 68.9 27 106.1 27h.1c122.3 0 224.1-99.6 224.1-222 0-59.3-25.2-115-67.1-157zm-157 341.6c-33.2 0-65.7-8.9-94-25.7l-6.7-4-69.8 18.3L72 359.2l-4.4-7c-18.5-29.4-28.2-63.3-28.2-98.2 0-101.7 82.8-184.5 184.6-184.5 49.3 0 95.6 19.2 130.4 54.1 34.8 34.9 56.2 81.2 56.1 130.5 0 101.8-84.9 184.6-186.6 184.6zm101.2-138.2c-5.5-2.8-32.8-16.2-37.9-18-5.1-1.9-8.8-2.8-12.5 2.8-3.7 5.6-14.3 18-17.6 21.8-3.2 3.7-6.5 4.2-12 1.4-32.6-16.3-54-29.1-75.5-66-5.7-9.8 5.7-9.1 16.3-30.3 1.8-3.7.9-6.9-.5-9.7-1.4-2.8-12.5-30.1-17.1-41.2-4.5-10.8-9.1-9.3-12.5-9.5-3.2-.2-6.9-.2-10.6-.2-3.7 0-9.7 1.4-14.8 6.9-5.1 5.6-19.4 19-19.4 46.3 0 27.3 19.9 53.7 22.6 57.4 2.8 3.7 39.1 59.7 94.8 83.8 35.2 15.2 49 16.5 66.6 13.9 10.7-1.6 32.8-13.4 37.4-26.4 4.6-13 4.6-24.1 3.2-26.4-1.3-2.5-5-3.9-10.5-6.6z\"><\/path><\/svg>\t\t\t\t\t\t\t<\/span>\n\t\t\t\t\t\t\t\t\t\t\t\t\t\t\t\t\t\t\t\t<\/div>\n\t\t\t\t\t<\/div>\n\t\t\t\t\t\t\t\t\t<div class=\"elementor-grid-item\" role=\"listitem\">\n\t\t\t\t\t\t<div class=\"elementor-share-btn elementor-share-btn_facebook\" role=\"button\" tabindex=\"0\" aria-label=\"Teilen auf facebook\">\n\t\t\t\t\t\t\t\t\t\t\t\t\t\t\t<span class=\"elementor-share-btn__icon\">\n\t\t\t\t\t\t\t\t<svg aria-hidden=\"true\" class=\"e-font-icon-svg e-fab-facebook\" viewBox=\"0 0 512 512\" xmlns=\"http:\/\/www.w3.org\/2000\/svg\"><path d=\"M504 256C504 119 393 8 256 8S8 119 8 256c0 123.78 90.69 226.38 209.25 245V327.69h-63V256h63v-54.64c0-62.15 37-96.48 93.67-96.48 27.14 0 55.52 4.84 55.52 4.84v61h-31.28c-30.8 0-40.41 19.12-40.41 38.73V256h68.78l-11 71.69h-57.78V501C413.31 482.38 504 379.78 504 256z\"><\/path><\/svg>\t\t\t\t\t\t\t<\/span>\n\t\t\t\t\t\t\t\t\t\t\t\t\t\t\t\t\t\t\t\t<\/div>\n\t\t\t\t\t<\/div>\n\t\t\t\t\t\t\t\t\t<div class=\"elementor-grid-item\" role=\"listitem\">\n\t\t\t\t\t\t<div class=\"elementor-share-btn elementor-share-btn_linkedin\" role=\"button\" tabindex=\"0\" aria-label=\"Teilen auf linkedin\">\n\t\t\t\t\t\t\t\t\t\t\t\t\t\t\t<span class=\"elementor-share-btn__icon\">\n\t\t\t\t\t\t\t\t<svg aria-hidden=\"true\" class=\"e-font-icon-svg e-fab-linkedin\" viewBox=\"0 0 448 512\" xmlns=\"http:\/\/www.w3.org\/2000\/svg\"><path d=\"M416 32H31.9C14.3 32 0 46.5 0 64.3v383.4C0 465.5 14.3 480 31.9 480H416c17.6 0 32-14.5 32-32.3V64.3c0-17.8-14.4-32.3-32-32.3zM135.4 416H69V202.2h66.5V416zm-33.2-243c-21.3 0-38.5-17.3-38.5-38.5S80.9 96 102.2 96c21.2 0 38.5 17.3 38.5 38.5 0 21.3-17.2 38.5-38.5 38.5zm282.1 243h-66.4V312c0-24.8-.5-56.7-34.5-56.7-34.6 0-39.9 27-39.9 54.9V416h-66.4V202.2h63.7v29.2h.9c8.9-16.8 30.6-34.5 62.9-34.5 67.2 0 79.7 44.3 79.7 101.9V416z\"><\/path><\/svg>\t\t\t\t\t\t\t<\/span>\n\t\t\t\t\t\t\t\t\t\t\t\t\t\t\t\t\t\t\t\t<\/div>\n\t\t\t\t\t<\/div>\n\t\t\t\t\t\t<\/div>\n\t\t\t\t\t\t<\/div>\n\t\t\t\t<\/div>\n\t\t\t\t<div class=\"elementor-element elementor-element-1bcaa596 elementor-widget__width-initial elementor-widget elementor-widget-text-editor\" data-id=\"1bcaa596\" data-element_type=\"widget\" data-e-type=\"widget\" data-widget_type=\"text-editor.default\">\n\t\t\t\t<div class=\"elementor-widget-container\">\n\t\t\t\t\t\t\t\t\t<p>Wenn Sie auf der Suche nach der perfekten Kombination aus Kultur, Gastronomie, Aktivit\u00e4ten und Entspannung sind, dann haben Sie die perfekte Gegend f\u00fcr Ihren Osterurlaub gefunden: Piemonte!<\/p>\n<p>Hier k\u00f6nnen Sie mehr dar\u00fcber lesen, wie Sie das Beste aus Ihrem Osterurlaub in Piemonte und in der Umgebung von Villa Perla Piemonte machen k\u00f6nnen.<\/p>\n<ol>\n<li>\n<p><strong>Erkunden Sie die historischen St\u00e4dtchen:<\/strong> Beginnen Sie Ihr Osterabenteuer mit einem Spaziergang durch die charmanten historischen St\u00e4dte in der N\u00e4he. St\u00e4dte wie Alba, Asti, Neive, Canelli, &#8230;. Sie k\u00f6nnen die <strong>lokalen Osterfeierlichkeiten <\/strong>genie\u00dfen <strong>. <\/strong>In vielen St\u00e4dten und D\u00f6rfern finden zu dieser Zeit Prozessionen, religi\u00f6se Zeremonien und festliche Veranstaltungen statt. Es ist eine wunderbare Gelegenheit, die lokale Kultur kennenzulernen.<\/p>\n<\/li>\n<li>\n<p><strong>Weinverkostung:<\/strong> Piemonte ist bekannt f\u00fcr seine Weinberge und die Region Langhe ist ein wahres Paradies f\u00fcr Weinliebhaber. Machen Sie eine landschaftlich reizvolle Fahrt durch die sanften H\u00fcgel, die mit Weinbergen geschm\u00fcckt sind, und besuchen Sie einige der renommierten Weing\u00fcter f\u00fcr eine k\u00f6stliche Weinverkostung. Wir haben mehrere M\u00f6glichkeiten, eine Verkostung bei einem unserer direkten Nachbarn zu organisieren, und Sie k\u00f6nnen Ihre Kisten mit Flaschen auch f\u00fcr den Versand nach Hause bestellen. Unsere Nachbarn Gianfranco Boeri und Bussi Pierro Vini bieten Ihnen das Beste aus den umliegenden H\u00fcgeln.<\/p>\n<\/li>\n<li>\n<p><strong>Die Gastronomie:<\/strong> Piemonte ist ein Synonym f\u00fcr k\u00f6stliches Essen, vor allem zu Ostern. Verw\u00f6hnen Sie Ihren Gaumen mit traditionellen Ostergerichten wie Agnolotti-Pasta, langsam gegartem Fleisch und s\u00fc\u00dfen K\u00f6stlichkeiten wie Colomba-Kuchen. Besuchen Sie die \u00f6rtlichen Agriturismo&#8217;s wie Eden im Tal unter uns, um die authentische piemontesische K\u00fcche zu genie\u00dfen. Bitte essen Sie vorher nichts, Sie sind gewarnt! Italiener k\u00f6nnen essen&#8230; Sie k\u00f6nnen auch einen Koch oder einen Fr\u00fchst\u00fccksservice engagieren, um  <\/p>\n<\/li>\n<li>\n<p><strong>Abenteuer im Freien:<\/strong> Wenn sich der Fr\u00fchling entfaltet, erwacht die piemontesische Landschaft mit fantastischen Farben und Bl\u00fcten zum Leben. Nutzen Sie das angenehme Wetter, um die Natur zu erkunden und durch die Weinberge zu wandern. Wandern Sie, reiten Sie auf einem Pferd oder fahren Sie mit dem Auto \u00fcber die malerischen Pfade und Stra\u00dfen der Langhe oder begeben Sie sich auf ein (wir empfehlen ein elektrisches) Fahrradabenteuer zwischen den D\u00f6rfern.<\/p>\n<\/li>\n<li>\n<p><strong>Entspannung in der Villa Perla:<\/strong> Nach einem Tag der Erkundung kehren Sie zur\u00fcck, um in der Villa Perla zu entspannen. Entspannen Sie sich im Garten und genie\u00dfen Sie die Aussicht, nehmen Sie ein Bad im Pool (wir \u00f6ffnen ihn je nach Wetterlage) oder machen Sie nach dem Mittagessen ein Nickerchen in einem unserer Boxspringbetten ;-)&#8230;<\/p>\n<\/li>\n<\/ol>\n<div>Das Schwimmbad wird normalerweise um den 1. Mai ge\u00f6ffnet, je nach Wetter&#8230;.<\/div>\n<div> <\/div>\n\t\t\t\t\t\t\t\t<\/div>\n\t\t\t\t<\/div>\n\t\t\t\t<div class=\"elementor-element elementor-element-d03a87e elementor-shape-circle e-grid-align-mobile-left elementor-grid-0 e-grid-align-center elementor-widget elementor-widget-social-icons\" data-id=\"d03a87e\" data-element_type=\"widget\" data-e-type=\"widget\" data-widget_type=\"social-icons.default\">\n\t\t\t\t<div class=\"elementor-widget-container\">\n\t\t\t\t\t\t\t<div class=\"elementor-social-icons-wrapper elementor-grid\" role=\"list\">\n\t\t\t\t\t\t\t<span class=\"elementor-grid-item\" role=\"listitem\">\n\t\t\t\t\t<a class=\"elementor-icon elementor-social-icon elementor-social-icon-facebook elementor-repeater-item-f6b06db\" href=\"https:\/\/www.facebook.com\/pepe1924\" target=\"_blank\">\n\t\t\t\t\t\t<span class=\"elementor-screen-only\">Facebook<\/span>\n\t\t\t\t\t\t<svg aria-hidden=\"true\" class=\"e-font-icon-svg e-fab-facebook\" viewBox=\"0 0 512 512\" xmlns=\"http:\/\/www.w3.org\/2000\/svg\"><path d=\"M504 256C504 119 393 8 256 8S8 119 8 256c0 123.78 90.69 226.38 209.25 245V327.69h-63V256h63v-54.64c0-62.15 37-96.48 93.67-96.48 27.14 0 55.52 4.84 55.52 4.84v61h-31.28c-30.8 0-40.41 19.12-40.41 38.73V256h68.78l-11 71.69h-57.78V501C413.31 482.38 504 379.78 504 256z\"><\/path><\/svg>\t\t\t\t\t<\/a>\n\t\t\t\t<\/span>\n\t\t\t\t\t\t\t<span class=\"elementor-grid-item\" role=\"listitem\">\n\t\t\t\t\t<a class=\"elementor-icon elementor-social-icon elementor-social-icon-instagram elementor-repeater-item-a2ff72c\" href=\"https:\/\/www.instagram.com\/caseificio_pepe1924\/\" target=\"_blank\">\n\t\t\t\t\t\t<span class=\"elementor-screen-only\">Instagram<\/span>\n\t\t\t\t\t\t<svg aria-hidden=\"true\" class=\"e-font-icon-svg e-fab-instagram\" viewBox=\"0 0 448 512\" xmlns=\"http:\/\/www.w3.org\/2000\/svg\"><path d=\"M224.1 141c-63.6 0-114.9 51.3-114.9 114.9s51.3 114.9 114.9 114.9S339 319.5 339 255.9 287.7 141 224.1 141zm0 189.6c-41.1 0-74.7-33.5-74.7-74.7s33.5-74.7 74.7-74.7 74.7 33.5 74.7 74.7-33.6 74.7-74.7 74.7zm146.4-194.3c0 14.9-12 26.8-26.8 26.8-14.9 0-26.8-12-26.8-26.8s12-26.8 26.8-26.8 26.8 12 26.8 26.8zm76.1 27.2c-1.7-35.9-9.9-67.7-36.2-93.9-26.2-26.2-58-34.4-93.9-36.2-37-2.1-147.9-2.1-184.9 0-35.8 1.7-67.6 9.9-93.9 36.1s-34.4 58-36.2 93.9c-2.1 37-2.1 147.9 0 184.9 1.7 35.9 9.9 67.7 36.2 93.9s58 34.4 93.9 36.2c37 2.1 147.9 2.1 184.9 0 35.9-1.7 67.7-9.9 93.9-36.2 26.2-26.2 34.4-58 36.2-93.9 2.1-37 2.1-147.8 0-184.8zM398.8 388c-7.8 19.6-22.9 34.7-42.6 42.6-29.5 11.7-99.5 9-132.1 9s-102.7 2.6-132.1-9c-19.6-7.8-34.7-22.9-42.6-42.6-11.7-29.5-9-99.5-9-132.1s-2.6-102.7 9-132.1c7.8-19.6 22.9-34.7 42.6-42.6 29.5-11.7 99.5-9 132.1-9s102.7-2.6 132.1 9c19.6 7.8 34.7 22.9 42.6 42.6 11.7 29.5 9 99.5 9 132.1s2.7 102.7-9 132.1z\"><\/path><\/svg>\t\t\t\t\t<\/a>\n\t\t\t\t<\/span>\n\t\t\t\t\t<\/div>\n\t\t\t\t\t\t<\/div>\n\t\t\t\t<\/div>\n\t\t\t\t<div class=\"elementor-element elementor-element-d94d9c9 elementor-widget elementor-widget-text-editor\" data-id=\"d94d9c9\" data-element_type=\"widget\" data-e-type=\"widget\" data-widget_type=\"text-editor.default\">\n\t\t\t\t<div class=\"elementor-widget-container\">\n\t\t\t\t\t\t\t\t\t<h3>Haben Sie Anregungen, Feedback oder Fragen?<\/h3>\n<p>Schicken Sie uns eine Whatsapp \u00fcber die Website oder mailen Sie uns direkt \u00fcber <a href=\"mailto:info@villa-perla.it\" rel=\"noopener\">info@villa-perla.it!<\/a><\/p>\t\t\t\t\t\t\t\t<\/div>\n\t\t\t\t<\/div>\n\t\t\t\t<div class=\"elementor-element elementor-element-5d00685 elementor-hidden-mobile elementor-post-navigation-borders-yes elementor-widget elementor-widget-post-navigation\" data-id=\"5d00685\" data-element_type=\"widget\" data-e-type=\"widget\" data-widget_type=\"post-navigation.default\">\n\t\t\t\t<div class=\"elementor-widget-container\">\n\t\t\t\t\t\t\t<div class=\"elementor-post-navigation\" role=\"navigation\" aria-label=\"Beitrag Navigation\">\n\t\t\t<div class=\"elementor-post-navigation__prev elementor-post-navigation__link\">\n\t\t\t\t<a href=\"https:\/\/villa-perla.it\/de\/kaeseverkostung-bei-caseificio-pepe-1924-in-costigliole-dasti\/\" rel=\"prev\"><span class=\"post-navigation__arrow-wrapper post-navigation__arrow-prev\"><svg aria-hidden=\"true\" class=\"e-font-icon-svg e-fas-angle-left\" viewBox=\"0 0 256 512\" xmlns=\"http:\/\/www.w3.org\/2000\/svg\"><path d=\"M31.7 239l136-136c9.4-9.4 24.6-9.4 33.9 0l22.6 22.6c9.4 9.4 9.4 24.6 0 33.9L127.9 256l96.4 96.4c9.4 9.4 9.4 24.6 0 33.9L201.7 409c-9.4 9.4-24.6 9.4-33.9 0l-136-136c-9.5-9.4-9.5-24.6-.1-34z\"><\/path><\/svg><span class=\"elementor-screen-only\">Zur\u00fcck<\/span><\/span><span class=\"elementor-post-navigation__link__prev\"><span class=\"post-navigation__prev--label\">Vorherige<\/span><span class=\"post-navigation__prev--title\">K\u00e4severkostung bei Caseificio &#8222;Pepe 1924&#8220; in Costigliole d&#8217;Asti<\/span><\/span><\/a>\t\t\t<\/div>\n\t\t\t\t\t\t\t<div class=\"elementor-post-navigation__separator-wrapper\">\n\t\t\t\t\t<div class=\"elementor-post-navigation__separator\"><\/div>\n\t\t\t\t<\/div>\n\t\t\t\t\t\t<div class=\"elementor-post-navigation__next elementor-post-navigation__link\">\n\t\t\t\t<a href=\"https:\/\/villa-perla.it\/de\/yoga-in-den-weinbergen\/\" rel=\"next\"><span class=\"elementor-post-navigation__link__next\"><span class=\"post-navigation__next--label\">Weiter<\/span><span class=\"post-navigation__next--title\">Yoga in der Villa Perla oder in den Weinbergen<\/span><\/span><span class=\"post-navigation__arrow-wrapper post-navigation__arrow-next\"><svg aria-hidden=\"true\" class=\"e-font-icon-svg e-fas-angle-right\" viewBox=\"0 0 256 512\" xmlns=\"http:\/\/www.w3.org\/2000\/svg\"><path d=\"M224.3 273l-136 136c-9.4 9.4-24.6 9.4-33.9 0l-22.6-22.6c-9.4-9.4-9.4-24.6 0-33.9l96.4-96.4-96.4-96.4c-9.4-9.4-9.4-24.6 0-33.9L54.3 103c9.4-9.4 24.6-9.4 33.9 0l136 136c9.5 9.4 9.5 24.6.1 34z\"><\/path><\/svg><span class=\"elementor-screen-only\">N\u00e4chster<\/span><\/span><\/a>\t\t\t<\/div>\n\t\t<\/div>\n\t\t\t\t\t\t<\/div>\n\t\t\t\t<\/div>\n\t\t\t\t\t<\/div>\n\t\t<\/div>\n\t\t\t\t<div class=\"elementor-column elementor-col-50 elementor-top-column elementor-element elementor-element-8e05d25\" data-id=\"8e05d25\" data-element_type=\"column\" data-e-type=\"column\" data-settings=\"{&quot;background_background&quot;:&quot;classic&quot;}\">\n\t\t\t<div class=\"elementor-widget-wrap elementor-element-populated\">\n\t\t\t\t\t\t<div class=\"elementor-element elementor-element-9303d87 elementor-widget elementor-widget-heading\" data-id=\"9303d87\" data-element_type=\"widget\" data-e-type=\"widget\" data-widget_type=\"heading.default\">\n\t\t\t\t<div class=\"elementor-widget-container\">\n\t\t\t\t\t<h2 class=\"elementor-heading-title elementor-size-default\">Lesen Sie auch:<\/h2>\t\t\t\t<\/div>\n\t\t\t\t<\/div>\n\t\t\t\t<div class=\"elementor-element elementor-element-7408a82 elementor-grid-1 elementor-posts--align-left elementor-grid-tablet-2 elementor-grid-mobile-1 elementor-posts--thumbnail-top elementor-widget elementor-widget-posts\" data-id=\"7408a82\" data-element_type=\"widget\" data-e-type=\"widget\" data-settings=\"{&quot;classic_columns&quot;:&quot;1&quot;,&quot;classic_columns_tablet&quot;:&quot;2&quot;,&quot;classic_columns_mobile&quot;:&quot;1&quot;,&quot;classic_row_gap&quot;:{&quot;unit&quot;:&quot;px&quot;,&quot;size&quot;:35,&quot;sizes&quot;:[]},&quot;classic_row_gap_tablet&quot;:{&quot;unit&quot;:&quot;px&quot;,&quot;size&quot;:&quot;&quot;,&quot;sizes&quot;:[]},&quot;classic_row_gap_mobile&quot;:{&quot;unit&quot;:&quot;px&quot;,&quot;size&quot;:&quot;&quot;,&quot;sizes&quot;:[]}}\" data-widget_type=\"posts.classic\">\n\t\t\t\t<div class=\"elementor-widget-container\">\n\t\t\t\t\t\t\t<div class=\"elementor-posts-container elementor-posts elementor-posts--skin-classic elementor-grid\" role=\"list\">\n\t\t\t\t<article class=\"elementor-post elementor-grid-item post-19758 post type-post status-publish format-standard has-post-thumbnail hentry category-villa-perla-de-2 tag-to-do-de\" role=\"listitem\">\n\t\t\t\t<a class=\"elementor-post__thumbnail__link\" href=\"https:\/\/villa-perla.it\/de\/aufenthalt-mit-hund-in-der-villa-perla-in-piemonte\/\" tabindex=\"-1\" >\n\t\t\t<div class=\"elementor-post__thumbnail\"><img fetchpriority=\"high\" decoding=\"async\" width=\"300\" height=\"169\" src=\"https:\/\/villa-perla.it\/wp-content\/uploads\/2024\/05\/villa-perla-piemonte-holiday-house-poolside-300x169.jpg\" class=\"attachment-medium size-medium wp-image-14489\" alt=\"\" srcset=\"https:\/\/villa-perla.it\/wp-content\/uploads\/2024\/05\/villa-perla-piemonte-holiday-house-poolside-300x169.jpg 300w, https:\/\/villa-perla.it\/wp-content\/uploads\/2024\/05\/villa-perla-piemonte-holiday-house-poolside-1024x576.jpg 1024w, https:\/\/villa-perla.it\/wp-content\/uploads\/2024\/05\/villa-perla-piemonte-holiday-house-poolside-768x432.jpg 768w, https:\/\/villa-perla.it\/wp-content\/uploads\/2024\/05\/villa-perla-piemonte-holiday-house-poolside-1536x864.jpg 1536w, https:\/\/villa-perla.it\/wp-content\/uploads\/2024\/05\/villa-perla-piemonte-holiday-house-poolside-2048x1152.jpg 2048w\" sizes=\"(max-width: 300px) 100vw, 300px\" \/><\/div>\n\t\t<\/a>\n\t\t\t\t<div class=\"elementor-post__text\">\n\t\t\t\t<h3 class=\"elementor-post__title\">\n\t\t\t<a href=\"https:\/\/villa-perla.it\/de\/aufenthalt-mit-hund-in-der-villa-perla-in-piemonte\/\" >\n\t\t\t\tAufenthalt mit Hund in der Villa Perla in Piemonte\t\t\t<\/a>\n\t\t<\/h3>\n\t\t\t\t<div class=\"elementor-post__meta-data\">\n\t\t\t\t\t<span class=\"elementor-post-date\">\n\t\t\t13. April 2026\t\t<\/span>\n\t\t\t\t<\/div>\n\t\t\n\t\t<a class=\"elementor-post__read-more\" href=\"https:\/\/villa-perla.it\/de\/aufenthalt-mit-hund-in-der-villa-perla-in-piemonte\/\" aria-label=\"Mehr \u00fcber Aufenthalt mit Hund in der Villa Perla in Piemonte\" tabindex=\"-1\" >\n\t\t\tMehr lesen \"\t\t<\/a>\n\n\t\t\t\t<\/div>\n\t\t\t\t<\/article>\n\t\t\t\t<article class=\"elementor-post elementor-grid-item post-19692 post type-post status-publish format-standard has-post-thumbnail hentry category-to-do-de tag-to-do-de\" role=\"listitem\">\n\t\t\t\t<a class=\"elementor-post__thumbnail__link\" href=\"https:\/\/villa-perla.it\/de\/entfernungen-zwischen-villa-perla-und-den-schoensten-doerfern-des-piemonte\/\" tabindex=\"-1\" >\n\t\t\t<div class=\"elementor-post__thumbnail\"><img decoding=\"async\" width=\"300\" height=\"257\" src=\"https:\/\/villa-perla.it\/wp-content\/uploads\/2024\/08\/villa-perla-piemonte-daytrip-neive-art-featured-300x257.jpg\" class=\"attachment-medium size-medium wp-image-15391\" alt=\"\" srcset=\"https:\/\/villa-perla.it\/wp-content\/uploads\/2024\/08\/villa-perla-piemonte-daytrip-neive-art-featured-300x257.jpg 300w, https:\/\/villa-perla.it\/wp-content\/uploads\/2024\/08\/villa-perla-piemonte-daytrip-neive-art-featured-1024x877.jpg 1024w, https:\/\/villa-perla.it\/wp-content\/uploads\/2024\/08\/villa-perla-piemonte-daytrip-neive-art-featured-768x658.jpg 768w, https:\/\/villa-perla.it\/wp-content\/uploads\/2024\/08\/villa-perla-piemonte-daytrip-neive-art-featured-1536x1315.jpg 1536w, https:\/\/villa-perla.it\/wp-content\/uploads\/2024\/08\/villa-perla-piemonte-daytrip-neive-art-featured-2048x1754.jpg 2048w\" sizes=\"(max-width: 300px) 100vw, 300px\" \/><\/div>\n\t\t<\/a>\n\t\t\t\t<div class=\"elementor-post__text\">\n\t\t\t\t<h3 class=\"elementor-post__title\">\n\t\t\t<a href=\"https:\/\/villa-perla.it\/de\/entfernungen-zwischen-villa-perla-und-den-schoensten-doerfern-des-piemonte\/\" >\n\t\t\t\tEntfernungen zwischen Villa Perla und den sch\u00f6nsten D\u00f6rfern des Piemonte\t\t\t<\/a>\n\t\t<\/h3>\n\t\t\t\t<div class=\"elementor-post__meta-data\">\n\t\t\t\t\t<span class=\"elementor-post-date\">\n\t\t\t25. Februar 2026\t\t<\/span>\n\t\t\t\t<\/div>\n\t\t\n\t\t<a class=\"elementor-post__read-more\" href=\"https:\/\/villa-perla.it\/de\/entfernungen-zwischen-villa-perla-und-den-schoensten-doerfern-des-piemonte\/\" aria-label=\"Mehr \u00fcber Entfernungen zwischen Villa Perla und den sch\u00f6nsten D\u00f6rfern des Piemonte\" tabindex=\"-1\" >\n\t\t\tMehr lesen \"\t\t<\/a>\n\n\t\t\t\t<\/div>\n\t\t\t\t<\/article>\n\t\t\t\t<article class=\"elementor-post elementor-grid-item post-19321 post type-post status-publish format-standard has-post-thumbnail hentry category-to-do-de\" role=\"listitem\">\n\t\t\t\t<a class=\"elementor-post__thumbnail__link\" href=\"https:\/\/villa-perla.it\/de\/websites-fuer-ferienhaeuser\/\" tabindex=\"-1\" >\n\t\t\t<div class=\"elementor-post__thumbnail\"><img decoding=\"async\" width=\"300\" height=\"270\" src=\"https:\/\/villa-perla.it\/wp-content\/uploads\/2023\/08\/villa-perla-piemonte-holiday-house-with-pool-002-2023-300x270.jpg\" class=\"attachment-medium size-medium wp-image-11136\" alt=\"Villa Perla Piemonte - living room view\" srcset=\"https:\/\/villa-perla.it\/wp-content\/uploads\/2023\/08\/villa-perla-piemonte-holiday-house-with-pool-002-2023-300x270.jpg 300w, https:\/\/villa-perla.it\/wp-content\/uploads\/2023\/08\/villa-perla-piemonte-holiday-house-with-pool-002-2023-1024x922.jpg 1024w, https:\/\/villa-perla.it\/wp-content\/uploads\/2023\/08\/villa-perla-piemonte-holiday-house-with-pool-002-2023-768x691.jpg 768w, https:\/\/villa-perla.it\/wp-content\/uploads\/2023\/08\/villa-perla-piemonte-holiday-house-with-pool-002-2023-1536x1382.jpg 1536w, https:\/\/villa-perla.it\/wp-content\/uploads\/2023\/08\/villa-perla-piemonte-holiday-house-with-pool-002-2023.jpg 2048w\" sizes=\"(max-width: 300px) 100vw, 300px\" \/><\/div>\n\t\t<\/a>\n\t\t\t\t<div class=\"elementor-post__text\">\n\t\t\t\t<h3 class=\"elementor-post__title\">\n\t\t\t<a href=\"https:\/\/villa-perla.it\/de\/websites-fuer-ferienhaeuser\/\" >\n\t\t\t\tWebsites f\u00fcr Ferienh\u00e4user\t\t\t<\/a>\n\t\t<\/h3>\n\t\t\t\t<div class=\"elementor-post__meta-data\">\n\t\t\t\t\t<span class=\"elementor-post-date\">\n\t\t\t23. Februar 2026\t\t<\/span>\n\t\t\t\t<\/div>\n\t\t\n\t\t<a class=\"elementor-post__read-more\" href=\"https:\/\/villa-perla.it\/de\/websites-fuer-ferienhaeuser\/\" aria-label=\"Mehr \u00fcber Websites f\u00fcr Ferienh\u00e4user\" tabindex=\"-1\" >\n\t\t\tMehr lesen \"\t\t<\/a>\n\n\t\t\t\t<\/div>\n\t\t\t\t<\/article>\n\t\t\t\t<article class=\"elementor-post elementor-grid-item post-19251 post type-post status-publish format-standard has-post-thumbnail hentry category-to-do-de\" role=\"listitem\">\n\t\t\t\t<a class=\"elementor-post__thumbnail__link\" href=\"https:\/\/villa-perla.it\/de\/entdecken-sie-eleven30-fruehstuecks-und-mittagsservice\/\" tabindex=\"-1\" >\n\t\t\t<div class=\"elementor-post__thumbnail\"><img loading=\"lazy\" decoding=\"async\" width=\"300\" height=\"300\" src=\"https:\/\/villa-perla.it\/wp-content\/uploads\/2026\/01\/eleven30-logo-300x300.png\" class=\"attachment-medium size-medium wp-image-19148\" alt=\"\" srcset=\"https:\/\/villa-perla.it\/wp-content\/uploads\/2026\/01\/eleven30-logo-300x300.png 300w, https:\/\/villa-perla.it\/wp-content\/uploads\/2026\/01\/eleven30-logo-150x150.png 150w, https:\/\/villa-perla.it\/wp-content\/uploads\/2026\/01\/eleven30-logo-100x100.png 100w, https:\/\/villa-perla.it\/wp-content\/uploads\/2026\/01\/eleven30-logo.png 500w\" sizes=\"(max-width: 300px) 100vw, 300px\" \/><\/div>\n\t\t<\/a>\n\t\t\t\t<div class=\"elementor-post__text\">\n\t\t\t\t<h3 class=\"elementor-post__title\">\n\t\t\t<a href=\"https:\/\/villa-perla.it\/de\/entdecken-sie-eleven30-fruehstuecks-und-mittagsservice\/\" >\n\t\t\t\tEntdecken Sie Eleven30 &#8211; Fr\u00fchst\u00fccks- und Mittagsservice\t\t\t<\/a>\n\t\t<\/h3>\n\t\t\t\t<div class=\"elementor-post__meta-data\">\n\t\t\t\t\t<span class=\"elementor-post-date\">\n\t\t\t16. Januar 2026\t\t<\/span>\n\t\t\t\t<\/div>\n\t\t\n\t\t<a class=\"elementor-post__read-more\" href=\"https:\/\/villa-perla.it\/de\/entdecken-sie-eleven30-fruehstuecks-und-mittagsservice\/\" aria-label=\"Mehr \u00fcber Entdecken Sie Eleven30 &#8211; Fr\u00fchst\u00fccks- und Mittagsservice\" tabindex=\"-1\" >\n\t\t\tMehr lesen \"\t\t<\/a>\n\n\t\t\t\t<\/div>\n\t\t\t\t<\/article>\n\t\t\t\t<article class=\"elementor-post elementor-grid-item post-10712 post type-post status-publish format-standard has-post-thumbnail hentry category-villa-perla-de-2 tag-to-do-de\" role=\"listitem\">\n\t\t\t\t<a class=\"elementor-post__thumbnail__link\" href=\"https:\/\/villa-perla.it\/de\/what-to-do-around-villa-perla-piemonte-in-autumn\/\" tabindex=\"-1\" >\n\t\t\t<div class=\"elementor-post__thumbnail\"><img loading=\"lazy\" decoding=\"async\" width=\"300\" height=\"225\" src=\"https:\/\/villa-perla.it\/wp-content\/uploads\/2023\/03\/villa-perla-piemonte-what-to-do-in-autumn-300x225.jpg\" class=\"attachment-medium size-medium wp-image-10225\" alt=\"\" srcset=\"https:\/\/villa-perla.it\/wp-content\/uploads\/2023\/03\/villa-perla-piemonte-what-to-do-in-autumn-300x225.jpg 300w, https:\/\/villa-perla.it\/wp-content\/uploads\/2023\/03\/villa-perla-piemonte-what-to-do-in-autumn-1024x768.jpg 1024w, https:\/\/villa-perla.it\/wp-content\/uploads\/2023\/03\/villa-perla-piemonte-what-to-do-in-autumn-768x576.jpg 768w, https:\/\/villa-perla.it\/wp-content\/uploads\/2023\/03\/villa-perla-piemonte-what-to-do-in-autumn-1536x1152.jpg 1536w, https:\/\/villa-perla.it\/wp-content\/uploads\/2023\/03\/villa-perla-piemonte-what-to-do-in-autumn-2048x1536.jpg 2048w\" sizes=\"(max-width: 300px) 100vw, 300px\" \/><\/div>\n\t\t<\/a>\n\t\t\t\t<div class=\"elementor-post__text\">\n\t\t\t\t<h3 class=\"elementor-post__title\">\n\t\t\t<a href=\"https:\/\/villa-perla.it\/de\/what-to-do-around-villa-perla-piemonte-in-autumn\/\" >\n\t\t\t\tWas kann man im Herbst in der Umgebung von Villa Perla Piemonte unternehmen?\t\t\t<\/a>\n\t\t<\/h3>\n\t\t\t\t<div class=\"elementor-post__meta-data\">\n\t\t\t\t\t<span class=\"elementor-post-date\">\n\t\t\t1. September 2024\t\t<\/span>\n\t\t\t\t<\/div>\n\t\t\n\t\t<a class=\"elementor-post__read-more\" href=\"https:\/\/villa-perla.it\/de\/what-to-do-around-villa-perla-piemonte-in-autumn\/\" aria-label=\"Mehr \u00fcber Was kann man im Herbst in der Umgebung von Villa Perla Piemonte unternehmen?\" tabindex=\"-1\" >\n\t\t\tMehr lesen \"\t\t<\/a>\n\n\t\t\t\t<\/div>\n\t\t\t\t<\/article>\n\t\t\t\t<article class=\"elementor-post elementor-grid-item post-15503 post type-post status-publish format-standard has-post-thumbnail hentry category-to-do-de tag-to-do-de\" role=\"listitem\">\n\t\t\t\t<a class=\"elementor-post__thumbnail__link\" href=\"https:\/\/villa-perla.it\/de\/villa-perla-tagesausflug-1-neive-alba-barolo-canelli\/\" tabindex=\"-1\" >\n\t\t\t<div class=\"elementor-post__thumbnail\"><img decoding=\"async\" width=\"300\" height=\"257\" src=\"https:\/\/villa-perla.it\/wp-content\/uploads\/2024\/08\/villa-perla-piemonte-daytrip-neive-art-featured-300x257.jpg\" class=\"attachment-medium size-medium wp-image-15391\" alt=\"\" srcset=\"https:\/\/villa-perla.it\/wp-content\/uploads\/2024\/08\/villa-perla-piemonte-daytrip-neive-art-featured-300x257.jpg 300w, https:\/\/villa-perla.it\/wp-content\/uploads\/2024\/08\/villa-perla-piemonte-daytrip-neive-art-featured-1024x877.jpg 1024w, https:\/\/villa-perla.it\/wp-content\/uploads\/2024\/08\/villa-perla-piemonte-daytrip-neive-art-featured-768x658.jpg 768w, https:\/\/villa-perla.it\/wp-content\/uploads\/2024\/08\/villa-perla-piemonte-daytrip-neive-art-featured-1536x1315.jpg 1536w, https:\/\/villa-perla.it\/wp-content\/uploads\/2024\/08\/villa-perla-piemonte-daytrip-neive-art-featured-2048x1754.jpg 2048w\" sizes=\"(max-width: 300px) 100vw, 300px\" \/><\/div>\n\t\t<\/a>\n\t\t\t\t<div class=\"elementor-post__text\">\n\t\t\t\t<h3 class=\"elementor-post__title\">\n\t\t\t<a href=\"https:\/\/villa-perla.it\/de\/villa-perla-tagesausflug-1-neive-alba-barolo-canelli\/\" >\n\t\t\t\tVilla Perla Tagesausflug 1: Neive, Alba, Barolo &amp; Canelli\t\t\t<\/a>\n\t\t<\/h3>\n\t\t\t\t<div class=\"elementor-post__meta-data\">\n\t\t\t\t\t<span class=\"elementor-post-date\">\n\t\t\t13. August 2024\t\t<\/span>\n\t\t\t\t<\/div>\n\t\t\n\t\t<a class=\"elementor-post__read-more\" href=\"https:\/\/villa-perla.it\/de\/villa-perla-tagesausflug-1-neive-alba-barolo-canelli\/\" aria-label=\"Mehr \u00fcber Villa Perla Tagesausflug 1: Neive, Alba, Barolo &amp; Canelli\" tabindex=\"-1\" >\n\t\t\tMehr lesen \"\t\t<\/a>\n\n\t\t\t\t<\/div>\n\t\t\t\t<\/article>\n\t\t\t\t<\/div>\n\t\t\n\t\t\t\t\t\t<\/div>\n\t\t\t\t<\/div>\n\t\t\t\t<section class=\"elementor-section elementor-inner-section elementor-element elementor-element-7ae351a elementor-section-boxed elementor-section-height-default elementor-section-height-default\" data-id=\"7ae351a\" data-element_type=\"section\" data-e-type=\"section\" data-settings=\"{&quot;background_background&quot;:&quot;classic&quot;,&quot;jet_parallax_layout_list&quot;:[]}\">\n\t\t\t\t\t\t<div class=\"elementor-container elementor-column-gap-default\">\n\t\t\t\t\t<div class=\"elementor-column elementor-col-100 elementor-inner-column elementor-element elementor-element-9ea2a5a\" data-id=\"9ea2a5a\" data-element_type=\"column\" data-e-type=\"column\" data-settings=\"{&quot;background_background&quot;:&quot;classic&quot;}\">\n\t\t\t<div class=\"elementor-widget-wrap elementor-element-populated\">\n\t\t\t\t\t\t<div class=\"elementor-element elementor-element-5f31892 elementor-widget elementor-widget-heading\" data-id=\"5f31892\" data-element_type=\"widget\" data-e-type=\"widget\" data-widget_type=\"heading.default\">\n\t\t\t\t<div class=\"elementor-widget-container\">\n\t\t\t\t\t<h2 class=\"elementor-heading-title elementor-size-default\">Subscribe to our <br>MONTHLY newsletter<\/h2>\t\t\t\t<\/div>\n\t\t\t\t<\/div>\n\t\t\t\t<div class=\"elementor-element elementor-element-1eb4117 elementor-widget elementor-widget-shortcode\" data-id=\"1eb4117\" data-element_type=\"widget\" data-e-type=\"widget\" data-widget_type=\"shortcode.default\">\n\t\t\t\t<div class=\"elementor-widget-container\">\n\t\t\t\t\t<script type=\"text\/javascript\" src=\"https:\/\/villa-perla.it\/wp-content\/plugins\/acymailing\/media\/js\/module.min.js?v=1082\"><\/script><script type=\"text\/javascript\">\n        if(typeof acymModule === 'undefined'){\n            var acymModule = [];\n\t\t\tacymModule['emailRegex'] = \/^[a-z0-9!#$%&\\'*+\\\/=?^_`{|}~-]+(?:\\.[a-z0-9!#$%&\\'*+\\\/=?^_`{|}~-]+)*\\@([a-z0-9-]+\\.)+[a-z0-9]{2,20}$\/i;\n\t\t\tacymModule['NAMECAPTION'] = 'Name';\n\t\t\tacymModule['NAME_MISSING'] = 'Bitte deinen Namen eingeben';\n\t\t\tacymModule['EMAILCAPTION'] = 'E-Mail';\n\t\t\tacymModule['VALID_EMAIL'] = 'Bitte eine g\u00fcltige E-Mail-Adresse eingeben';\n\t\t\tacymModule['VALID_EMAIL_CONFIRMATION'] = 'E-Mail-Feld und E-Mail-Best\u00e4tigungsfeld m\u00fcssen identisch sein';\n\t\t\tacymModule['CAPTCHA_MISSING'] = 'Das Captcha ist ung\u00fcltig, bitte versuche es erneut';\n\t\t\tacymModule['NO_LIST_SELECTED'] = 'Bitte w\u00e4hle die Listen aus, die du abonnieren m\u00f6chtest';\n\t\t\tacymModule['NO_LIST_SELECTED_UNSUB'] = 'Bitte w\u00e4hle die Listen aus, von denen du sich abmelden m\u00f6chtest';\n            acymModule['ACCEPT_TERMS'] = 'Bitte die Datenschutzerkl\u00e4rung und ggf. die Allgemeinen Gesch\u00e4ftsbedingungen lesen und akzeptieren';\n        }\n\t\t<\/script>\t\t<div class=\"elementor-shortcode\"><div id=\"acym_fulldiv_formAcym2\" class=\"acym__subscription__form__shortcode acym__subscription__form-erase\">\n    <form action=\"https:\/\/villa-perla.it\/de\/index.php?page=acymailing_front&ctrl=frontusers&noheader=1\" id=\"formAcym2\" name=\"formAcym2\" enctype=\"multipart\/form-data\" onsubmit=\"return submitAcymForm('subscribe','formAcym2', 'acymSubmitSubForm')\"><div class=\"acym__subscription__form__fields\">\n    <div class=\"onefield fieldacy1 acyfield_text\" id=\"field_1\"><label class=\"cell margin-top-1\"><span class=\"acym__users__creation__fields__title\">Name<\/span><input autocomplete=\"name\"  name=\"user[name]\" value=\"\" data-authorized-content=\"{&quot;0&quot;:&quot;all&quot;,&quot;regex&quot;:&quot;&quot;,&quot;message&quot;:&quot;Falscher Wert f\\u00fcr das Feld Name&quot;}\" type=\"text\" class=\"cell\"><\/label><div class=\"acym__field__error__block\" data-acym-field-id=\"1\"><\/div><\/div><div class=\"onefield fieldacy2 acyfield_text\" id=\"field_2\"><label class=\"cell margin-top-1\"><span class=\"acym__users__creation__fields__title\">E-Mail<\/span><input autocomplete=\"email\" id=\"email_field_727\"  name=\"user[email]\" value=\"\" data-authorized-content=\"{&quot;0&quot;:&quot;all&quot;,&quot;regex&quot;:&quot;&quot;,&quot;message&quot;:&quot;Falscher Wert f\\u00fcr das Feld E-Mail&quot;}\" required type=\"email\" class=\"cell acym__user__edit__email\"><\/label><div class=\"acym__field__error__block\" data-acym-field-id=\"2\"><\/div><\/div><div class=\"acym__subscription__form__lists\">\n    <input type=\"hidden\" name=\"hiddenlists\" value=\"1\">\t<style>\n\t\t#acym_fulldiv_formAcym2 .acym__subscription__form__fields .acym__subscription__form__lists{\n\t\t\tdisplay: inline-block;\n\t\t\twidth: auto;\n\t\t\tmargin: 0 20px;\n\t\t\ttext-align: left;\n\t\t}\n\n\t\t#acym_fulldiv_formAcym2 .acym__subscription__form__fields .acym__subscription__form__lists label{\n\t\t\tdisplay: inline-block;\n\t\t\tmargin-right: 10px;\n\t\t\twidth: auto;\n\t\t}\n\n\t\t#acym_fulldiv_formAcym2 .acym__subscription__form__fields .acym__subscription__form__lists input[type=\"checkbox\"]{\n\t\t\tmargin-top: 0 !important;\n\t\t\tmargin-right: 5px;\n\t\t}\n\t<\/style>\n<\/div>\n<div class=\"acym__subscription__form__termscond\"><div class=\"onefield fieldacyterms\" id=\"field_terms_formAcym2\"><label for=\"mailingdata_terms_formAcym2\"><input id=\"mailingdata_terms_formAcym2\" class=\"checkbox\" type=\"checkbox\" name=\"terms\" title=\"Allgemeine Gesch\u00e4ftsbedingungen\"\/> Ich habe die <a title=\"Allgemeine Gesch\u00e4ftsbedingungen\" href=\"https:\/\/villa-perla.it\/cookie-privacy-policy\/\" target=\"_blank\">Allgemeine Gesch\u00e4ftsbedingungen<\/a> und <a title=\"Datenschutzerkl\u00e4rung\" href=\"https:\/\/villa-perla.it\/cookie-privacy-policy\/\" target=\"_blank\">Datenschutzerkl\u00e4rung<\/a> gelesen, verstanden und akzeptiert<\/label><\/div>\n\t<style>\n\t\t.acym__subscription__form__header .acym__subscription__form__termscond,\n\t\t.acym__subscription__form__footer .acym__subscription__form__termscond{\n\t\t\tmax-width: 250px;\n\t\t}\n\n\t\t#acym_fulldiv_formAcym2 .acym__subscription__form__fields .acym__subscription__form__termscond input[type=\"checkbox\"]{\n\t\t\tmargin-top: 0 !important;\n\t\t}\n\t<\/style>\n\t<\/div>\n\t<style>\n\t\t#acym_fulldiv_formAcym2 .acym__subscription__form__fields{\n\t\t\tdisplay: flex;\n\t\t\tjustify-content: center;\n\t\t\talign-items: center\n\t\t}\n\n\t\t#acym_fulldiv_formAcym2 .acym__subscription__form__fields > *{\n\t\t\tmargin: 10px auto !important;\n\t\t}\n\t<\/style>\n<\/div>\n<div class=\"acym__subscription__form__button\">\n    \t<button type=\"submit\">\n        Abonnieren\t<\/button>\n\t<style>\n\t\t#acym_fulldiv_formAcym2 .acym__subscription__form__button{\n\t\t\tdisplay: flex;\n\t\t\tjustify-content: center;\n\t\t\talign-items: center\n\t\t}\n\n\t\t#acym_fulldiv_formAcym2 .acym__subscription__form__button button{\n\t\t\tbackground-color: #000000;\n\t\t\tcolor: #ffffff;\n\t\t\tborder-width: 0px;\n\t\t\tborder-style: solid;\n\t\t\tborder-color: #000000;\n\t\t\tborder-radius: 0px;\n\t\t\tpadding: 10px 20px;\n\t\t}\n\t<\/style>\n<\/div>\n<input type=\"hidden\" name=\"ctrl\" value=\"frontusers\" \/>\n<input type=\"hidden\" name=\"task\" value=\"notask\" \/>\n<input type=\"hidden\" name=\"page\" value=\"acymailing_front\" \/>\n<input type=\"hidden\" name=\"option\" value=\"acymailing\" \/>\n<input type=\"hidden\" name=\"acy_source\" value=\"Form ID 2\">\n<input type=\"hidden\" name=\"acyformname\" value=\"formAcym2\">\n<input type=\"hidden\" name=\"acymformtype\" value=\"shortcode\">\n<input type=\"hidden\" name=\"acysubmode\" value=\"form_acym\">\n\n<input type=\"hidden\" name=\"redirect\" value=\"https:\/\/villa-perla.it\/blog\/\">\n<input type=\"hidden\" name=\"ajax\" value=\"0\">\n<input type=\"hidden\"\n\t   name=\"confirmation_message\"\n\t   value=\"Thanks a lot for subscribing to our newsletter! We will not spam your inbox!\">\n\t<\/form>\n<\/div>\n<style>\n\t#acym_fulldiv_formAcym2.acym__subscription__form__shortcode{\n\t\theight: 300px;\n\t\tmax-width: 400px;\n\t\tbackground-color: #ffffff;\n\t\tcolor: #000000 !important;\n\t\tpadding: .5rem;\n\t\ttext-align: center;\n\t\tdisplay: flex;\n\t\tjustify-content: center;\n\t\talign-items: center;\n\t\tmargin: 1rem auto;\n\t}\n\n\t#acym_fulldiv_formAcym2.acym__subscription__form__shortcode .responseContainer{\n\t\tmargin-bottom: 0 !important;\n\t\tpadding: .4rem !important;\n\t}\n\n\t#acym_fulldiv_formAcym2.acym__subscription__form__shortcode #formAcym2{\n\t\tmargin: 0;\n\t}\n\n\t#acym_fulldiv_formAcym2.acym__subscription__form__shortcode .acym__subscription__form__fields, #acym_fulldiv_formAcym2.acym__subscription__form__shortcode .acym__subscription__form__button{\n\t\tdisplay: block;\n\t\twidth: 100%;\n\t\tmargin: 1rem 0 !important;\n\t}\n\n\t#acym_fulldiv_formAcym2.acym__subscription__form__shortcode .acym__subscription__form__fields .acym__subscription__form__lists{\n\t\tdisplay: block;\n\t\twidth: 100%;\n\t\tmargin: 1rem 10px !important;\n\t}\n\n\t#acym_fulldiv_formAcym2.acym__subscription__form__shortcode .acym__subscription__form__fields > *:not(style){\n\t\tdisplay: block;\n\t}\n\n\t<\/style>\n<\/div>\n\t\t\t\t\t\t<\/div>\n\t\t\t\t<\/div>\n\t\t\t\t\t<\/div>\n\t\t<\/div>\n\t\t\t\t\t<\/div>\n\t\t<\/section>\n\t\t\t\t\t<\/div>\n\t\t<\/div>\n\t\t\t\t\t<\/div>\n\t\t<\/section>\n\t\t\t\t<section class=\"elementor-section elementor-top-section elementor-element elementor-element-7450063 elementor-section-boxed elementor-section-height-default elementor-section-height-default\" data-id=\"7450063\" data-element_type=\"section\" data-e-type=\"section\" data-settings=\"{&quot;jet_parallax_layout_list&quot;:[]}\">\n\t\t\t\t\t\t<div class=\"elementor-container elementor-column-gap-default\">\n\t\t\t\t\t<div class=\"elementor-column elementor-col-100 elementor-top-column elementor-element elementor-element-9bec65b\" data-id=\"9bec65b\" data-element_type=\"column\" data-e-type=\"column\">\n\t\t\t<div class=\"elementor-widget-wrap elementor-element-populated\">\n\t\t\t\t\t\t<div class=\"elementor-element elementor-element-8334a57 elementor-widget-divider--view-line_icon elementor-view-default elementor-widget-divider--element-align-center elementor-widget elementor-widget-divider\" data-id=\"8334a57\" data-element_type=\"widget\" data-e-type=\"widget\" data-widget_type=\"divider.default\">\n\t\t\t\t<div class=\"elementor-widget-container\">\n\t\t\t\t\t\t\t<div class=\"elementor-divider\">\n\t\t\t<span class=\"elementor-divider-separator\">\n\t\t\t\t\t\t\t<div class=\"elementor-icon elementor-divider__element\">\n\t\t\t\t\t<\/div>\n\t\t\t\t\t\t<\/span>\n\t\t<\/div>\n\t\t\t\t\t\t<\/div>\n\t\t\t\t<\/div>\n\t\t\t\t\t<\/div>\n\t\t<\/div>\n\t\t\t\t\t<\/div>\n\t\t<\/section>\n\t\t\t\t<\/div>\n\t\t","protected":false},"excerpt":{"rendered":"<p>Wenn Ostern naht, bietet Ihnen die Gegend um Asti alles f\u00fcr eine perfekte Kombination aus Kultur, Gastronomie, Sport und sch\u00f6nem Wetter&#8230;<\/p>\n","protected":false},"author":5,"featured_media":10310,"comment_status":"closed","ping_status":"closed","sticky":false,"template":"elementor_header_footer","format":"standard","meta":{"_angie_page":false,"page_builder":"","footnotes":""},"categories":[166],"tags":[],"class_list":["post-15000","post","type-post","status-publish","format-standard","has-post-thumbnail","hentry","category-villa-perla-de-2"],"yoast_head":"<!-- This site is optimized with the Yoast SEO plugin v27.4 - https:\/\/yoast.com\/product\/yoast-seo-wordpress\/ -->\n<title>Osterferien im Piemont: Erkundungstouren rund um die Villa Perla in Costigliole d&#039;Asti - Villa Perla | Langhe - Monferrato<\/title>\n<meta name=\"description\" content=\"Wenn Ostern naht, bietet Ihnen die Gegend um Asti alles f\u00fcr eine perfekte Kombination aus Kultur, Gastronomie, Sport und sch\u00f6nem Wetter...\" \/>\n<meta name=\"robots\" content=\"index, follow, max-snippet:-1, max-image-preview:large, max-video-preview:-1\" \/>\n<link rel=\"canonical\" href=\"https:\/\/villa-perla.it\/de\/osterferien-im-piemont-erkundungstouren-rund-um-die-villa-perla-in-costigliole-dasti\/\" \/>\n<meta property=\"og:locale\" content=\"de_DE\" \/>\n<meta property=\"og:type\" content=\"article\" \/>\n<meta property=\"og:title\" content=\"Osterferien in Piemonte: Erkundungstour rund um die Villa Perla in Costigliole d&#039;Asti\" \/>\n<meta property=\"og:description\" content=\"Wenn Ostern naht, bietet Ihnen die Gegend um Asti alles f\u00fcr eine perfekte Kombination aus Kultur, Gastronomie, Sport und sch\u00f6nem Wetter...\" \/>\n<meta property=\"og:url\" content=\"https:\/\/villa-perla.it\/de\/osterferien-im-piemont-erkundungstouren-rund-um-die-villa-perla-in-costigliole-dasti\/\" \/>\n<meta property=\"og:site_name\" content=\"Villa Perla | Langhe - Monferrato\" \/>\n<meta property=\"article:publisher\" content=\"https:\/\/www.facebook.com\/villaperla.piemonte\" \/>\n<meta property=\"article:published_time\" content=\"2024-01-23T16:53:52+00:00\" \/>\n<meta property=\"article:modified_time\" content=\"2024-07-17T11:33:18+00:00\" \/>\n<meta property=\"og:image\" content=\"https:\/\/villa-perla.it\/wp-content\/uploads\/2023\/05\/villa-perla-piemonte-springtime-1024x576.jpg\" \/>\n<meta name=\"author\" content=\"Benny\" \/>\n<meta name=\"twitter:card\" content=\"summary_large_image\" \/>\n<meta name=\"twitter:title\" content=\"Osterferien im Piemont: Erkundungstouren rund um die Villa Perla in Costigliole d&#039;Asti\" \/>\n<meta name=\"twitter:description\" content=\"Wenn Ostern naht, bietet Ihnen die Gegend um Asti alles f\u00fcr eine perfekte Kombination aus Kultur, Gastronomie, Sport und sch\u00f6nem Wetter...\" \/>\n<meta name=\"twitter:image\" content=\"https:\/\/villa-perla.it\/wp-content\/uploads\/2023\/05\/villa-perla-piemonte-springtime-1024x576.jpg\" \/>\n<meta name=\"twitter:label1\" content=\"Verfasst von\" \/>\n\t<meta name=\"twitter:data1\" content=\"Benny\" \/>\n\t<meta name=\"twitter:label2\" content=\"Gesch\u00e4tzte Lesezeit\" \/>\n\t<meta name=\"twitter:data2\" content=\"2\u00a0Minuten\" \/>\n<script type=\"application\/ld+json\" class=\"yoast-schema-graph\">{\"@context\":\"https:\\\/\\\/schema.org\",\"@graph\":[{\"@type\":\"Article\",\"@id\":\"https:\\\/\\\/villa-perla.it\\\/de\\\/osterferien-im-piemont-erkundungstouren-rund-um-die-villa-perla-in-costigliole-dasti\\\/#article\",\"isPartOf\":{\"@id\":\"https:\\\/\\\/villa-perla.it\\\/de\\\/osterferien-im-piemont-erkundungstouren-rund-um-die-villa-perla-in-costigliole-dasti\\\/\"},\"author\":{\"name\":\"Benny\",\"@id\":\"https:\\\/\\\/villa-perla.it\\\/de\\\/#\\\/schema\\\/person\\\/50b32b6cf17bc1cd8759ed65996c029a\"},\"headline\":\"Osterferien im Piemont: Erkundungstouren rund um die Villa Perla in Costigliole d&#8217;Asti\",\"datePublished\":\"2024-01-23T16:53:52+00:00\",\"dateModified\":\"2024-07-17T11:33:18+00:00\",\"mainEntityOfPage\":{\"@id\":\"https:\\\/\\\/villa-perla.it\\\/de\\\/osterferien-im-piemont-erkundungstouren-rund-um-die-villa-perla-in-costigliole-dasti\\\/\"},\"wordCount\":510,\"publisher\":{\"@id\":\"https:\\\/\\\/villa-perla.it\\\/de\\\/#organization\"},\"image\":{\"@id\":\"https:\\\/\\\/villa-perla.it\\\/de\\\/osterferien-im-piemont-erkundungstouren-rund-um-die-villa-perla-in-costigliole-dasti\\\/#primaryimage\"},\"thumbnailUrl\":\"https:\\\/\\\/villa-perla.it\\\/wp-content\\\/uploads\\\/2023\\\/05\\\/villa-perla-piemonte-springtime.webp\",\"articleSection\":[\"Villa Perla\"],\"inLanguage\":\"de\"},{\"@type\":\"WebPage\",\"@id\":\"https:\\\/\\\/villa-perla.it\\\/de\\\/osterferien-im-piemont-erkundungstouren-rund-um-die-villa-perla-in-costigliole-dasti\\\/\",\"url\":\"https:\\\/\\\/villa-perla.it\\\/de\\\/osterferien-im-piemont-erkundungstouren-rund-um-die-villa-perla-in-costigliole-dasti\\\/\",\"name\":\"Osterferien im Piemont: Erkundungstouren rund um die Villa Perla in Costigliole d'Asti - Villa Perla | Langhe - Monferrato\",\"isPartOf\":{\"@id\":\"https:\\\/\\\/villa-perla.it\\\/de\\\/#website\"},\"primaryImageOfPage\":{\"@id\":\"https:\\\/\\\/villa-perla.it\\\/de\\\/osterferien-im-piemont-erkundungstouren-rund-um-die-villa-perla-in-costigliole-dasti\\\/#primaryimage\"},\"image\":{\"@id\":\"https:\\\/\\\/villa-perla.it\\\/de\\\/osterferien-im-piemont-erkundungstouren-rund-um-die-villa-perla-in-costigliole-dasti\\\/#primaryimage\"},\"thumbnailUrl\":\"https:\\\/\\\/villa-perla.it\\\/wp-content\\\/uploads\\\/2023\\\/05\\\/villa-perla-piemonte-springtime.webp\",\"datePublished\":\"2024-01-23T16:53:52+00:00\",\"dateModified\":\"2024-07-17T11:33:18+00:00\",\"description\":\"Wenn Ostern naht, bietet Ihnen die Gegend um Asti alles f\u00fcr eine perfekte Kombination aus Kultur, Gastronomie, Sport und sch\u00f6nem Wetter...\",\"breadcrumb\":{\"@id\":\"https:\\\/\\\/villa-perla.it\\\/de\\\/osterferien-im-piemont-erkundungstouren-rund-um-die-villa-perla-in-costigliole-dasti\\\/#breadcrumb\"},\"inLanguage\":\"de\",\"potentialAction\":[{\"@type\":\"ReadAction\",\"target\":[\"https:\\\/\\\/villa-perla.it\\\/de\\\/osterferien-im-piemont-erkundungstouren-rund-um-die-villa-perla-in-costigliole-dasti\\\/\"]}]},{\"@type\":\"ImageObject\",\"inLanguage\":\"de\",\"@id\":\"https:\\\/\\\/villa-perla.it\\\/de\\\/osterferien-im-piemont-erkundungstouren-rund-um-die-villa-perla-in-costigliole-dasti\\\/#primaryimage\",\"url\":\"https:\\\/\\\/villa-perla.it\\\/wp-content\\\/uploads\\\/2023\\\/05\\\/villa-perla-piemonte-springtime.webp\",\"contentUrl\":\"https:\\\/\\\/villa-perla.it\\\/wp-content\\\/uploads\\\/2023\\\/05\\\/villa-perla-piemonte-springtime.webp\",\"width\":2016,\"height\":1134,\"caption\":\"Villa perla Piemonte - Springtime\"},{\"@type\":\"BreadcrumbList\",\"@id\":\"https:\\\/\\\/villa-perla.it\\\/de\\\/osterferien-im-piemont-erkundungstouren-rund-um-die-villa-perla-in-costigliole-dasti\\\/#breadcrumb\",\"itemListElement\":[{\"@type\":\"ListItem\",\"position\":1,\"name\":\"Home\",\"item\":\"https:\\\/\\\/villa-perla.it\\\/de\\\/\"},{\"@type\":\"ListItem\",\"position\":2,\"name\":\"Osterferien im Piemont: Erkundungstouren rund um die Villa Perla in Costigliole d&#8217;Asti\"}]},{\"@type\":\"WebSite\",\"@id\":\"https:\\\/\\\/villa-perla.it\\\/de\\\/#website\",\"url\":\"https:\\\/\\\/villa-perla.it\\\/de\\\/\",\"name\":\"Villa Perla | Langhe - Monferrato\",\"description\":\"Your private holiday house in Piemonte\",\"publisher\":{\"@id\":\"https:\\\/\\\/villa-perla.it\\\/de\\\/#organization\"},\"alternateName\":\"Villa Perla |\",\"potentialAction\":[{\"@type\":\"SearchAction\",\"target\":{\"@type\":\"EntryPoint\",\"urlTemplate\":\"https:\\\/\\\/villa-perla.it\\\/de\\\/?s={search_term_string}\"},\"query-input\":{\"@type\":\"PropertyValueSpecification\",\"valueRequired\":true,\"valueName\":\"search_term_string\"}}],\"inLanguage\":\"de\"},{\"@type\":\"Organization\",\"@id\":\"https:\\\/\\\/villa-perla.it\\\/de\\\/#organization\",\"name\":\"Villa Perla Piemonte\",\"alternateName\":\"Villa Perla Piemonte\",\"url\":\"https:\\\/\\\/villa-perla.it\\\/de\\\/\",\"logo\":{\"@type\":\"ImageObject\",\"inLanguage\":\"de\",\"@id\":\"https:\\\/\\\/villa-perla.it\\\/de\\\/#\\\/schema\\\/logo\\\/image\\\/\",\"url\":\"https:\\\/\\\/villa-perla.it\\\/wp-content\\\/uploads\\\/2021\\\/11\\\/villa-perla-piemone-logo-transparant-400-x-100-px.svg\",\"contentUrl\":\"https:\\\/\\\/villa-perla.it\\\/wp-content\\\/uploads\\\/2021\\\/11\\\/villa-perla-piemone-logo-transparant-400-x-100-px.svg\",\"caption\":\"Villa Perla Piemonte\"},\"image\":{\"@id\":\"https:\\\/\\\/villa-perla.it\\\/de\\\/#\\\/schema\\\/logo\\\/image\\\/\"},\"sameAs\":[\"https:\\\/\\\/www.facebook.com\\\/villaperla.piemonte\",\"https:\\\/\\\/www.instagram.com\\\/villaperla_piemonte\"]},{\"@type\":\"Person\",\"@id\":\"https:\\\/\\\/villa-perla.it\\\/de\\\/#\\\/schema\\\/person\\\/50b32b6cf17bc1cd8759ed65996c029a\",\"name\":\"Benny\",\"image\":{\"@type\":\"ImageObject\",\"inLanguage\":\"de\",\"@id\":\"https:\\\/\\\/secure.gravatar.com\\\/avatar\\\/8bf9ac5b4d9ade86173c485647bdda279bf9bdd5088a0fdc4cefeb2f82d5588c?s=96&d=mm&r=g\",\"url\":\"https:\\\/\\\/secure.gravatar.com\\\/avatar\\\/8bf9ac5b4d9ade86173c485647bdda279bf9bdd5088a0fdc4cefeb2f82d5588c?s=96&d=mm&r=g\",\"contentUrl\":\"https:\\\/\\\/secure.gravatar.com\\\/avatar\\\/8bf9ac5b4d9ade86173c485647bdda279bf9bdd5088a0fdc4cefeb2f82d5588c?s=96&d=mm&r=g\",\"caption\":\"Benny\"},\"url\":\"https:\\\/\\\/villa-perla.it\\\/de\\\/author\\\/benny\\\/\"}]}<\/script>\n<!-- \/ Yoast SEO plugin. -->","yoast_head_json":{"title":"Osterferien im Piemont: Erkundungstouren rund um die Villa Perla in Costigliole d'Asti - Villa Perla | Langhe - Monferrato","description":"Wenn Ostern naht, bietet Ihnen die Gegend um Asti alles f\u00fcr eine perfekte Kombination aus Kultur, Gastronomie, Sport und sch\u00f6nem Wetter...","robots":{"index":"index","follow":"follow","max-snippet":"max-snippet:-1","max-image-preview":"max-image-preview:large","max-video-preview":"max-video-preview:-1"},"canonical":"https:\/\/villa-perla.it\/de\/osterferien-im-piemont-erkundungstouren-rund-um-die-villa-perla-in-costigliole-dasti\/","og_locale":"de_DE","og_type":"article","og_title":"Osterferien in Piemonte: Erkundungstour rund um die Villa Perla in Costigliole d'Asti","og_description":"Wenn Ostern naht, bietet Ihnen die Gegend um Asti alles f\u00fcr eine perfekte Kombination aus Kultur, Gastronomie, Sport und sch\u00f6nem Wetter...","og_url":"https:\/\/villa-perla.it\/de\/osterferien-im-piemont-erkundungstouren-rund-um-die-villa-perla-in-costigliole-dasti\/","og_site_name":"Villa Perla | Langhe - Monferrato","article_publisher":"https:\/\/www.facebook.com\/villaperla.piemonte","article_published_time":"2024-01-23T16:53:52+00:00","article_modified_time":"2024-07-17T11:33:18+00:00","og_image":[{"url":"https:\/\/villa-perla.it\/wp-content\/uploads\/2023\/05\/villa-perla-piemonte-springtime-1024x576.jpg","type":"","width":"","height":""}],"author":"Benny","twitter_card":"summary_large_image","twitter_title":"Osterferien im Piemont: Erkundungstouren rund um die Villa Perla in Costigliole d'Asti","twitter_description":"Wenn Ostern naht, bietet Ihnen die Gegend um Asti alles f\u00fcr eine perfekte Kombination aus Kultur, Gastronomie, Sport und sch\u00f6nem Wetter...","twitter_image":"https:\/\/villa-perla.it\/wp-content\/uploads\/2023\/05\/villa-perla-piemonte-springtime-1024x576.jpg","twitter_misc":{"Verfasst von":"Benny","Gesch\u00e4tzte Lesezeit":"2\u00a0Minuten"},"schema":{"@context":"https:\/\/schema.org","@graph":[{"@type":"Article","@id":"https:\/\/villa-perla.it\/de\/osterferien-im-piemont-erkundungstouren-rund-um-die-villa-perla-in-costigliole-dasti\/#article","isPartOf":{"@id":"https:\/\/villa-perla.it\/de\/osterferien-im-piemont-erkundungstouren-rund-um-die-villa-perla-in-costigliole-dasti\/"},"author":{"name":"Benny","@id":"https:\/\/villa-perla.it\/de\/#\/schema\/person\/50b32b6cf17bc1cd8759ed65996c029a"},"headline":"Osterferien im Piemont: Erkundungstouren rund um die Villa Perla in Costigliole d&#8217;Asti","datePublished":"2024-01-23T16:53:52+00:00","dateModified":"2024-07-17T11:33:18+00:00","mainEntityOfPage":{"@id":"https:\/\/villa-perla.it\/de\/osterferien-im-piemont-erkundungstouren-rund-um-die-villa-perla-in-costigliole-dasti\/"},"wordCount":510,"publisher":{"@id":"https:\/\/villa-perla.it\/de\/#organization"},"image":{"@id":"https:\/\/villa-perla.it\/de\/osterferien-im-piemont-erkundungstouren-rund-um-die-villa-perla-in-costigliole-dasti\/#primaryimage"},"thumbnailUrl":"https:\/\/villa-perla.it\/wp-content\/uploads\/2023\/05\/villa-perla-piemonte-springtime.webp","articleSection":["Villa Perla"],"inLanguage":"de"},{"@type":"WebPage","@id":"https:\/\/villa-perla.it\/de\/osterferien-im-piemont-erkundungstouren-rund-um-die-villa-perla-in-costigliole-dasti\/","url":"https:\/\/villa-perla.it\/de\/osterferien-im-piemont-erkundungstouren-rund-um-die-villa-perla-in-costigliole-dasti\/","name":"Osterferien im Piemont: Erkundungstouren rund um die Villa Perla in Costigliole d'Asti - Villa Perla | Langhe - Monferrato","isPartOf":{"@id":"https:\/\/villa-perla.it\/de\/#website"},"primaryImageOfPage":{"@id":"https:\/\/villa-perla.it\/de\/osterferien-im-piemont-erkundungstouren-rund-um-die-villa-perla-in-costigliole-dasti\/#primaryimage"},"image":{"@id":"https:\/\/villa-perla.it\/de\/osterferien-im-piemont-erkundungstouren-rund-um-die-villa-perla-in-costigliole-dasti\/#primaryimage"},"thumbnailUrl":"https:\/\/villa-perla.it\/wp-content\/uploads\/2023\/05\/villa-perla-piemonte-springtime.webp","datePublished":"2024-01-23T16:53:52+00:00","dateModified":"2024-07-17T11:33:18+00:00","description":"Wenn Ostern naht, bietet Ihnen die Gegend um Asti alles f\u00fcr eine perfekte Kombination aus Kultur, Gastronomie, Sport und sch\u00f6nem Wetter...","breadcrumb":{"@id":"https:\/\/villa-perla.it\/de\/osterferien-im-piemont-erkundungstouren-rund-um-die-villa-perla-in-costigliole-dasti\/#breadcrumb"},"inLanguage":"de","potentialAction":[{"@type":"ReadAction","target":["https:\/\/villa-perla.it\/de\/osterferien-im-piemont-erkundungstouren-rund-um-die-villa-perla-in-costigliole-dasti\/"]}]},{"@type":"ImageObject","inLanguage":"de","@id":"https:\/\/villa-perla.it\/de\/osterferien-im-piemont-erkundungstouren-rund-um-die-villa-perla-in-costigliole-dasti\/#primaryimage","url":"https:\/\/villa-perla.it\/wp-content\/uploads\/2023\/05\/villa-perla-piemonte-springtime.webp","contentUrl":"https:\/\/villa-perla.it\/wp-content\/uploads\/2023\/05\/villa-perla-piemonte-springtime.webp","width":2016,"height":1134,"caption":"Villa perla Piemonte - Springtime"},{"@type":"BreadcrumbList","@id":"https:\/\/villa-perla.it\/de\/osterferien-im-piemont-erkundungstouren-rund-um-die-villa-perla-in-costigliole-dasti\/#breadcrumb","itemListElement":[{"@type":"ListItem","position":1,"name":"Home","item":"https:\/\/villa-perla.it\/de\/"},{"@type":"ListItem","position":2,"name":"Osterferien im Piemont: Erkundungstouren rund um die Villa Perla in Costigliole d&#8217;Asti"}]},{"@type":"WebSite","@id":"https:\/\/villa-perla.it\/de\/#website","url":"https:\/\/villa-perla.it\/de\/","name":"Villa Perla | Langhe - Monferrato","description":"Your private holiday house in Piemonte","publisher":{"@id":"https:\/\/villa-perla.it\/de\/#organization"},"alternateName":"Villa Perla |","potentialAction":[{"@type":"SearchAction","target":{"@type":"EntryPoint","urlTemplate":"https:\/\/villa-perla.it\/de\/?s={search_term_string}"},"query-input":{"@type":"PropertyValueSpecification","valueRequired":true,"valueName":"search_term_string"}}],"inLanguage":"de"},{"@type":"Organization","@id":"https:\/\/villa-perla.it\/de\/#organization","name":"Villa Perla Piemonte","alternateName":"Villa Perla Piemonte","url":"https:\/\/villa-perla.it\/de\/","logo":{"@type":"ImageObject","inLanguage":"de","@id":"https:\/\/villa-perla.it\/de\/#\/schema\/logo\/image\/","url":"https:\/\/villa-perla.it\/wp-content\/uploads\/2021\/11\/villa-perla-piemone-logo-transparant-400-x-100-px.svg","contentUrl":"https:\/\/villa-perla.it\/wp-content\/uploads\/2021\/11\/villa-perla-piemone-logo-transparant-400-x-100-px.svg","caption":"Villa Perla Piemonte"},"image":{"@id":"https:\/\/villa-perla.it\/de\/#\/schema\/logo\/image\/"},"sameAs":["https:\/\/www.facebook.com\/villaperla.piemonte","https:\/\/www.instagram.com\/villaperla_piemonte"]},{"@type":"Person","@id":"https:\/\/villa-perla.it\/de\/#\/schema\/person\/50b32b6cf17bc1cd8759ed65996c029a","name":"Benny","image":{"@type":"ImageObject","inLanguage":"de","@id":"https:\/\/secure.gravatar.com\/avatar\/8bf9ac5b4d9ade86173c485647bdda279bf9bdd5088a0fdc4cefeb2f82d5588c?s=96&d=mm&r=g","url":"https:\/\/secure.gravatar.com\/avatar\/8bf9ac5b4d9ade86173c485647bdda279bf9bdd5088a0fdc4cefeb2f82d5588c?s=96&d=mm&r=g","contentUrl":"https:\/\/secure.gravatar.com\/avatar\/8bf9ac5b4d9ade86173c485647bdda279bf9bdd5088a0fdc4cefeb2f82d5588c?s=96&d=mm&r=g","caption":"Benny"},"url":"https:\/\/villa-perla.it\/de\/author\/benny\/"}]}},"_links":{"self":[{"href":"https:\/\/villa-perla.it\/de\/wp-json\/wp\/v2\/posts\/15000","targetHints":{"allow":["GET"]}}],"collection":[{"href":"https:\/\/villa-perla.it\/de\/wp-json\/wp\/v2\/posts"}],"about":[{"href":"https:\/\/villa-perla.it\/de\/wp-json\/wp\/v2\/types\/post"}],"author":[{"embeddable":true,"href":"https:\/\/villa-perla.it\/de\/wp-json\/wp\/v2\/users\/5"}],"replies":[{"embeddable":true,"href":"https:\/\/villa-perla.it\/de\/wp-json\/wp\/v2\/comments?post=15000"}],"version-history":[{"count":0,"href":"https:\/\/villa-perla.it\/de\/wp-json\/wp\/v2\/posts\/15000\/revisions"}],"wp:featuredmedia":[{"embeddable":true,"href":"https:\/\/villa-perla.it\/de\/wp-json\/wp\/v2\/media\/10310"}],"wp:attachment":[{"href":"https:\/\/villa-perla.it\/de\/wp-json\/wp\/v2\/media?parent=15000"}],"wp:term":[{"taxonomy":"category","embeddable":true,"href":"https:\/\/villa-perla.it\/de\/wp-json\/wp\/v2\/categories?post=15000"},{"taxonomy":"post_tag","embeddable":true,"href":"https:\/\/villa-perla.it\/de\/wp-json\/wp\/v2\/tags?post=15000"}],"curies":[{"name":"wp","href":"https:\/\/api.w.org\/{rel}","templated":true}]}}