{"id":14465,"date":"2024-05-10T13:38:22","date_gmt":"2024-05-10T11:38:22","guid":{"rendered":"https:\/\/villa-perla.it\/perfekt-fuer-jede-jahreszeit-warum-die-villa-perla-in-piemonte-ideal-fuer-einen-arbeitsaufenthalt-ist\/"},"modified":"2024-05-10T15:06:29","modified_gmt":"2024-05-10T13:06:29","slug":"perfekt-fuer-jede-jahreszeit-warum-die-villa-perla-in-piemonte-ideal-fuer-einen-arbeitsaufenthalt-ist","status":"publish","type":"post","link":"https:\/\/villa-perla.it\/de\/perfekt-fuer-jede-jahreszeit-warum-die-villa-perla-in-piemonte-ideal-fuer-einen-arbeitsaufenthalt-ist\/","title":{"rendered":"Perfekt f\u00fcr jede Jahreszeit: Warum die Villa Perla in Piemonte ideal f\u00fcr einen Arbeitsaufenthalt ist"},"content":{"rendered":"\t\t<div data-elementor-type=\"wp-post\" data-elementor-id=\"14465\" class=\"elementor elementor-14465 elementor-14263\" data-elementor-post-type=\"post\">\n\t\t\t\t\t\t<section class=\"elementor-section elementor-top-section elementor-element elementor-element-7fa312db elementor-section-height-min-height elementor-section-boxed elementor-section-height-default elementor-section-items-middle\" data-id=\"7fa312db\" data-element_type=\"section\" data-e-type=\"section\" data-settings=\"{&quot;background_background&quot;:&quot;classic&quot;,&quot;jet_parallax_layout_list&quot;:[]}\">\n\t\t\t\t\t\t\t<div class=\"elementor-background-overlay\"><\/div>\n\t\t\t\t\t\t\t<div class=\"elementor-container elementor-column-gap-default\">\n\t\t\t\t\t<div class=\"elementor-column elementor-col-100 elementor-top-column elementor-element elementor-element-3c0b06ae\" data-id=\"3c0b06ae\" data-element_type=\"column\" data-e-type=\"column\">\n\t\t\t<div class=\"elementor-widget-wrap elementor-element-populated\">\n\t\t\t\t\t\t<div class=\"elementor-element elementor-element-beb884d elementor-widget elementor-widget-heading\" data-id=\"beb884d\" data-element_type=\"widget\" data-e-type=\"widget\" data-widget_type=\"heading.default\">\n\t\t\t\t<div class=\"elementor-widget-container\">\n\t\t\t\t\t<h1 class=\"elementor-heading-title elementor-size-default\">Perfekt f\u00fcr jede Jahreszeit:  <br>Warum die Villa Perla in Piemonte ideal ist  <br>f\u00fcr Workcations das ganze Jahr \u00fcber...<\/h1>\t\t\t\t<\/div>\n\t\t\t\t<\/div>\n\t\t\t\t\t<\/div>\n\t\t<\/div>\n\t\t\t\t\t<\/div>\n\t\t<\/section>\n\t\t\t\t<section class=\"elementor-section elementor-top-section elementor-element elementor-element-d5e2dea elementor-section-boxed elementor-section-height-default elementor-section-height-default\" data-id=\"d5e2dea\" data-element_type=\"section\" data-e-type=\"section\" data-settings=\"{&quot;jet_parallax_layout_list&quot;:[{&quot;_id&quot;:&quot;8b0c4e9&quot;,&quot;jet_parallax_layout_image&quot;:{&quot;url&quot;:&quot;&quot;,&quot;id&quot;:&quot;&quot;,&quot;size&quot;:&quot;&quot;},&quot;jet_parallax_layout_image_tablet&quot;:{&quot;url&quot;:&quot;&quot;,&quot;id&quot;:&quot;&quot;,&quot;size&quot;:&quot;&quot;},&quot;jet_parallax_layout_image_mobile&quot;:{&quot;url&quot;:&quot;&quot;,&quot;id&quot;:&quot;&quot;,&quot;size&quot;:&quot;&quot;},&quot;jet_parallax_layout_speed&quot;:{&quot;unit&quot;:&quot;%&quot;,&quot;size&quot;:50,&quot;sizes&quot;:[]},&quot;jet_parallax_layout_type&quot;:&quot;scroll&quot;,&quot;jet_parallax_layout_direction&quot;:&quot;1&quot;,&quot;jet_parallax_layout_fx_direction&quot;:null,&quot;jet_parallax_layout_z_index&quot;:&quot;&quot;,&quot;jet_parallax_layout_bg_x&quot;:50,&quot;jet_parallax_layout_bg_x_tablet&quot;:&quot;&quot;,&quot;jet_parallax_layout_bg_x_mobile&quot;:&quot;&quot;,&quot;jet_parallax_layout_bg_y&quot;:50,&quot;jet_parallax_layout_bg_y_tablet&quot;:&quot;&quot;,&quot;jet_parallax_layout_bg_y_mobile&quot;:&quot;&quot;,&quot;jet_parallax_layout_bg_size&quot;:&quot;auto&quot;,&quot;jet_parallax_layout_bg_size_tablet&quot;:&quot;&quot;,&quot;jet_parallax_layout_bg_size_mobile&quot;:&quot;&quot;,&quot;jet_parallax_layout_animation_prop&quot;:&quot;transform&quot;,&quot;jet_parallax_layout_on&quot;:[&quot;desktop&quot;,&quot;tablet&quot;]}]}\">\n\t\t\t\t\t\t<div class=\"elementor-container elementor-column-gap-default\">\n\t\t\t\t\t<div class=\"elementor-column elementor-col-50 elementor-top-column elementor-element elementor-element-7dd1b63\" data-id=\"7dd1b63\" data-element_type=\"column\" data-e-type=\"column\">\n\t\t\t<div class=\"elementor-widget-wrap elementor-element-populated\">\n\t\t\t\t\t\t<div class=\"elementor-element elementor-element-1f267fc elementor-hidden-mobile elementor-post-navigation-borders-yes elementor-widget elementor-widget-post-navigation\" data-id=\"1f267fc\" data-element_type=\"widget\" data-e-type=\"widget\" data-widget_type=\"post-navigation.default\">\n\t\t\t\t<div class=\"elementor-widget-container\">\n\t\t\t\t\t\t\t<div class=\"elementor-post-navigation\" role=\"navigation\" aria-label=\"Beitrag Navigation\">\n\t\t\t<div class=\"elementor-post-navigation__prev elementor-post-navigation__link\">\n\t\t\t\t<a href=\"https:\/\/villa-perla.it\/de\/entdecken-sie-italienische-weine-von-belgischen-landsleuten-idivini-winery\/\" rel=\"prev\"><span class=\"post-navigation__arrow-wrapper post-navigation__arrow-prev\"><svg aria-hidden=\"true\" class=\"e-font-icon-svg e-fas-angle-left\" viewBox=\"0 0 256 512\" xmlns=\"http:\/\/www.w3.org\/2000\/svg\"><path d=\"M31.7 239l136-136c9.4-9.4 24.6-9.4 33.9 0l22.6 22.6c9.4 9.4 9.4 24.6 0 33.9L127.9 256l96.4 96.4c9.4 9.4 9.4 24.6 0 33.9L201.7 409c-9.4 9.4-24.6 9.4-33.9 0l-136-136c-9.5-9.4-9.5-24.6-.1-34z\"><\/path><\/svg><span class=\"elementor-screen-only\">Zur\u00fcck<\/span><\/span><span class=\"elementor-post-navigation__link__prev\"><span class=\"post-navigation__prev--label\">Vorherige<\/span><span class=\"post-navigation__prev--title\">Entdecken Sie italienische Weine von belgischen Kollegen &#8211; iDivini Winery<\/span><\/span><\/a>\t\t\t<\/div>\n\t\t\t\t\t\t\t<div class=\"elementor-post-navigation__separator-wrapper\">\n\t\t\t\t\t<div class=\"elementor-post-navigation__separator\"><\/div>\n\t\t\t\t<\/div>\n\t\t\t\t\t\t<div class=\"elementor-post-navigation__next elementor-post-navigation__link\">\n\t\t\t\t<a href=\"https:\/\/villa-perla.it\/de\/was-kann-man-in-der-umgebung-von-villa-perla-piemonte-im-juli-august-unternehmen\/\" rel=\"next\"><span class=\"elementor-post-navigation__link__next\"><span class=\"post-navigation__next--label\">Weiter<\/span><span class=\"post-navigation__next--title\">Was kann man in der Umgebung von Villa Perla Piemonte im Juli &amp; August unternehmen?<\/span><\/span><span class=\"post-navigation__arrow-wrapper post-navigation__arrow-next\"><svg aria-hidden=\"true\" class=\"e-font-icon-svg e-fas-angle-right\" viewBox=\"0 0 256 512\" xmlns=\"http:\/\/www.w3.org\/2000\/svg\"><path d=\"M224.3 273l-136 136c-9.4 9.4-24.6 9.4-33.9 0l-22.6-22.6c-9.4-9.4-9.4-24.6 0-33.9l96.4-96.4-96.4-96.4c-9.4-9.4-9.4-24.6 0-33.9L54.3 103c9.4-9.4 24.6-9.4 33.9 0l136 136c9.5 9.4 9.5 24.6.1 34z\"><\/path><\/svg><span class=\"elementor-screen-only\">N\u00e4chster<\/span><\/span><\/a>\t\t\t<\/div>\n\t\t<\/div>\n\t\t\t\t\t\t<\/div>\n\t\t\t\t<\/div>\n\t\t\t\t<div class=\"elementor-element elementor-element-8efeb84 elementor-widget elementor-widget-heading\" data-id=\"8efeb84\" data-element_type=\"widget\" data-e-type=\"widget\" data-widget_type=\"heading.default\">\n\t\t\t\t<div class=\"elementor-widget-container\">\n\t\t\t\t\t<h2 class=\"elementor-heading-title elementor-size-default\">Perfekt f\u00fcr jede Jahreszeit: Warum die Villa Perla in Piemonte das ganze Jahr \u00fcber ideal f\u00fcr einen Arbeitsaufenthalt ist...<\/h2>\t\t\t\t<\/div>\n\t\t\t\t<\/div>\n\t\t\t\t<div class=\"elementor-element elementor-element-69ada53 elementor-share-buttons--view-icon elementor-share-buttons--skin-minimal elementor-share-buttons--color-custom elementor-share-buttons--shape-square elementor-grid-0 elementor-widget elementor-widget-share-buttons\" data-id=\"69ada53\" data-element_type=\"widget\" data-e-type=\"widget\" data-widget_type=\"share-buttons.default\">\n\t\t\t\t<div class=\"elementor-widget-container\">\n\t\t\t\t\t\t\t<div class=\"elementor-grid\" role=\"list\">\n\t\t\t\t\t\t\t\t<div class=\"elementor-grid-item\" role=\"listitem\">\n\t\t\t\t\t\t<div class=\"elementor-share-btn elementor-share-btn_whatsapp\" role=\"button\" tabindex=\"0\" aria-label=\"Teilen auf whatsapp\">\n\t\t\t\t\t\t\t\t\t\t\t\t\t\t\t<span class=\"elementor-share-btn__icon\">\n\t\t\t\t\t\t\t\t<svg aria-hidden=\"true\" class=\"e-font-icon-svg e-fab-whatsapp\" viewBox=\"0 0 448 512\" xmlns=\"http:\/\/www.w3.org\/2000\/svg\"><path d=\"M380.9 97.1C339 55.1 283.2 32 223.9 32c-122.4 0-222 99.6-222 222 0 39.1 10.2 77.3 29.6 111L0 480l117.7-30.9c32.4 17.7 68.9 27 106.1 27h.1c122.3 0 224.1-99.6 224.1-222 0-59.3-25.2-115-67.1-157zm-157 341.6c-33.2 0-65.7-8.9-94-25.7l-6.7-4-69.8 18.3L72 359.2l-4.4-7c-18.5-29.4-28.2-63.3-28.2-98.2 0-101.7 82.8-184.5 184.6-184.5 49.3 0 95.6 19.2 130.4 54.1 34.8 34.9 56.2 81.2 56.1 130.5 0 101.8-84.9 184.6-186.6 184.6zm101.2-138.2c-5.5-2.8-32.8-16.2-37.9-18-5.1-1.9-8.8-2.8-12.5 2.8-3.7 5.6-14.3 18-17.6 21.8-3.2 3.7-6.5 4.2-12 1.4-32.6-16.3-54-29.1-75.5-66-5.7-9.8 5.7-9.1 16.3-30.3 1.8-3.7.9-6.9-.5-9.7-1.4-2.8-12.5-30.1-17.1-41.2-4.5-10.8-9.1-9.3-12.5-9.5-3.2-.2-6.9-.2-10.6-.2-3.7 0-9.7 1.4-14.8 6.9-5.1 5.6-19.4 19-19.4 46.3 0 27.3 19.9 53.7 22.6 57.4 2.8 3.7 39.1 59.7 94.8 83.8 35.2 15.2 49 16.5 66.6 13.9 10.7-1.6 32.8-13.4 37.4-26.4 4.6-13 4.6-24.1 3.2-26.4-1.3-2.5-5-3.9-10.5-6.6z\"><\/path><\/svg>\t\t\t\t\t\t\t<\/span>\n\t\t\t\t\t\t\t\t\t\t\t\t\t\t\t\t\t\t\t\t<\/div>\n\t\t\t\t\t<\/div>\n\t\t\t\t\t\t\t\t\t<div class=\"elementor-grid-item\" role=\"listitem\">\n\t\t\t\t\t\t<div class=\"elementor-share-btn elementor-share-btn_facebook\" role=\"button\" tabindex=\"0\" aria-label=\"Teilen auf facebook\">\n\t\t\t\t\t\t\t\t\t\t\t\t\t\t\t<span class=\"elementor-share-btn__icon\">\n\t\t\t\t\t\t\t\t<svg aria-hidden=\"true\" class=\"e-font-icon-svg e-fab-facebook\" viewBox=\"0 0 512 512\" xmlns=\"http:\/\/www.w3.org\/2000\/svg\"><path d=\"M504 256C504 119 393 8 256 8S8 119 8 256c0 123.78 90.69 226.38 209.25 245V327.69h-63V256h63v-54.64c0-62.15 37-96.48 93.67-96.48 27.14 0 55.52 4.84 55.52 4.84v61h-31.28c-30.8 0-40.41 19.12-40.41 38.73V256h68.78l-11 71.69h-57.78V501C413.31 482.38 504 379.78 504 256z\"><\/path><\/svg>\t\t\t\t\t\t\t<\/span>\n\t\t\t\t\t\t\t\t\t\t\t\t\t\t\t\t\t\t\t\t<\/div>\n\t\t\t\t\t<\/div>\n\t\t\t\t\t\t\t\t\t<div class=\"elementor-grid-item\" role=\"listitem\">\n\t\t\t\t\t\t<div class=\"elementor-share-btn elementor-share-btn_linkedin\" role=\"button\" tabindex=\"0\" aria-label=\"Teilen auf linkedin\">\n\t\t\t\t\t\t\t\t\t\t\t\t\t\t\t<span class=\"elementor-share-btn__icon\">\n\t\t\t\t\t\t\t\t<svg aria-hidden=\"true\" class=\"e-font-icon-svg e-fab-linkedin\" viewBox=\"0 0 448 512\" xmlns=\"http:\/\/www.w3.org\/2000\/svg\"><path d=\"M416 32H31.9C14.3 32 0 46.5 0 64.3v383.4C0 465.5 14.3 480 31.9 480H416c17.6 0 32-14.5 32-32.3V64.3c0-17.8-14.4-32.3-32-32.3zM135.4 416H69V202.2h66.5V416zm-33.2-243c-21.3 0-38.5-17.3-38.5-38.5S80.9 96 102.2 96c21.2 0 38.5 17.3 38.5 38.5 0 21.3-17.2 38.5-38.5 38.5zm282.1 243h-66.4V312c0-24.8-.5-56.7-34.5-56.7-34.6 0-39.9 27-39.9 54.9V416h-66.4V202.2h63.7v29.2h.9c8.9-16.8 30.6-34.5 62.9-34.5 67.2 0 79.7 44.3 79.7 101.9V416z\"><\/path><\/svg>\t\t\t\t\t\t\t<\/span>\n\t\t\t\t\t\t\t\t\t\t\t\t\t\t\t\t\t\t\t\t<\/div>\n\t\t\t\t\t<\/div>\n\t\t\t\t\t\t<\/div>\n\t\t\t\t\t\t<\/div>\n\t\t\t\t<\/div>\n\t\t\t\t<div class=\"elementor-element elementor-element-ac2b7e9 elementor-widget__width-initial elementor-widget elementor-widget-text-editor\" data-id=\"ac2b7e9\" data-element_type=\"widget\" data-e-type=\"widget\" data-widget_type=\"text-editor.default\">\n\t\t\t\t<div class=\"elementor-widget-container\">\n\t\t\t\t\t\t\t\t\t<p>M\u00fcssen Sie neu starten? M\u00f6chten Sie der Monotonie Ihrer t\u00e4glichen oder w\u00f6chentlichen Routine entkommen? M\u00f6chten Sie einen Arbeitsurlaub organisieren und sich mit gleichgesinnten Unternehmern treffen ODER m\u00f6chten Sie Ihr eigenes Team auf eine Reise an die &#8222;frische Luft&#8220; mitnehmen. In der Villa Perla Piemonte k\u00f6nnen Sie w\u00e4hrend Ihres Arbeitsaufenthaltes das Beste aus jeder Jahreszeit machen.<\/p>\n<p>Unser Ferienhaus liegt in einem der interessantesten UNESCO-Gebiete mit ber\u00fchmten Landschaften im Norden Italiens, in der N\u00e4he von Asti und nur 15 Minuten von der Autobahn entfernt. Die Villa Perla bietet einen ruhigen und inspirierenden Ort f\u00fcr digitale Nomaden, Fernarbeiter und alle, die die perfekte Kombination aus Produktivit\u00e4t und Entspannung suchen.<\/p>\n\t\t\t\t\t\t\t\t<\/div>\n\t\t\t\t<\/div>\n\t\t\t\t<div class=\"elementor-element elementor-element-552b11d elementor-widget__width-initial elementor-widget elementor-widget-text-editor\" data-id=\"552b11d\" data-element_type=\"widget\" data-e-type=\"widget\" data-widget_type=\"text-editor.default\">\n\t\t\t\t<div class=\"elementor-widget-container\">\n\t\t\t\t\t\t\t\t\t<h2><strong>Starke Punkte f\u00fcr Ihren Workcation:<\/strong><\/h2>\n<ul>\n<li>Kostenloses High-Speed-Internet (Starlink) und WiFi im ganzen Haus und Garten,<\/li>\n<li>4 ger\u00e4umige Schlafzimmer mit Kingsize-Boxspringbetten und 3 B\u00e4der,<\/li>\n<li>Zus\u00e4tzliche Bildschirme \/ Verl\u00e4ngerungskabel etc. sind auf Anfrage erh\u00e4ltlich,<\/li>\n<li>N\u00e4he zu den Flugh\u00e4fen: Turin: 1h, Mailand: 1,5h &amp; Bergamo: 2,5h.<\/li>\n<li>Verschiedene Catering-Optionen und pers\u00f6nliche K\u00f6che k\u00f6nnen arrangiert werden,<\/li>\n<li>In der N\u00e4he von Gesch\u00e4ften &amp; Hauslieferungen \u00fcber Esselunga sind m\u00f6glich,<\/li>\n<li>In der N\u00e4he zahlreicher charmanter D\u00f6rfer wie Neive, Canelli, Calosso, Costigliole d&#8217;Asti, Nizza Monferrato, Agliano Therme, &#8230;<\/li>\n<li>In der N\u00e4he von kleinen St\u00e4dten wie Asti, Alba, &#8230;<\/li>\n<li>Spazierg\u00e4nge durch die Weinberge, wenn Sie aus unserem Tor treten,<\/li>\n<li>Alle Arten von Teambuilding-Aktivit\u00e4ten k\u00f6nnen arrangiert werden, wie z.B. E-Bike-\/Vespa-Touren, Kochkurse, etc.<\/li>\n<li>Fr\u00fches Einchecken und Auschecken je nach Ihrem Reiseplan auf Anfrage.<\/li>\n<\/ul>\n\t\t\t\t\t\t\t\t<\/div>\n\t\t\t\t<\/div>\n\t\t\t\t<div class=\"elementor-element elementor-element-87dbcb3 elementor-widget__width-initial elementor-widget elementor-widget-text-editor\" data-id=\"87dbcb3\" data-element_type=\"widget\" data-e-type=\"widget\" data-widget_type=\"text-editor.default\">\n\t\t\t\t<div class=\"elementor-widget-container\">\n\t\t\t\t\t\t\t\t\t<h2><strong>Hier erfahren Sie, warum ein Arbeitsaufenthalt in der Villa Perla in Piemonte zu <em>jeder<\/em> Jahreszeit eine attraktive Idee ist:<\/strong><\/h2>\n<div><strong> <\/strong><\/div>\n<h5><strong>1\/ Fr\u00fchling: mehr Sonnenstunden als im Durchschnitt an anderen Orten &amp; Wanderungen &amp; Aktivit\u00e4ten in der N\u00e4he<\/strong><\/h5>\n<p>Nach den dunklen Wintertagen sind die zus\u00e4tzlichen Sonnenstunden in Piemonte ein wahrer Genuss. Stellen Sie sich vor, Sie wachen fr\u00fch auf und \u00f6ffnen die Vorh\u00e4nge, um die gr\u00fcnen Felder und kleinen D\u00f6rfer auf den H\u00fcgeln gegen\u00fcber zu sehen. Vielleicht sehen Sie sogar noch den Schnee in den Alpen. Auch wenn die Temperaturen noch etwas niedriger sind, k\u00f6nnen Sie problemlos einen sonnigen Spaziergang machen und die piemontesische Landschaft genie\u00dfen. Holen Sie sich den Vitamin D-Boost, um Ihre neuen Ideen zu verwirklichen und mit gesunden Routinen zu beginnen.<\/p>\n<p>Frische Farben und duftende Bl\u00fcten. Als wir hier ankamen, war ich auch erstaunt, wie viele Mohnblumen um unser Haus herum zu sehen sind. So ist es einfach, die Sch\u00f6nheit der Natur zu genie\u00dfen und gleichzeitig in einer ruhigen Umgebung produktiv zu bleiben. Machen Sie Pausen, um durch die umliegenden Weinberge zu schlendern. Es gibt mehrere Wege, denen Sie leicht folgen k\u00f6nnen, ohne das Haus aus den Augen zu verlieren. Am fr\u00fchen Morgen k\u00f6nnen Sie Hirsche und andere wilde Tiere sehen.<\/p>\n<\/p>\n<h5><strong>2\/ Sommer: Sonnige Tage und ein Arbeitsbereich im Freien<\/strong><\/h5>\n<p>Wenn die Sonne hoch am Himmel steht und die Tage lang sind, wird die Villa Perla noch interessanter. Arbeiten Sie bequem von einem der ger\u00e4umigen Zimmer der Villa aus oder nehmen Sie Ihren Laptop mit auf unsere \u00fcberdachte Terrasse und richten Sie dort Ihr B\u00fcro ein. Tanken Sie Ihre Kreativit\u00e4t auf, indem Sie an verschiedenen Orten arbeiten. Wenn Sie Ihren Arbeitstag beendet haben, erkunden Sie die nahe gelegenen Weinberge, machen Sie eine Weinprobe, suchen Sie eine nette Bar oder ein Restaurant auf und entspannen Sie sich. Vergessen Sie nicht, dass Sie auch eine Pause mit einem erfrischenden Sprung in den Pool einlegen k\u00f6nnen, wann immer Sie wollen. Haben Sie Kinder und m\u00fcssen Sie auch Ihre E-Mails abrufen? Keine Sorge: Sie k\u00f6nnen sich bequem selbst installieren und gleichzeitig ein Auge auf die Kinder im Pool werfen.<\/p>\n<\/p>\n<h5><strong>3\/ Herbst: all diese Farben und Geschm\u00e4cker&#8230;<\/strong><\/h5>\n<p>Wenn der Herbst Einzug h\u00e4lt, verwandelt sich Piemonte in eine goldene Landschaft. Die Luft ist frisch, die Weinberge leuchten in allen Farben und die Bauern sind mit der Ernte besch\u00e4ftigt. Erleben Sie den Herbst in Piemonte in der Villa Perla und unternehmen Sie Spazierg\u00e4nge durch die umliegende Landschaft. Da die Erntezeit in vollem Gange ist, ist der Herbst auch die perfekte Zeit, um die ber\u00fchmten lokalen Weine auf einem der zahlreichen Weinfeste zu probieren. W\u00e4hrend dieser &#8222;fiera&#8217;s&#8220; finden Sie auch die lokalen kulinarischen Sch\u00e4tze, wie mit Tr\u00fcffel versetzte Delikatessen, Eint\u00f6pfe, frische Pasta und traditionelle Fleischgerichte, lokale Produkte mit Haseln\u00fcssen,&#8230;<\/p>\n<p>Wussten Sie eigentlich, dass Nutella \/ Ferrero urspr\u00fcnglich aus dem Piemont stammt?  <strong><a href=\"https:\/\/www.nutella.com\/it\/it\/scopri-nutella\/storia#:~:text=Dopo%20la%20seconda%20guerra%20mondiale,l'antenato%20di%20Nutella%C2%AE.\">Mehr lesen<\/a><\/strong> <img decoding=\"async\" class=\"emoji\" role=\"img\" draggable=\"false\" src=\"https:\/\/s.w.org\/images\/core\/emoji\/15.0.3\/svg\/1f609.svg\" alt=\"\ud83d\ude09\"><\/p>\n<\/p>\n<h5><strong>4\/ Winter: Gem\u00fctliche R\u00e4ume &amp; Skifahren<\/strong><\/h5>\n<p>Wenn &#8222;der Winter kommt&#8220;, wird die Villa Perla zu einem gem\u00fctlichen R\u00fcckzugsort, an dem Sie arbeiten, entspannen und sich am Kamin inspirieren lassen k\u00f6nnen. Setzen Sie sich mit einer hei\u00dfen Tasse Kaffee oder Tee hin und gehen Sie Ihre Aufgaben konzentriert und entschlossen an. Und wenn es Zeit f\u00fcr eine Pause ist, erkunden Sie das Winterwunderland Piemonte. Sagen Sie uns Bescheid, wenn Sie einen Tag lang in den nahe gelegenen Alpen Ski fahren oder wandern m\u00f6chten; wir k\u00f6nnen Ihnen dabei helfen, den richtigen Ort f\u00fcr Ihren Tagesausflug zu finden.<\/p>\n<p><b>Also&#8230; Ganz gleich zu welcher Jahreszeit, die Villa Perla in Piemonte bietet ein unvergleichliches Urlaubserlebnis. Vom Fr\u00fchling bis zum Winter bringt jede Jahreszeit ihre eigenen Vorteile, ihren Charme und ihre Inspiration mit sich.<\/b><\/p>\n<p><b>Setzen Sie sich mit uns in Verbindung, wenn Sie Fragen zu Aktivit\u00e4ten, Kursen oder zur Rechnungsstellung haben oder Ihren Workcation in der Villa Perla Piemonte buchen m\u00f6chten. Wir haben interessante Angebote f\u00fcr lange Aufenthalte in der Nebensaison.<\/b><\/p>\n\t\t\t\t\t\t\t\t<\/div>\n\t\t\t\t<\/div>\n\t\t\t\t<div class=\"elementor-element elementor-element-e3fa494 elementor-shape-circle e-grid-align-left e-grid-align-mobile-left elementor-grid-0 elementor-widget elementor-widget-social-icons\" data-id=\"e3fa494\" data-element_type=\"widget\" data-e-type=\"widget\" data-widget_type=\"social-icons.default\">\n\t\t\t\t<div class=\"elementor-widget-container\">\n\t\t\t\t\t\t\t<div class=\"elementor-social-icons-wrapper elementor-grid\" role=\"list\">\n\t\t\t\t\t\t\t<span class=\"elementor-grid-item\" role=\"listitem\">\n\t\t\t\t\t<a class=\"elementor-icon elementor-social-icon elementor-social-icon-facebook elementor-repeater-item-f6b06db\" href=\"https:\/\/www.facebook.com\/villaperla.piemonte\" target=\"_blank\">\n\t\t\t\t\t\t<span class=\"elementor-screen-only\">Facebook<\/span>\n\t\t\t\t\t\t<svg aria-hidden=\"true\" class=\"e-font-icon-svg e-fab-facebook\" viewBox=\"0 0 512 512\" xmlns=\"http:\/\/www.w3.org\/2000\/svg\"><path d=\"M504 256C504 119 393 8 256 8S8 119 8 256c0 123.78 90.69 226.38 209.25 245V327.69h-63V256h63v-54.64c0-62.15 37-96.48 93.67-96.48 27.14 0 55.52 4.84 55.52 4.84v61h-31.28c-30.8 0-40.41 19.12-40.41 38.73V256h68.78l-11 71.69h-57.78V501C413.31 482.38 504 379.78 504 256z\"><\/path><\/svg>\t\t\t\t\t<\/a>\n\t\t\t\t<\/span>\n\t\t\t\t\t\t\t<span class=\"elementor-grid-item\" role=\"listitem\">\n\t\t\t\t\t<a class=\"elementor-icon elementor-social-icon elementor-social-icon-instagram elementor-repeater-item-a2ff72c\" href=\"https:\/\/www.instagram.com\/villaperla_piemonte\/\" target=\"_blank\">\n\t\t\t\t\t\t<span class=\"elementor-screen-only\">Instagram<\/span>\n\t\t\t\t\t\t<svg aria-hidden=\"true\" class=\"e-font-icon-svg e-fab-instagram\" viewBox=\"0 0 448 512\" xmlns=\"http:\/\/www.w3.org\/2000\/svg\"><path d=\"M224.1 141c-63.6 0-114.9 51.3-114.9 114.9s51.3 114.9 114.9 114.9S339 319.5 339 255.9 287.7 141 224.1 141zm0 189.6c-41.1 0-74.7-33.5-74.7-74.7s33.5-74.7 74.7-74.7 74.7 33.5 74.7 74.7-33.6 74.7-74.7 74.7zm146.4-194.3c0 14.9-12 26.8-26.8 26.8-14.9 0-26.8-12-26.8-26.8s12-26.8 26.8-26.8 26.8 12 26.8 26.8zm76.1 27.2c-1.7-35.9-9.9-67.7-36.2-93.9-26.2-26.2-58-34.4-93.9-36.2-37-2.1-147.9-2.1-184.9 0-35.8 1.7-67.6 9.9-93.9 36.1s-34.4 58-36.2 93.9c-2.1 37-2.1 147.9 0 184.9 1.7 35.9 9.9 67.7 36.2 93.9s58 34.4 93.9 36.2c37 2.1 147.9 2.1 184.9 0 35.9-1.7 67.7-9.9 93.9-36.2 26.2-26.2 34.4-58 36.2-93.9 2.1-37 2.1-147.8 0-184.8zM398.8 388c-7.8 19.6-22.9 34.7-42.6 42.6-29.5 11.7-99.5 9-132.1 9s-102.7 2.6-132.1-9c-19.6-7.8-34.7-22.9-42.6-42.6-11.7-29.5-9-99.5-9-132.1s-2.6-102.7 9-132.1c7.8-19.6 22.9-34.7 42.6-42.6 29.5-11.7 99.5-9 132.1-9s102.7-2.6 132.1 9c19.6 7.8 34.7 22.9 42.6 42.6 11.7 29.5 9 99.5 9 132.1s2.7 102.7-9 132.1z\"><\/path><\/svg>\t\t\t\t\t<\/a>\n\t\t\t\t<\/span>\n\t\t\t\t\t\t\t<span class=\"elementor-grid-item\" role=\"listitem\">\n\t\t\t\t\t<a class=\"elementor-icon elementor-social-icon elementor-social-icon-map-marker elementor-repeater-item-7277edf\" href=\"https:\/\/www.google.com\/maps\/place\/Villa+Perla\/@44.7595632,8.2185547,17z\/data=!3m1!4b1!4m5!3m4!1s0x0:0xf09321bd6bf80e73!8m2!3d44.75771!4d8.21878?cid=17335236488123125363&#038;_ga=2.265434311.939802128.1637484377-58352316.1629196357&#038;shorturl=1\" target=\"_blank\">\n\t\t\t\t\t\t<span class=\"elementor-screen-only\">Map-marker<\/span>\n\t\t\t\t\t\t<svg aria-hidden=\"true\" class=\"e-font-icon-svg e-fas-map-marker\" viewBox=\"0 0 384 512\" xmlns=\"http:\/\/www.w3.org\/2000\/svg\"><path d=\"M172.268 501.67C26.97 291.031 0 269.413 0 192 0 85.961 85.961 0 192 0s192 85.961 192 192c0 77.413-26.97 99.031-172.268 309.67-9.535 13.774-29.93 13.773-39.464 0z\"><\/path><\/svg>\t\t\t\t\t<\/a>\n\t\t\t\t<\/span>\n\t\t\t\t\t<\/div>\n\t\t\t\t\t\t<\/div>\n\t\t\t\t<\/div>\n\t\t\t\t<div class=\"elementor-element elementor-element-181008f elementor-widget elementor-widget-text-editor\" data-id=\"181008f\" data-element_type=\"widget\" data-e-type=\"widget\" data-widget_type=\"text-editor.default\">\n\t\t\t\t<div class=\"elementor-widget-container\">\n\t\t\t\t\t\t\t\t\t<h3 style=\"text-align: center;\">Haben Sie Anregungen, Feedback oder Fragen?<\/h3>\n<p style=\"text-align: center;\">Schicken Sie uns eine Whatsapp \u00fcber die Website oder mailen Sie uns direkt \u00fcber <strong><a href=\"mailto:info@villa-perla.it\" rel=\"noopener\">info@villa-perla.it<\/a>!<\/strong><\/p>\n\t\t\t\t\t\t\t\t<\/div>\n\t\t\t\t<\/div>\n\t\t\t\t\t<\/div>\n\t\t<\/div>\n\t\t\t\t<div class=\"elementor-column elementor-col-50 elementor-top-column elementor-element elementor-element-9be66b3\" data-id=\"9be66b3\" data-element_type=\"column\" data-e-type=\"column\" data-settings=\"{&quot;background_background&quot;:&quot;classic&quot;}\">\n\t\t\t<div class=\"elementor-widget-wrap elementor-element-populated\">\n\t\t\t\t\t\t<div class=\"elementor-element elementor-element-bd3baa7 elementor-widget elementor-widget-heading\" data-id=\"bd3baa7\" data-element_type=\"widget\" data-e-type=\"widget\" data-widget_type=\"heading.default\">\n\t\t\t\t<div class=\"elementor-widget-container\">\n\t\t\t\t\t<h2 class=\"elementor-heading-title elementor-size-default\">Lesen Sie auch:<\/h2>\t\t\t\t<\/div>\n\t\t\t\t<\/div>\n\t\t\t\t<div class=\"elementor-element elementor-element-52c546e elementor-grid-1 elementor-posts--align-center elementor-grid-tablet-2 elementor-grid-mobile-1 elementor-posts--thumbnail-top elementor-widget elementor-widget-posts\" data-id=\"52c546e\" data-element_type=\"widget\" data-e-type=\"widget\" data-settings=\"{&quot;classic_columns&quot;:&quot;1&quot;,&quot;classic_columns_tablet&quot;:&quot;2&quot;,&quot;classic_columns_mobile&quot;:&quot;1&quot;,&quot;classic_row_gap&quot;:{&quot;unit&quot;:&quot;px&quot;,&quot;size&quot;:35,&quot;sizes&quot;:[]},&quot;classic_row_gap_tablet&quot;:{&quot;unit&quot;:&quot;px&quot;,&quot;size&quot;:&quot;&quot;,&quot;sizes&quot;:[]},&quot;classic_row_gap_mobile&quot;:{&quot;unit&quot;:&quot;px&quot;,&quot;size&quot;:&quot;&quot;,&quot;sizes&quot;:[]}}\" data-widget_type=\"posts.classic\">\n\t\t\t\t<div class=\"elementor-widget-container\">\n\t\t\t\t\t\t\t<div class=\"elementor-posts-container elementor-posts elementor-posts--skin-classic elementor-grid\" role=\"list\">\n\t\t\t\t<article class=\"elementor-post elementor-grid-item post-19758 post type-post status-publish format-standard has-post-thumbnail hentry category-villa-perla-de-2 tag-to-do-de\" role=\"listitem\">\n\t\t\t\t<a class=\"elementor-post__thumbnail__link\" href=\"https:\/\/villa-perla.it\/de\/aufenthalt-mit-hund-in-der-villa-perla-in-piemonte\/\" tabindex=\"-1\" >\n\t\t\t<div class=\"elementor-post__thumbnail\"><img fetchpriority=\"high\" decoding=\"async\" width=\"2560\" height=\"1440\" src=\"https:\/\/villa-perla.it\/wp-content\/uploads\/2024\/05\/villa-perla-piemonte-holiday-house-poolside-scaled.webp\" class=\"attachment-full size-full wp-image-14489\" alt=\"\" \/><\/div>\n\t\t<\/a>\n\t\t\t\t<div class=\"elementor-post__text\">\n\t\t\t\t<h3 class=\"elementor-post__title\">\n\t\t\t<a href=\"https:\/\/villa-perla.it\/de\/aufenthalt-mit-hund-in-der-villa-perla-in-piemonte\/\" >\n\t\t\t\tAufenthalt mit Hund in der Villa Perla in Piemonte\t\t\t<\/a>\n\t\t<\/h3>\n\t\t\t\t<div class=\"elementor-post__meta-data\">\n\t\t\t\t\t<span class=\"elementor-post-date\">\n\t\t\t13. April 2026\t\t<\/span>\n\t\t\t\t<\/div>\n\t\t\n\t\t<a class=\"elementor-post__read-more\" href=\"https:\/\/villa-perla.it\/de\/aufenthalt-mit-hund-in-der-villa-perla-in-piemonte\/\" aria-label=\"Mehr \u00fcber Aufenthalt mit Hund in der Villa Perla in Piemonte\" tabindex=\"-1\" >\n\t\t\tMehr lesen \"\t\t<\/a>\n\n\t\t\t\t<\/div>\n\t\t\t\t<\/article>\n\t\t\t\t<article class=\"elementor-post elementor-grid-item post-19692 post type-post status-publish format-standard has-post-thumbnail hentry category-to-do-de tag-to-do-de\" role=\"listitem\">\n\t\t\t\t<a class=\"elementor-post__thumbnail__link\" href=\"https:\/\/villa-perla.it\/de\/entfernungen-zwischen-villa-perla-und-den-schoensten-doerfern-des-piemonte\/\" tabindex=\"-1\" >\n\t\t\t<div class=\"elementor-post__thumbnail\"><img decoding=\"async\" width=\"2298\" height=\"1968\" src=\"https:\/\/villa-perla.it\/wp-content\/uploads\/2024\/08\/villa-perla-piemonte-daytrip-neive-art-featured.webp\" class=\"attachment-full size-full wp-image-15391\" alt=\"\" \/><\/div>\n\t\t<\/a>\n\t\t\t\t<div class=\"elementor-post__text\">\n\t\t\t\t<h3 class=\"elementor-post__title\">\n\t\t\t<a href=\"https:\/\/villa-perla.it\/de\/entfernungen-zwischen-villa-perla-und-den-schoensten-doerfern-des-piemonte\/\" >\n\t\t\t\tEntfernungen zwischen Villa Perla und den sch\u00f6nsten D\u00f6rfern des Piemonte\t\t\t<\/a>\n\t\t<\/h3>\n\t\t\t\t<div class=\"elementor-post__meta-data\">\n\t\t\t\t\t<span class=\"elementor-post-date\">\n\t\t\t25. Februar 2026\t\t<\/span>\n\t\t\t\t<\/div>\n\t\t\n\t\t<a class=\"elementor-post__read-more\" href=\"https:\/\/villa-perla.it\/de\/entfernungen-zwischen-villa-perla-und-den-schoensten-doerfern-des-piemonte\/\" aria-label=\"Mehr \u00fcber Entfernungen zwischen Villa Perla und den sch\u00f6nsten D\u00f6rfern des Piemonte\" tabindex=\"-1\" >\n\t\t\tMehr lesen \"\t\t<\/a>\n\n\t\t\t\t<\/div>\n\t\t\t\t<\/article>\n\t\t\t\t<article class=\"elementor-post elementor-grid-item post-19321 post type-post status-publish format-standard has-post-thumbnail hentry category-to-do-de\" role=\"listitem\">\n\t\t\t\t<a class=\"elementor-post__thumbnail__link\" href=\"https:\/\/villa-perla.it\/de\/websites-fuer-ferienhaeuser\/\" tabindex=\"-1\" >\n\t\t\t<div class=\"elementor-post__thumbnail\"><img decoding=\"async\" width=\"2048\" height=\"1843\" src=\"https:\/\/villa-perla.it\/wp-content\/uploads\/2023\/08\/villa-perla-piemonte-holiday-house-with-pool-002-2023.webp\" class=\"attachment-full size-full wp-image-11136\" alt=\"Villa Perla Piemonte - living room view\" \/><\/div>\n\t\t<\/a>\n\t\t\t\t<div class=\"elementor-post__text\">\n\t\t\t\t<h3 class=\"elementor-post__title\">\n\t\t\t<a href=\"https:\/\/villa-perla.it\/de\/websites-fuer-ferienhaeuser\/\" >\n\t\t\t\tWebsites f\u00fcr Ferienh\u00e4user\t\t\t<\/a>\n\t\t<\/h3>\n\t\t\t\t<div class=\"elementor-post__meta-data\">\n\t\t\t\t\t<span class=\"elementor-post-date\">\n\t\t\t23. Februar 2026\t\t<\/span>\n\t\t\t\t<\/div>\n\t\t\n\t\t<a class=\"elementor-post__read-more\" href=\"https:\/\/villa-perla.it\/de\/websites-fuer-ferienhaeuser\/\" aria-label=\"Mehr \u00fcber Websites f\u00fcr Ferienh\u00e4user\" tabindex=\"-1\" >\n\t\t\tMehr lesen \"\t\t<\/a>\n\n\t\t\t\t<\/div>\n\t\t\t\t<\/article>\n\t\t\t\t<article class=\"elementor-post elementor-grid-item post-19251 post type-post status-publish format-standard has-post-thumbnail hentry category-to-do-de\" role=\"listitem\">\n\t\t\t\t<a class=\"elementor-post__thumbnail__link\" href=\"https:\/\/villa-perla.it\/de\/entdecken-sie-eleven30-fruehstuecks-und-mittagsservice\/\" tabindex=\"-1\" >\n\t\t\t<div class=\"elementor-post__thumbnail\"><img loading=\"lazy\" decoding=\"async\" width=\"500\" height=\"500\" src=\"https:\/\/villa-perla.it\/wp-content\/uploads\/2026\/01\/eleven30-logo.webp\" class=\"attachment-full size-full wp-image-19148\" alt=\"\" \/><\/div>\n\t\t<\/a>\n\t\t\t\t<div class=\"elementor-post__text\">\n\t\t\t\t<h3 class=\"elementor-post__title\">\n\t\t\t<a href=\"https:\/\/villa-perla.it\/de\/entdecken-sie-eleven30-fruehstuecks-und-mittagsservice\/\" >\n\t\t\t\tEntdecken Sie Eleven30 &#8211; Fr\u00fchst\u00fccks- und Mittagsservice\t\t\t<\/a>\n\t\t<\/h3>\n\t\t\t\t<div class=\"elementor-post__meta-data\">\n\t\t\t\t\t<span class=\"elementor-post-date\">\n\t\t\t16. Januar 2026\t\t<\/span>\n\t\t\t\t<\/div>\n\t\t\n\t\t<a class=\"elementor-post__read-more\" href=\"https:\/\/villa-perla.it\/de\/entdecken-sie-eleven30-fruehstuecks-und-mittagsservice\/\" aria-label=\"Mehr \u00fcber Entdecken Sie Eleven30 &#8211; Fr\u00fchst\u00fccks- und Mittagsservice\" tabindex=\"-1\" >\n\t\t\tMehr lesen \"\t\t<\/a>\n\n\t\t\t\t<\/div>\n\t\t\t\t<\/article>\n\t\t\t\t<article class=\"elementor-post elementor-grid-item post-10712 post type-post status-publish format-standard has-post-thumbnail hentry category-villa-perla-de-2 tag-to-do-de\" role=\"listitem\">\n\t\t\t\t<a class=\"elementor-post__thumbnail__link\" href=\"https:\/\/villa-perla.it\/de\/what-to-do-around-villa-perla-piemonte-in-autumn\/\" tabindex=\"-1\" >\n\t\t\t<div class=\"elementor-post__thumbnail\"><img loading=\"lazy\" decoding=\"async\" width=\"2560\" height=\"1920\" src=\"https:\/\/villa-perla.it\/wp-content\/uploads\/2023\/03\/villa-perla-piemonte-what-to-do-in-autumn-scaled.webp\" class=\"attachment-full size-full wp-image-10225\" alt=\"\" \/><\/div>\n\t\t<\/a>\n\t\t\t\t<div class=\"elementor-post__text\">\n\t\t\t\t<h3 class=\"elementor-post__title\">\n\t\t\t<a href=\"https:\/\/villa-perla.it\/de\/what-to-do-around-villa-perla-piemonte-in-autumn\/\" >\n\t\t\t\tWas kann man im Herbst in der Umgebung von Villa Perla Piemonte unternehmen?\t\t\t<\/a>\n\t\t<\/h3>\n\t\t\t\t<div class=\"elementor-post__meta-data\">\n\t\t\t\t\t<span class=\"elementor-post-date\">\n\t\t\t1. September 2024\t\t<\/span>\n\t\t\t\t<\/div>\n\t\t\n\t\t<a class=\"elementor-post__read-more\" href=\"https:\/\/villa-perla.it\/de\/what-to-do-around-villa-perla-piemonte-in-autumn\/\" aria-label=\"Mehr \u00fcber Was kann man im Herbst in der Umgebung von Villa Perla Piemonte unternehmen?\" tabindex=\"-1\" >\n\t\t\tMehr lesen \"\t\t<\/a>\n\n\t\t\t\t<\/div>\n\t\t\t\t<\/article>\n\t\t\t\t<article class=\"elementor-post elementor-grid-item post-15503 post type-post status-publish format-standard has-post-thumbnail hentry category-to-do-de tag-to-do-de\" role=\"listitem\">\n\t\t\t\t<a class=\"elementor-post__thumbnail__link\" href=\"https:\/\/villa-perla.it\/de\/villa-perla-tagesausflug-1-neive-alba-barolo-canelli\/\" tabindex=\"-1\" >\n\t\t\t<div class=\"elementor-post__thumbnail\"><img decoding=\"async\" width=\"2298\" height=\"1968\" src=\"https:\/\/villa-perla.it\/wp-content\/uploads\/2024\/08\/villa-perla-piemonte-daytrip-neive-art-featured.webp\" class=\"attachment-full size-full wp-image-15391\" alt=\"\" \/><\/div>\n\t\t<\/a>\n\t\t\t\t<div class=\"elementor-post__text\">\n\t\t\t\t<h3 class=\"elementor-post__title\">\n\t\t\t<a href=\"https:\/\/villa-perla.it\/de\/villa-perla-tagesausflug-1-neive-alba-barolo-canelli\/\" >\n\t\t\t\tVilla Perla Tagesausflug 1: Neive, Alba, Barolo &amp; Canelli\t\t\t<\/a>\n\t\t<\/h3>\n\t\t\t\t<div class=\"elementor-post__meta-data\">\n\t\t\t\t\t<span class=\"elementor-post-date\">\n\t\t\t13. August 2024\t\t<\/span>\n\t\t\t\t<\/div>\n\t\t\n\t\t<a class=\"elementor-post__read-more\" href=\"https:\/\/villa-perla.it\/de\/villa-perla-tagesausflug-1-neive-alba-barolo-canelli\/\" aria-label=\"Mehr \u00fcber Villa Perla Tagesausflug 1: Neive, Alba, Barolo &amp; Canelli\" tabindex=\"-1\" >\n\t\t\tMehr lesen \"\t\t<\/a>\n\n\t\t\t\t<\/div>\n\t\t\t\t<\/article>\n\t\t\t\t<\/div>\n\t\t\n\t\t\t\t\t\t<\/div>\n\t\t\t\t<\/div>\n\t\t\t\t\t<\/div>\n\t\t<\/div>\n\t\t\t\t\t<\/div>\n\t\t<\/section>\n\t\t\t\t<\/div>\n\t\t","protected":false},"excerpt":{"rendered":"<p>Der t\u00e4glichen Routine entfliehen? M\u00f6chten Sie einen Arbeitsaufenthalt organisieren? M\u00f6chten Sie Ihr eigenes Team \u00fcbernehmen? In der Villa Perla Piemonte k\u00f6nnen Sie den besten Arbeitsaufenthalt gestalten<\/p>\n","protected":false},"author":5,"featured_media":13804,"comment_status":"closed","ping_status":"closed","sticky":false,"template":"elementor_header_footer","format":"standard","meta":{"_angie_page":false,"page_builder":"","footnotes":""},"categories":[166],"tags":[],"class_list":["post-14465","post","type-post","status-publish","format-standard","has-post-thumbnail","hentry","category-villa-perla-de-2"],"yoast_head":"<!-- This site is optimized with the Yoast SEO plugin v27.4 - https:\/\/yoast.com\/product\/yoast-seo-wordpress\/ -->\n<title>Perfekt f\u00fcr jede Jahreszeit: Warum die Villa Perla in Piemonte ideal f\u00fcr einen Arbeitsaufenthalt ist - Villa Perla | Langhe - Monferrato<\/title>\n<meta name=\"description\" content=\"Der t\u00e4glichen Routine entfliehen? M\u00f6chten Sie einen Arbeitsaufenthalt organisieren? M\u00f6chten Sie Ihr eigenes Team \u00fcbernehmen? In der Villa Perla Piemonte k\u00f6nnen Sie den besten Arbeitsaufenthalt gestalten\" \/>\n<meta name=\"robots\" content=\"index, follow, max-snippet:-1, max-image-preview:large, max-video-preview:-1\" \/>\n<link rel=\"canonical\" href=\"https:\/\/villa-perla.it\/de\/perfekt-fuer-jede-jahreszeit-warum-die-villa-perla-in-piemonte-ideal-fuer-einen-arbeitsaufenthalt-ist\/\" \/>\n<meta property=\"og:locale\" content=\"de_DE\" \/>\n<meta property=\"og:type\" content=\"article\" \/>\n<meta property=\"og:title\" content=\"Villa Perla Piemonte | Ihr Ferienhaus f\u00fcr Workcations\" \/>\n<meta property=\"og:description\" content=\"Der t\u00e4glichen Routine entfliehen? M\u00f6chten Sie einen Arbeitsaufenthalt organisieren? M\u00f6chten Sie Ihr eigenes Team \u00fcbernehmen? In der Villa Perla Piemonte k\u00f6nnen Sie den besten Arbeitsaufenthalt gestalten\" \/>\n<meta property=\"og:url\" content=\"https:\/\/villa-perla.it\/de\/perfekt-fuer-jede-jahreszeit-warum-die-villa-perla-in-piemonte-ideal-fuer-einen-arbeitsaufenthalt-ist\/\" \/>\n<meta property=\"og:site_name\" content=\"Villa Perla | Langhe - Monferrato\" \/>\n<meta property=\"article:publisher\" content=\"https:\/\/www.facebook.com\/villaperla.piemonte\" \/>\n<meta property=\"article:published_time\" content=\"2024-05-10T11:38:22+00:00\" \/>\n<meta property=\"article:modified_time\" content=\"2024-05-10T13:06:29+00:00\" \/>\n<meta property=\"og:image\" content=\"https:\/\/villa-perla.it\/wp-content\/uploads\/2023\/03\/cropped-Villa-perla-piemonte-favicon-1-300x300.png\" \/>\n<meta name=\"author\" content=\"Benny\" \/>\n<meta name=\"twitter:card\" content=\"summary_large_image\" \/>\n<meta name=\"twitter:title\" content=\"Villa Perla Piemonte | Ihr Ferienhaus f\u00fcr Workcations\" \/>\n<meta name=\"twitter:description\" content=\"Der t\u00e4glichen Routine entfliehen? M\u00f6chten Sie einen Arbeitsaufenthalt organisieren? M\u00f6chten Sie Ihr eigenes Team \u00fcbernehmen? In der Villa Perla Piemonte k\u00f6nnen Sie den besten Arbeitsaufenthalt gestalten\" \/>\n<meta name=\"twitter:image\" content=\"https:\/\/villa-perla.it\/wp-content\/uploads\/2023\/03\/cropped-Villa-perla-piemonte-favicon-1.png\" \/>\n<meta name=\"twitter:label1\" content=\"Verfasst von\" \/>\n\t<meta name=\"twitter:data1\" content=\"Benny\" \/>\n\t<meta name=\"twitter:label2\" content=\"Gesch\u00e4tzte Lesezeit\" \/>\n\t<meta name=\"twitter:data2\" content=\"5\u00a0Minuten\" \/>\n<script type=\"application\/ld+json\" class=\"yoast-schema-graph\">{\"@context\":\"https:\\\/\\\/schema.org\",\"@graph\":[{\"@type\":\"Article\",\"@id\":\"https:\\\/\\\/villa-perla.it\\\/de\\\/perfekt-fuer-jede-jahreszeit-warum-die-villa-perla-in-piemonte-ideal-fuer-einen-arbeitsaufenthalt-ist\\\/#article\",\"isPartOf\":{\"@id\":\"https:\\\/\\\/villa-perla.it\\\/de\\\/perfekt-fuer-jede-jahreszeit-warum-die-villa-perla-in-piemonte-ideal-fuer-einen-arbeitsaufenthalt-ist\\\/\"},\"author\":{\"name\":\"Benny\",\"@id\":\"https:\\\/\\\/villa-perla.it\\\/de\\\/#\\\/schema\\\/person\\\/50b32b6cf17bc1cd8759ed65996c029a\"},\"headline\":\"Perfekt f\u00fcr jede Jahreszeit: Warum die Villa Perla in Piemonte ideal f\u00fcr einen Arbeitsaufenthalt ist\",\"datePublished\":\"2024-05-10T11:38:22+00:00\",\"dateModified\":\"2024-05-10T13:06:29+00:00\",\"mainEntityOfPage\":{\"@id\":\"https:\\\/\\\/villa-perla.it\\\/de\\\/perfekt-fuer-jede-jahreszeit-warum-die-villa-perla-in-piemonte-ideal-fuer-einen-arbeitsaufenthalt-ist\\\/\"},\"wordCount\":1021,\"publisher\":{\"@id\":\"https:\\\/\\\/villa-perla.it\\\/de\\\/#organization\"},\"image\":{\"@id\":\"https:\\\/\\\/villa-perla.it\\\/de\\\/perfekt-fuer-jede-jahreszeit-warum-die-villa-perla-in-piemonte-ideal-fuer-einen-arbeitsaufenthalt-ist\\\/#primaryimage\"},\"thumbnailUrl\":\"https:\\\/\\\/villa-perla.it\\\/wp-content\\\/uploads\\\/2023\\\/03\\\/cropped-Villa-perla-piemonte-favicon-1.webp\",\"articleSection\":[\"Villa Perla\"],\"inLanguage\":\"de\"},{\"@type\":\"WebPage\",\"@id\":\"https:\\\/\\\/villa-perla.it\\\/de\\\/perfekt-fuer-jede-jahreszeit-warum-die-villa-perla-in-piemonte-ideal-fuer-einen-arbeitsaufenthalt-ist\\\/\",\"url\":\"https:\\\/\\\/villa-perla.it\\\/de\\\/perfekt-fuer-jede-jahreszeit-warum-die-villa-perla-in-piemonte-ideal-fuer-einen-arbeitsaufenthalt-ist\\\/\",\"name\":\"Perfekt f\u00fcr jede Jahreszeit: Warum die Villa Perla in Piemonte ideal f\u00fcr einen Arbeitsaufenthalt ist - Villa Perla | Langhe - Monferrato\",\"isPartOf\":{\"@id\":\"https:\\\/\\\/villa-perla.it\\\/de\\\/#website\"},\"primaryImageOfPage\":{\"@id\":\"https:\\\/\\\/villa-perla.it\\\/de\\\/perfekt-fuer-jede-jahreszeit-warum-die-villa-perla-in-piemonte-ideal-fuer-einen-arbeitsaufenthalt-ist\\\/#primaryimage\"},\"image\":{\"@id\":\"https:\\\/\\\/villa-perla.it\\\/de\\\/perfekt-fuer-jede-jahreszeit-warum-die-villa-perla-in-piemonte-ideal-fuer-einen-arbeitsaufenthalt-ist\\\/#primaryimage\"},\"thumbnailUrl\":\"https:\\\/\\\/villa-perla.it\\\/wp-content\\\/uploads\\\/2023\\\/03\\\/cropped-Villa-perla-piemonte-favicon-1.webp\",\"datePublished\":\"2024-05-10T11:38:22+00:00\",\"dateModified\":\"2024-05-10T13:06:29+00:00\",\"description\":\"Der t\u00e4glichen Routine entfliehen? M\u00f6chten Sie einen Arbeitsaufenthalt organisieren? M\u00f6chten Sie Ihr eigenes Team \u00fcbernehmen? In der Villa Perla Piemonte k\u00f6nnen Sie den besten Arbeitsaufenthalt gestalten\",\"breadcrumb\":{\"@id\":\"https:\\\/\\\/villa-perla.it\\\/de\\\/perfekt-fuer-jede-jahreszeit-warum-die-villa-perla-in-piemonte-ideal-fuer-einen-arbeitsaufenthalt-ist\\\/#breadcrumb\"},\"inLanguage\":\"de\",\"potentialAction\":[{\"@type\":\"ReadAction\",\"target\":[\"https:\\\/\\\/villa-perla.it\\\/de\\\/perfekt-fuer-jede-jahreszeit-warum-die-villa-perla-in-piemonte-ideal-fuer-einen-arbeitsaufenthalt-ist\\\/\"]}]},{\"@type\":\"ImageObject\",\"inLanguage\":\"de\",\"@id\":\"https:\\\/\\\/villa-perla.it\\\/de\\\/perfekt-fuer-jede-jahreszeit-warum-die-villa-perla-in-piemonte-ideal-fuer-einen-arbeitsaufenthalt-ist\\\/#primaryimage\",\"url\":\"https:\\\/\\\/villa-perla.it\\\/wp-content\\\/uploads\\\/2023\\\/03\\\/cropped-Villa-perla-piemonte-favicon-1.webp\",\"contentUrl\":\"https:\\\/\\\/villa-perla.it\\\/wp-content\\\/uploads\\\/2023\\\/03\\\/cropped-Villa-perla-piemonte-favicon-1.webp\",\"width\":512,\"height\":512},{\"@type\":\"BreadcrumbList\",\"@id\":\"https:\\\/\\\/villa-perla.it\\\/de\\\/perfekt-fuer-jede-jahreszeit-warum-die-villa-perla-in-piemonte-ideal-fuer-einen-arbeitsaufenthalt-ist\\\/#breadcrumb\",\"itemListElement\":[{\"@type\":\"ListItem\",\"position\":1,\"name\":\"Home\",\"item\":\"https:\\\/\\\/villa-perla.it\\\/de\\\/\"},{\"@type\":\"ListItem\",\"position\":2,\"name\":\"Perfekt f\u00fcr jede Jahreszeit: Warum die Villa Perla in Piemonte ideal f\u00fcr einen Arbeitsaufenthalt ist\"}]},{\"@type\":\"WebSite\",\"@id\":\"https:\\\/\\\/villa-perla.it\\\/de\\\/#website\",\"url\":\"https:\\\/\\\/villa-perla.it\\\/de\\\/\",\"name\":\"Villa Perla | Langhe - Monferrato\",\"description\":\"Your private holiday house in Piemonte\",\"publisher\":{\"@id\":\"https:\\\/\\\/villa-perla.it\\\/de\\\/#organization\"},\"alternateName\":\"Villa Perla |\",\"potentialAction\":[{\"@type\":\"SearchAction\",\"target\":{\"@type\":\"EntryPoint\",\"urlTemplate\":\"https:\\\/\\\/villa-perla.it\\\/de\\\/?s={search_term_string}\"},\"query-input\":{\"@type\":\"PropertyValueSpecification\",\"valueRequired\":true,\"valueName\":\"search_term_string\"}}],\"inLanguage\":\"de\"},{\"@type\":\"Organization\",\"@id\":\"https:\\\/\\\/villa-perla.it\\\/de\\\/#organization\",\"name\":\"Villa Perla Piemonte\",\"alternateName\":\"Villa Perla Piemonte\",\"url\":\"https:\\\/\\\/villa-perla.it\\\/de\\\/\",\"logo\":{\"@type\":\"ImageObject\",\"inLanguage\":\"de\",\"@id\":\"https:\\\/\\\/villa-perla.it\\\/de\\\/#\\\/schema\\\/logo\\\/image\\\/\",\"url\":\"https:\\\/\\\/villa-perla.it\\\/wp-content\\\/uploads\\\/2021\\\/11\\\/villa-perla-piemone-logo-transparant-400-x-100-px.svg\",\"contentUrl\":\"https:\\\/\\\/villa-perla.it\\\/wp-content\\\/uploads\\\/2021\\\/11\\\/villa-perla-piemone-logo-transparant-400-x-100-px.svg\",\"caption\":\"Villa Perla Piemonte\"},\"image\":{\"@id\":\"https:\\\/\\\/villa-perla.it\\\/de\\\/#\\\/schema\\\/logo\\\/image\\\/\"},\"sameAs\":[\"https:\\\/\\\/www.facebook.com\\\/villaperla.piemonte\",\"https:\\\/\\\/www.instagram.com\\\/villaperla_piemonte\"]},{\"@type\":\"Person\",\"@id\":\"https:\\\/\\\/villa-perla.it\\\/de\\\/#\\\/schema\\\/person\\\/50b32b6cf17bc1cd8759ed65996c029a\",\"name\":\"Benny\",\"image\":{\"@type\":\"ImageObject\",\"inLanguage\":\"de\",\"@id\":\"https:\\\/\\\/secure.gravatar.com\\\/avatar\\\/8bf9ac5b4d9ade86173c485647bdda279bf9bdd5088a0fdc4cefeb2f82d5588c?s=96&d=mm&r=g\",\"url\":\"https:\\\/\\\/secure.gravatar.com\\\/avatar\\\/8bf9ac5b4d9ade86173c485647bdda279bf9bdd5088a0fdc4cefeb2f82d5588c?s=96&d=mm&r=g\",\"contentUrl\":\"https:\\\/\\\/secure.gravatar.com\\\/avatar\\\/8bf9ac5b4d9ade86173c485647bdda279bf9bdd5088a0fdc4cefeb2f82d5588c?s=96&d=mm&r=g\",\"caption\":\"Benny\"},\"url\":\"https:\\\/\\\/villa-perla.it\\\/de\\\/author\\\/benny\\\/\"}]}<\/script>\n<!-- \/ Yoast SEO plugin. -->","yoast_head_json":{"title":"Perfekt f\u00fcr jede Jahreszeit: Warum die Villa Perla in Piemonte ideal f\u00fcr einen Arbeitsaufenthalt ist - Villa Perla | Langhe - Monferrato","description":"Der t\u00e4glichen Routine entfliehen? M\u00f6chten Sie einen Arbeitsaufenthalt organisieren? M\u00f6chten Sie Ihr eigenes Team \u00fcbernehmen? In der Villa Perla Piemonte k\u00f6nnen Sie den besten Arbeitsaufenthalt gestalten","robots":{"index":"index","follow":"follow","max-snippet":"max-snippet:-1","max-image-preview":"max-image-preview:large","max-video-preview":"max-video-preview:-1"},"canonical":"https:\/\/villa-perla.it\/de\/perfekt-fuer-jede-jahreszeit-warum-die-villa-perla-in-piemonte-ideal-fuer-einen-arbeitsaufenthalt-ist\/","og_locale":"de_DE","og_type":"article","og_title":"Villa Perla Piemonte | Ihr Ferienhaus f\u00fcr Workcations","og_description":"Der t\u00e4glichen Routine entfliehen? M\u00f6chten Sie einen Arbeitsaufenthalt organisieren? M\u00f6chten Sie Ihr eigenes Team \u00fcbernehmen? In der Villa Perla Piemonte k\u00f6nnen Sie den besten Arbeitsaufenthalt gestalten","og_url":"https:\/\/villa-perla.it\/de\/perfekt-fuer-jede-jahreszeit-warum-die-villa-perla-in-piemonte-ideal-fuer-einen-arbeitsaufenthalt-ist\/","og_site_name":"Villa Perla | Langhe - Monferrato","article_publisher":"https:\/\/www.facebook.com\/villaperla.piemonte","article_published_time":"2024-05-10T11:38:22+00:00","article_modified_time":"2024-05-10T13:06:29+00:00","og_image":[{"url":"https:\/\/villa-perla.it\/wp-content\/uploads\/2023\/03\/cropped-Villa-perla-piemonte-favicon-1-300x300.png","type":"","width":"","height":""}],"author":"Benny","twitter_card":"summary_large_image","twitter_title":"Villa Perla Piemonte | Ihr Ferienhaus f\u00fcr Workcations","twitter_description":"Der t\u00e4glichen Routine entfliehen? M\u00f6chten Sie einen Arbeitsaufenthalt organisieren? M\u00f6chten Sie Ihr eigenes Team \u00fcbernehmen? In der Villa Perla Piemonte k\u00f6nnen Sie den besten Arbeitsaufenthalt gestalten","twitter_image":"https:\/\/villa-perla.it\/wp-content\/uploads\/2023\/03\/cropped-Villa-perla-piemonte-favicon-1.png","twitter_misc":{"Verfasst von":"Benny","Gesch\u00e4tzte Lesezeit":"5\u00a0Minuten"},"schema":{"@context":"https:\/\/schema.org","@graph":[{"@type":"Article","@id":"https:\/\/villa-perla.it\/de\/perfekt-fuer-jede-jahreszeit-warum-die-villa-perla-in-piemonte-ideal-fuer-einen-arbeitsaufenthalt-ist\/#article","isPartOf":{"@id":"https:\/\/villa-perla.it\/de\/perfekt-fuer-jede-jahreszeit-warum-die-villa-perla-in-piemonte-ideal-fuer-einen-arbeitsaufenthalt-ist\/"},"author":{"name":"Benny","@id":"https:\/\/villa-perla.it\/de\/#\/schema\/person\/50b32b6cf17bc1cd8759ed65996c029a"},"headline":"Perfekt f\u00fcr jede Jahreszeit: Warum die Villa Perla in Piemonte ideal f\u00fcr einen Arbeitsaufenthalt ist","datePublished":"2024-05-10T11:38:22+00:00","dateModified":"2024-05-10T13:06:29+00:00","mainEntityOfPage":{"@id":"https:\/\/villa-perla.it\/de\/perfekt-fuer-jede-jahreszeit-warum-die-villa-perla-in-piemonte-ideal-fuer-einen-arbeitsaufenthalt-ist\/"},"wordCount":1021,"publisher":{"@id":"https:\/\/villa-perla.it\/de\/#organization"},"image":{"@id":"https:\/\/villa-perla.it\/de\/perfekt-fuer-jede-jahreszeit-warum-die-villa-perla-in-piemonte-ideal-fuer-einen-arbeitsaufenthalt-ist\/#primaryimage"},"thumbnailUrl":"https:\/\/villa-perla.it\/wp-content\/uploads\/2023\/03\/cropped-Villa-perla-piemonte-favicon-1.webp","articleSection":["Villa Perla"],"inLanguage":"de"},{"@type":"WebPage","@id":"https:\/\/villa-perla.it\/de\/perfekt-fuer-jede-jahreszeit-warum-die-villa-perla-in-piemonte-ideal-fuer-einen-arbeitsaufenthalt-ist\/","url":"https:\/\/villa-perla.it\/de\/perfekt-fuer-jede-jahreszeit-warum-die-villa-perla-in-piemonte-ideal-fuer-einen-arbeitsaufenthalt-ist\/","name":"Perfekt f\u00fcr jede Jahreszeit: Warum die Villa Perla in Piemonte ideal f\u00fcr einen Arbeitsaufenthalt ist - Villa Perla | Langhe - Monferrato","isPartOf":{"@id":"https:\/\/villa-perla.it\/de\/#website"},"primaryImageOfPage":{"@id":"https:\/\/villa-perla.it\/de\/perfekt-fuer-jede-jahreszeit-warum-die-villa-perla-in-piemonte-ideal-fuer-einen-arbeitsaufenthalt-ist\/#primaryimage"},"image":{"@id":"https:\/\/villa-perla.it\/de\/perfekt-fuer-jede-jahreszeit-warum-die-villa-perla-in-piemonte-ideal-fuer-einen-arbeitsaufenthalt-ist\/#primaryimage"},"thumbnailUrl":"https:\/\/villa-perla.it\/wp-content\/uploads\/2023\/03\/cropped-Villa-perla-piemonte-favicon-1.webp","datePublished":"2024-05-10T11:38:22+00:00","dateModified":"2024-05-10T13:06:29+00:00","description":"Der t\u00e4glichen Routine entfliehen? M\u00f6chten Sie einen Arbeitsaufenthalt organisieren? M\u00f6chten Sie Ihr eigenes Team \u00fcbernehmen? In der Villa Perla Piemonte k\u00f6nnen Sie den besten Arbeitsaufenthalt gestalten","breadcrumb":{"@id":"https:\/\/villa-perla.it\/de\/perfekt-fuer-jede-jahreszeit-warum-die-villa-perla-in-piemonte-ideal-fuer-einen-arbeitsaufenthalt-ist\/#breadcrumb"},"inLanguage":"de","potentialAction":[{"@type":"ReadAction","target":["https:\/\/villa-perla.it\/de\/perfekt-fuer-jede-jahreszeit-warum-die-villa-perla-in-piemonte-ideal-fuer-einen-arbeitsaufenthalt-ist\/"]}]},{"@type":"ImageObject","inLanguage":"de","@id":"https:\/\/villa-perla.it\/de\/perfekt-fuer-jede-jahreszeit-warum-die-villa-perla-in-piemonte-ideal-fuer-einen-arbeitsaufenthalt-ist\/#primaryimage","url":"https:\/\/villa-perla.it\/wp-content\/uploads\/2023\/03\/cropped-Villa-perla-piemonte-favicon-1.webp","contentUrl":"https:\/\/villa-perla.it\/wp-content\/uploads\/2023\/03\/cropped-Villa-perla-piemonte-favicon-1.webp","width":512,"height":512},{"@type":"BreadcrumbList","@id":"https:\/\/villa-perla.it\/de\/perfekt-fuer-jede-jahreszeit-warum-die-villa-perla-in-piemonte-ideal-fuer-einen-arbeitsaufenthalt-ist\/#breadcrumb","itemListElement":[{"@type":"ListItem","position":1,"name":"Home","item":"https:\/\/villa-perla.it\/de\/"},{"@type":"ListItem","position":2,"name":"Perfekt f\u00fcr jede Jahreszeit: Warum die Villa Perla in Piemonte ideal f\u00fcr einen Arbeitsaufenthalt ist"}]},{"@type":"WebSite","@id":"https:\/\/villa-perla.it\/de\/#website","url":"https:\/\/villa-perla.it\/de\/","name":"Villa Perla | Langhe - Monferrato","description":"Your private holiday house in Piemonte","publisher":{"@id":"https:\/\/villa-perla.it\/de\/#organization"},"alternateName":"Villa Perla |","potentialAction":[{"@type":"SearchAction","target":{"@type":"EntryPoint","urlTemplate":"https:\/\/villa-perla.it\/de\/?s={search_term_string}"},"query-input":{"@type":"PropertyValueSpecification","valueRequired":true,"valueName":"search_term_string"}}],"inLanguage":"de"},{"@type":"Organization","@id":"https:\/\/villa-perla.it\/de\/#organization","name":"Villa Perla Piemonte","alternateName":"Villa Perla Piemonte","url":"https:\/\/villa-perla.it\/de\/","logo":{"@type":"ImageObject","inLanguage":"de","@id":"https:\/\/villa-perla.it\/de\/#\/schema\/logo\/image\/","url":"https:\/\/villa-perla.it\/wp-content\/uploads\/2021\/11\/villa-perla-piemone-logo-transparant-400-x-100-px.svg","contentUrl":"https:\/\/villa-perla.it\/wp-content\/uploads\/2021\/11\/villa-perla-piemone-logo-transparant-400-x-100-px.svg","caption":"Villa Perla Piemonte"},"image":{"@id":"https:\/\/villa-perla.it\/de\/#\/schema\/logo\/image\/"},"sameAs":["https:\/\/www.facebook.com\/villaperla.piemonte","https:\/\/www.instagram.com\/villaperla_piemonte"]},{"@type":"Person","@id":"https:\/\/villa-perla.it\/de\/#\/schema\/person\/50b32b6cf17bc1cd8759ed65996c029a","name":"Benny","image":{"@type":"ImageObject","inLanguage":"de","@id":"https:\/\/secure.gravatar.com\/avatar\/8bf9ac5b4d9ade86173c485647bdda279bf9bdd5088a0fdc4cefeb2f82d5588c?s=96&d=mm&r=g","url":"https:\/\/secure.gravatar.com\/avatar\/8bf9ac5b4d9ade86173c485647bdda279bf9bdd5088a0fdc4cefeb2f82d5588c?s=96&d=mm&r=g","contentUrl":"https:\/\/secure.gravatar.com\/avatar\/8bf9ac5b4d9ade86173c485647bdda279bf9bdd5088a0fdc4cefeb2f82d5588c?s=96&d=mm&r=g","caption":"Benny"},"url":"https:\/\/villa-perla.it\/de\/author\/benny\/"}]}},"_links":{"self":[{"href":"https:\/\/villa-perla.it\/de\/wp-json\/wp\/v2\/posts\/14465","targetHints":{"allow":["GET"]}}],"collection":[{"href":"https:\/\/villa-perla.it\/de\/wp-json\/wp\/v2\/posts"}],"about":[{"href":"https:\/\/villa-perla.it\/de\/wp-json\/wp\/v2\/types\/post"}],"author":[{"embeddable":true,"href":"https:\/\/villa-perla.it\/de\/wp-json\/wp\/v2\/users\/5"}],"replies":[{"embeddable":true,"href":"https:\/\/villa-perla.it\/de\/wp-json\/wp\/v2\/comments?post=14465"}],"version-history":[{"count":0,"href":"https:\/\/villa-perla.it\/de\/wp-json\/wp\/v2\/posts\/14465\/revisions"}],"wp:featuredmedia":[{"embeddable":true,"href":"https:\/\/villa-perla.it\/de\/wp-json\/wp\/v2\/media\/13804"}],"wp:attachment":[{"href":"https:\/\/villa-perla.it\/de\/wp-json\/wp\/v2\/media?parent=14465"}],"wp:term":[{"taxonomy":"category","embeddable":true,"href":"https:\/\/villa-perla.it\/de\/wp-json\/wp\/v2\/categories?post=14465"},{"taxonomy":"post_tag","embeddable":true,"href":"https:\/\/villa-perla.it\/de\/wp-json\/wp\/v2\/tags?post=14465"}],"curies":[{"name":"wp","href":"https:\/\/api.w.org\/{rel}","templated":true}]}}