{"id":16449,"date":"2021-10-26T04:48:09","date_gmt":"2021-10-26T02:48:09","guid":{"rendered":"https:\/\/villa-perla.it\/og-saa-begynder-det-villa-perla-i-piemonte\/"},"modified":"2024-12-12T19:53:45","modified_gmt":"2024-12-12T18:53:45","slug":"og-saa-begynder-det-villa-perla-i-piemonte","status":"publish","type":"post","link":"https:\/\/villa-perla.it\/da\/og-saa-begynder-det-villa-perla-i-piemonte\/","title":{"rendered":"Og s\u00e5 begynder det&#8230; Villa Perla i Piemonte"},"content":{"rendered":"\t\t<div data-elementor-type=\"wp-post\" data-elementor-id=\"16449\" class=\"elementor elementor-16449 elementor-2452\" data-elementor-post-type=\"post\">\n\t\t\t\t\t\t<section class=\"elementor-section elementor-top-section elementor-element elementor-element-2c22f9bc elementor-section-height-min-height elementor-section-content-middle elementor-section-boxed elementor-section-height-default elementor-section-items-middle\" data-id=\"2c22f9bc\" data-element_type=\"section\" data-e-type=\"section\" data-settings=\"{&quot;background_background&quot;:&quot;classic&quot;,&quot;jet_parallax_layout_list&quot;:[{&quot;_id&quot;:&quot;b571a24&quot;,&quot;jet_parallax_layout_image&quot;:{&quot;url&quot;:&quot;&quot;,&quot;id&quot;:&quot;&quot;,&quot;size&quot;:&quot;&quot;},&quot;jet_parallax_layout_image_tablet&quot;:{&quot;url&quot;:&quot;&quot;,&quot;id&quot;:&quot;&quot;,&quot;size&quot;:&quot;&quot;},&quot;jet_parallax_layout_image_mobile&quot;:{&quot;url&quot;:&quot;&quot;,&quot;id&quot;:&quot;&quot;,&quot;size&quot;:&quot;&quot;},&quot;jet_parallax_layout_speed&quot;:{&quot;unit&quot;:&quot;%&quot;,&quot;size&quot;:50,&quot;sizes&quot;:[]},&quot;jet_parallax_layout_type&quot;:&quot;scroll&quot;,&quot;jet_parallax_layout_direction&quot;:&quot;1&quot;,&quot;jet_parallax_layout_fx_direction&quot;:null,&quot;jet_parallax_layout_z_index&quot;:&quot;&quot;,&quot;jet_parallax_layout_bg_x&quot;:50,&quot;jet_parallax_layout_bg_x_tablet&quot;:&quot;&quot;,&quot;jet_parallax_layout_bg_x_mobile&quot;:&quot;&quot;,&quot;jet_parallax_layout_bg_y&quot;:50,&quot;jet_parallax_layout_bg_y_tablet&quot;:&quot;&quot;,&quot;jet_parallax_layout_bg_y_mobile&quot;:&quot;&quot;,&quot;jet_parallax_layout_bg_size&quot;:&quot;auto&quot;,&quot;jet_parallax_layout_bg_size_tablet&quot;:&quot;&quot;,&quot;jet_parallax_layout_bg_size_mobile&quot;:&quot;&quot;,&quot;jet_parallax_layout_animation_prop&quot;:&quot;transform&quot;,&quot;jet_parallax_layout_on&quot;:[&quot;desktop&quot;,&quot;tablet&quot;]}]}\">\n\t\t\t\t\t\t\t<div class=\"elementor-background-overlay\"><\/div>\n\t\t\t\t\t\t\t<div class=\"elementor-container elementor-column-gap-no\">\n\t\t\t\t\t<div class=\"elementor-column elementor-col-100 elementor-top-column elementor-element elementor-element-1014da85\" data-id=\"1014da85\" data-element_type=\"column\" data-e-type=\"column\">\n\t\t\t<div class=\"elementor-widget-wrap elementor-element-populated\">\n\t\t\t\t\t\t<div class=\"elementor-element elementor-element-4ab7a10 elementor-widget elementor-widget-heading\" data-id=\"4ab7a10\" data-element_type=\"widget\" data-e-type=\"widget\" data-widget_type=\"heading.default\">\n\t\t\t\t<div class=\"elementor-widget-container\">\n\t\t\t\t\t<h2 class=\"elementor-heading-title elementor-size-default\">Vores historie<\/h2>\t\t\t\t<\/div>\n\t\t\t\t<\/div>\n\t\t\t\t<div class=\"elementor-element elementor-element-57da5eff elementor-widget elementor-widget-heading\" data-id=\"57da5eff\" data-element_type=\"widget\" data-e-type=\"widget\" data-widget_type=\"heading.default\">\n\t\t\t\t<div class=\"elementor-widget-container\">\n\t\t\t\t\t<h5 class=\"elementor-heading-title elementor-size-default\">Hej! Vi er Benny, Anke, Margaux &amp; Olivier!   <br>\n<br>  Efter at have boet i udlandet i et par \u00e5r besluttede vi at s\u00e6lge vores hus i Belgien og k\u00f8be en ejendom i Italien i stedet... Se her, hvor vi endte :-). <\/h5>\t\t\t\t<\/div>\n\t\t\t\t<\/div>\n\t\t\t\t\t<\/div>\n\t\t<\/div>\n\t\t\t\t\t<\/div>\n\t\t<\/section>\n\t\t\t\t<section class=\"elementor-section elementor-top-section elementor-element elementor-element-5216b95a elementor-section-boxed elementor-section-height-default elementor-section-height-default\" data-id=\"5216b95a\" data-element_type=\"section\" data-e-type=\"section\" data-settings=\"{&quot;jet_parallax_layout_list&quot;:[{&quot;_id&quot;:&quot;8b0c4e9&quot;,&quot;jet_parallax_layout_image&quot;:{&quot;url&quot;:&quot;&quot;,&quot;id&quot;:&quot;&quot;,&quot;size&quot;:&quot;&quot;},&quot;jet_parallax_layout_image_tablet&quot;:{&quot;url&quot;:&quot;&quot;,&quot;id&quot;:&quot;&quot;,&quot;size&quot;:&quot;&quot;},&quot;jet_parallax_layout_image_mobile&quot;:{&quot;url&quot;:&quot;&quot;,&quot;id&quot;:&quot;&quot;,&quot;size&quot;:&quot;&quot;},&quot;jet_parallax_layout_speed&quot;:{&quot;unit&quot;:&quot;%&quot;,&quot;size&quot;:50,&quot;sizes&quot;:[]},&quot;jet_parallax_layout_type&quot;:&quot;scroll&quot;,&quot;jet_parallax_layout_direction&quot;:&quot;1&quot;,&quot;jet_parallax_layout_fx_direction&quot;:null,&quot;jet_parallax_layout_z_index&quot;:&quot;&quot;,&quot;jet_parallax_layout_bg_x&quot;:50,&quot;jet_parallax_layout_bg_x_tablet&quot;:&quot;&quot;,&quot;jet_parallax_layout_bg_x_mobile&quot;:&quot;&quot;,&quot;jet_parallax_layout_bg_y&quot;:50,&quot;jet_parallax_layout_bg_y_tablet&quot;:&quot;&quot;,&quot;jet_parallax_layout_bg_y_mobile&quot;:&quot;&quot;,&quot;jet_parallax_layout_bg_size&quot;:&quot;auto&quot;,&quot;jet_parallax_layout_bg_size_tablet&quot;:&quot;&quot;,&quot;jet_parallax_layout_bg_size_mobile&quot;:&quot;&quot;,&quot;jet_parallax_layout_animation_prop&quot;:&quot;transform&quot;,&quot;jet_parallax_layout_on&quot;:[&quot;desktop&quot;,&quot;tablet&quot;]}]}\">\n\t\t\t\t\t\t<div class=\"elementor-container elementor-column-gap-default\">\n\t\t\t\t\t<div class=\"elementor-column elementor-col-100 elementor-top-column elementor-element elementor-element-2f6181f4\" data-id=\"2f6181f4\" data-element_type=\"column\" data-e-type=\"column\">\n\t\t\t<div class=\"elementor-widget-wrap elementor-element-populated\">\n\t\t\t\t\t\t<div class=\"elementor-element elementor-element-d65b604 elementor-align-right elementor-widget elementor-widget-post-info\" data-id=\"d65b604\" data-element_type=\"widget\" data-e-type=\"widget\" data-widget_type=\"post-info.default\">\n\t\t\t\t<div class=\"elementor-widget-container\">\n\t\t\t\t\t\t\t<ul class=\"elementor-inline-items elementor-icon-list-items elementor-post-info\">\n\t\t\t\t\t\t\t\t<li class=\"elementor-icon-list-item elementor-repeater-item-618fd2e elementor-inline-item\" itemprop=\"datePublished\">\n\t\t\t\t\t\t<a href=\"https:\/\/villa-perla.it\/da\/2021\/10\/26\/\">\n\t\t\t\t\t\t\t\t\t\t\t<span class=\"elementor-icon-list-icon\">\n\t\t\t\t\t\t\t\t<svg aria-hidden=\"true\" class=\"e-font-icon-svg e-fas-calendar\" viewBox=\"0 0 448 512\" xmlns=\"http:\/\/www.w3.org\/2000\/svg\"><path d=\"M12 192h424c6.6 0 12 5.4 12 12v260c0 26.5-21.5 48-48 48H48c-26.5 0-48-21.5-48-48V204c0-6.6 5.4-12 12-12zm436-44v-36c0-26.5-21.5-48-48-48h-48V12c0-6.6-5.4-12-12-12h-40c-6.6 0-12 5.4-12 12v52H160V12c0-6.6-5.4-12-12-12h-40c-6.6 0-12 5.4-12 12v52H48C21.5 64 0 85.5 0 112v36c0 6.6 5.4 12 12 12h424c6.6 0 12-5.4 12-12z\"><\/path><\/svg>\t\t\t\t\t\t\t<\/span>\n\t\t\t\t\t\t\t\t\t<span class=\"elementor-icon-list-text elementor-post-info__item elementor-post-info__item--type-date\">\n\t\t\t\t\t\t\t\t\t\t<time>oktober 26, 2021<\/time>\t\t\t\t\t<\/span>\n\t\t\t\t\t\t\t\t\t<\/a>\n\t\t\t\t<\/li>\n\t\t\t\t<\/ul>\n\t\t\t\t\t\t<\/div>\n\t\t\t\t<\/div>\n\t\t\t\t<div class=\"elementor-element elementor-element-1bcaa596 elementor-widget elementor-widget-text-editor\" data-id=\"1bcaa596\" data-element_type=\"widget\" data-e-type=\"widget\" data-widget_type=\"text-editor.default\">\n\t\t\t\t<div class=\"elementor-widget-container\">\n\t\t\t\t\t\t\t\t\t<p><b>Hvordan begyndte det?<\/b><\/p>\n<p>Vi var p\u00e5 jagt efter en lejlighed i de italienske bjerge (Cervinia) i et godt stykke tid&#8230; Det var ikke let, og efter et stykke tid besluttede vi os for at udvide vores horisont og ogs\u00e5 lede efter steder, hvor vi kunne kombinere vinter- (vores favorit!) og sommerferie. Vi kiggede i Piemonte, hvor vi boede, f\u00f8r vi fik b\u00f8rn, og vi begyndte at unders\u00f8ge det :-).    <\/p>\n<p>Og for os var det den ideelle l\u00f8sning &#8230; Landskabet er utroligt, byerne er vidunderlige, folk i Italien er venlige, maden er l\u00e6kker, vi kan finde alt, hvad vi har brug for i omr\u00e5det,&#8230;   <\/p>\n<p>Og endnu bedre: Ejendomspriserne l\u00e5 inden for vores budget, OG vi kunne endda starte en aktivitet ved siden af vores onlineforretning.  <\/p>\n<p><b>Bonus: <\/b>Vi kan endda se bjergene fra vores egen terrasse, og kysten ligger 1,5 km v\u00e6k.<\/p>\n\t\t\t\t\t\t\t\t<\/div>\n\t\t\t\t<\/div>\n\t\t\t\t<div class=\"elementor-element elementor-element-25e811c animated-slow elementor-invisible elementor-widget elementor-widget-image\" data-id=\"25e811c\" data-element_type=\"widget\" data-e-type=\"widget\" data-settings=\"{&quot;_animation&quot;:&quot;fadeIn&quot;}\" data-widget_type=\"image.default\">\n\t\t\t\t<div class=\"elementor-widget-container\">\n\t\t\t\t\t\t\t\t\t\t\t\t<figure class=\"wp-caption\">\n\t\t\t\t\t\t\t\t\t\t<img fetchpriority=\"high\" decoding=\"async\" width=\"1920\" height=\"1440\" src=\"https:\/\/villa-perla.it\/wp-content\/uploads\/2021\/10\/villa-perla-langhe-monferrato-piemonte-blog-001-scaled.webp\" class=\"attachment-full size-full wp-image-2527\" alt=\"\" srcset=\"https:\/\/villa-perla.it\/wp-content\/uploads\/2021\/10\/villa-perla-langhe-monferrato-piemonte-blog-001-scaled.webp 1920w, https:\/\/villa-perla.it\/wp-content\/uploads\/2021\/10\/villa-perla-langhe-monferrato-piemonte-blog-001-scaled-600x450.webp 600w, https:\/\/villa-perla.it\/wp-content\/uploads\/2021\/10\/villa-perla-langhe-monferrato-piemonte-blog-001-300x225.webp 300w, https:\/\/villa-perla.it\/wp-content\/uploads\/2021\/10\/villa-perla-langhe-monferrato-piemonte-blog-001-1024x768.webp 1024w, https:\/\/villa-perla.it\/wp-content\/uploads\/2021\/10\/villa-perla-langhe-monferrato-piemonte-blog-001-768x576.webp 768w, https:\/\/villa-perla.it\/wp-content\/uploads\/2021\/10\/villa-perla-langhe-monferrato-piemonte-blog-001-1536x1152.webp 1536w\" sizes=\"(max-width: 1920px) 100vw, 1920px\" \/>\t\t\t\t\t\t\t\t\t\t\t<figcaption class=\"widget-image-caption wp-caption-text\">Billedet er taget, lige f\u00f8r vi skrev under p\u00e5 sk\u00f8det.<\/figcaption>\n\t\t\t\t\t\t\t\t\t\t<\/figure>\n\t\t\t\t\t\t\t\t\t<\/div>\n\t\t\t\t<\/div>\n\t\t\t\t<div class=\"elementor-element elementor-element-2001e0f elementor-widget elementor-widget-text-editor\" data-id=\"2001e0f\" data-element_type=\"widget\" data-e-type=\"widget\" data-widget_type=\"text-editor.default\">\n\t\t\t\t<div class=\"elementor-widget-container\">\n\t\t\t\t\t\t\t\t\t<p>Nu, hvor vi har fundet ud af at k\u00f8be en ejendom, vi kan lide (en ret hoppende tur med mange h\u00e5rde h\u00f8jre- og venstresving), forhandler vi i \u00f8jeblikket om vores muligheder med banken og arkitekten om renoveringen.  <\/p>\n<p>Som du kan se p\u00e5 billederne, har vi k\u00f8bt en fantastisk ejendom, der vil blive opdelt i 2 rummelige huse. Men vi vil have noget arbejde for at bringe det op til standard &#8230; <\/p>\n<p>Forts\u00e6ttelse f\u00f8lger! F\u00f8lg med \ud83d\ude09 <\/p>\n\t\t\t\t\t\t\t\t<\/div>\n\t\t\t\t<\/div>\n\t\t\t\t<div class=\"elementor-element elementor-element-aa48d9d elementor-align-center elementor-widget elementor-widget-button\" data-id=\"aa48d9d\" data-element_type=\"widget\" data-e-type=\"widget\" data-widget_type=\"button.default\">\n\t\t\t\t<div class=\"elementor-widget-container\">\n\t\t\t\t\t\t\t\t\t<div class=\"elementor-button-wrapper\">\n\t\t\t\t\t<a class=\"elementor-button elementor-button-link elementor-size-sm\" href=\"#\">\n\t\t\t\t\t\t<span class=\"elementor-button-content-wrapper\">\n\t\t\t\t\t\t\t\t\t<span class=\"elementor-button-text\">TILMELD DIG VORES NYHEDSBREV<\/span>\n\t\t\t\t\t<\/span>\n\t\t\t\t\t<\/a>\n\t\t\t\t<\/div>\n\t\t\t\t\t\t\t\t<\/div>\n\t\t\t\t<\/div>\n\t\t\t\t\t<\/div>\n\t\t<\/div>\n\t\t\t\t\t<\/div>\n\t\t<\/section>\n\t\t\t\t<section class=\"elementor-section elementor-top-section elementor-element elementor-element-79733a67 elementor-section-boxed elementor-section-height-default elementor-section-height-default\" data-id=\"79733a67\" data-element_type=\"section\" data-e-type=\"section\" data-settings=\"{&quot;jet_parallax_layout_list&quot;:[{&quot;_id&quot;:&quot;c39f247&quot;,&quot;jet_parallax_layout_image&quot;:{&quot;url&quot;:&quot;&quot;,&quot;id&quot;:&quot;&quot;,&quot;size&quot;:&quot;&quot;},&quot;jet_parallax_layout_image_tablet&quot;:{&quot;url&quot;:&quot;&quot;,&quot;id&quot;:&quot;&quot;,&quot;size&quot;:&quot;&quot;},&quot;jet_parallax_layout_image_mobile&quot;:{&quot;url&quot;:&quot;&quot;,&quot;id&quot;:&quot;&quot;,&quot;size&quot;:&quot;&quot;},&quot;jet_parallax_layout_speed&quot;:{&quot;unit&quot;:&quot;%&quot;,&quot;size&quot;:50,&quot;sizes&quot;:[]},&quot;jet_parallax_layout_type&quot;:&quot;scroll&quot;,&quot;jet_parallax_layout_direction&quot;:&quot;1&quot;,&quot;jet_parallax_layout_fx_direction&quot;:null,&quot;jet_parallax_layout_z_index&quot;:&quot;&quot;,&quot;jet_parallax_layout_bg_x&quot;:50,&quot;jet_parallax_layout_bg_x_tablet&quot;:&quot;&quot;,&quot;jet_parallax_layout_bg_x_mobile&quot;:&quot;&quot;,&quot;jet_parallax_layout_bg_y&quot;:50,&quot;jet_parallax_layout_bg_y_tablet&quot;:&quot;&quot;,&quot;jet_parallax_layout_bg_y_mobile&quot;:&quot;&quot;,&quot;jet_parallax_layout_bg_size&quot;:&quot;auto&quot;,&quot;jet_parallax_layout_bg_size_tablet&quot;:&quot;&quot;,&quot;jet_parallax_layout_bg_size_mobile&quot;:&quot;&quot;,&quot;jet_parallax_layout_animation_prop&quot;:&quot;transform&quot;,&quot;jet_parallax_layout_on&quot;:[&quot;desktop&quot;,&quot;tablet&quot;]}]}\">\n\t\t\t\t\t\t<div class=\"elementor-container elementor-column-gap-no\">\n\t\t\t\t\t<div class=\"elementor-column elementor-col-100 elementor-top-column elementor-element elementor-element-725272f\" data-id=\"725272f\" data-element_type=\"column\" data-e-type=\"column\">\n\t\t\t<div class=\"elementor-widget-wrap elementor-element-populated\">\n\t\t\t\t\t\t<div class=\"elementor-element elementor-element-10fb66e4 elementor-pagination-position-inside elementor-widget elementor-widget-image-carousel\" data-id=\"10fb66e4\" data-element_type=\"widget\" data-e-type=\"widget\" data-settings=\"{&quot;slides_to_show&quot;:&quot;1&quot;,&quot;navigation&quot;:&quot;dots&quot;,&quot;autoplay&quot;:&quot;yes&quot;,&quot;pause_on_hover&quot;:&quot;yes&quot;,&quot;pause_on_interaction&quot;:&quot;yes&quot;,&quot;autoplay_speed&quot;:5000,&quot;infinite&quot;:&quot;yes&quot;,&quot;effect&quot;:&quot;slide&quot;,&quot;speed&quot;:500}\" data-widget_type=\"image-carousel.default\">\n\t\t\t\t<div class=\"elementor-widget-container\">\n\t\t\t\t\t\t\t<div class=\"elementor-image-carousel-wrapper swiper\" role=\"region\" aria-roledescription=\"carousel\" aria-label=\"Billedkarussel\" dir=\"ltr\">\n\t\t\t<div class=\"elementor-image-carousel swiper-wrapper\" aria-live=\"off\">\n\t\t\t\t\t\t\t\t<div class=\"swiper-slide\" role=\"group\" aria-roledescription=\"slide\" aria-label=\"1 of 11\"><figure class=\"swiper-slide-inner\"><img decoding=\"async\" class=\"swiper-slide-image\" src=\"https:\/\/villa-perla.it\/wp-content\/uploads\/elementor\/thumbs\/villa-perla-langhe-monferrato-holiday-house-piemonte-10-rjrpaladzb49u3ea9l29i3js3ri5r9zqobbq00a7ok.webp\" alt=\"villa-perla-langhe-monferrato-holiday-house-piemonte-10\" \/><\/figure><\/div><div class=\"swiper-slide\" role=\"group\" aria-roledescription=\"slide\" aria-label=\"2 of 11\"><figure class=\"swiper-slide-inner\"><img decoding=\"async\" class=\"swiper-slide-image\" src=\"https:\/\/villa-perla.it\/wp-content\/uploads\/elementor\/thumbs\/villa-perla-langhe-monferrato-holiday-house-piemonte-09-rjrpb27hebrfn2ppisdjqza2sp6rltuwqn2gmzl4kk.webp\" alt=\"villa-perla-langhe-monferrato-holiday-house-piemonte-09\" \/><\/figure><\/div><div class=\"swiper-slide\" role=\"group\" aria-roledescription=\"slide\" aria-label=\"3 of 11\"><figure class=\"swiper-slide-inner\"><img decoding=\"async\" class=\"swiper-slide-image\" src=\"https:\/\/villa-perla.it\/wp-content\/uploads\/elementor\/thumbs\/villa-perla-langhe-monferrato-holiday-house-piemonte-08-rjrpbfd8209g5m6ldy2bpvyj43dwllb5gg79cv1m5g.webp\" alt=\"villa-perla-langhe-monferrato-holiday-house-piemonte-08\" \/><\/figure><\/div><div class=\"swiper-slide\" role=\"group\" aria-roledescription=\"slide\" aria-label=\"4 of 11\"><figure class=\"swiper-slide-inner\"><img decoding=\"async\" class=\"swiper-slide-image\" src=\"https:\/\/villa-perla.it\/wp-content\/uploads\/2020\/01\/villa-perla-langhe-monferrato-holiday-house-piemonte-07.jpg\" alt=\"\" \/><\/figure><\/div><div class=\"swiper-slide\" role=\"group\" aria-roledescription=\"slide\" aria-label=\"5 of 11\"><figure class=\"swiper-slide-inner\"><img decoding=\"async\" class=\"swiper-slide-image\" src=\"https:\/\/villa-perla.it\/wp-content\/uploads\/2020\/01\/villa-perla-langhe-monferrato-holiday-house-piemonte-06.jpg\" alt=\"\" \/><\/figure><\/div><div class=\"swiper-slide\" role=\"group\" aria-roledescription=\"slide\" aria-label=\"6 of 11\"><figure class=\"swiper-slide-inner\"><img decoding=\"async\" class=\"swiper-slide-image\" src=\"https:\/\/villa-perla.it\/wp-content\/uploads\/2020\/01\/villa-perla-langhe-monferrato-holiday-house-piemonte-05.jpg\" alt=\"\" \/><\/figure><\/div><div class=\"swiper-slide\" role=\"group\" aria-roledescription=\"slide\" aria-label=\"7 of 11\"><figure class=\"swiper-slide-inner\"><img decoding=\"async\" class=\"swiper-slide-image\" src=\"https:\/\/villa-perla.it\/wp-content\/uploads\/2020\/01\/villa-perla-langhe-monferrato-holiday-house-piemonte-04.jpg\" alt=\"\" \/><\/figure><\/div><div class=\"swiper-slide\" role=\"group\" aria-roledescription=\"slide\" aria-label=\"8 of 11\"><figure class=\"swiper-slide-inner\"><img decoding=\"async\" class=\"swiper-slide-image\" src=\"https:\/\/villa-perla.it\/wp-content\/uploads\/elementor\/thumbs\/villa-perla-langhe-monferrato-holiday-house-piemonte-02-rjrpd1n7tqh85ftxxn970h93xzenutqicgnd40n7fo.webp\" alt=\"villa-perla-langhe-monferrato-holiday-house-piemonte-02\" \/><\/figure><\/div><div class=\"swiper-slide\" role=\"group\" aria-roledescription=\"slide\" aria-label=\"9 of 11\"><figure class=\"swiper-slide-inner\"><img decoding=\"async\" class=\"swiper-slide-image\" src=\"https:\/\/villa-perla.it\/wp-content\/uploads\/2020\/01\/villa-perla-langhe-monferrato-holiday-house-piemonte-14.jpg\" alt=\"\" \/><\/figure><\/div><div class=\"swiper-slide\" role=\"group\" aria-roledescription=\"slide\" aria-label=\"10 of 11\"><figure class=\"swiper-slide-inner\"><img decoding=\"async\" class=\"swiper-slide-image\" src=\"https:\/\/villa-perla.it\/wp-content\/uploads\/2020\/01\/villa-perla-langhe-monferrato-holiday-house-piemonte-13.jpg\" alt=\"\" \/><\/figure><\/div><div class=\"swiper-slide\" role=\"group\" aria-roledescription=\"slide\" aria-label=\"11 of 11\"><figure class=\"swiper-slide-inner\"><img decoding=\"async\" class=\"swiper-slide-image\" src=\"https:\/\/villa-perla.it\/wp-content\/uploads\/2020\/01\/villa-perla-langhe-monferrato-holiday-house-piemonte-12.jpg\" alt=\"\" \/><\/figure><\/div>\t\t\t<\/div>\n\t\t\t\t\t\t\t\n\t\t\t\t\t\t\t\t\t<div class=\"swiper-pagination\"><\/div>\n\t\t\t\t\t\t\t\t\t<\/div>\n\t\t\t\t\t\t<\/div>\n\t\t\t\t<\/div>\n\t\t\t\t\t<\/div>\n\t\t<\/div>\n\t\t\t\t\t<\/div>\n\t\t<\/section>\n\t\t\t\t<\/div>\n\t\t","protected":false},"excerpt":{"rendered":"<p>Vores historie Hej! Vi er Benny, Anke, Margaux &amp; Olivier! Efter at have boet i udlandet i et par \u00e5r besluttede vi at s\u00e6lge vores hus i Belgien og k\u00f8be en ejendom i Italien i stedet&#8230; Se her, hvor vi endte :-). Hvordan begyndte det? Vi var p\u00e5 jagt efter en lejlighed i de italienske [&hellip;]<\/p>\n","protected":false},"author":1,"featured_media":16450,"comment_status":"closed","ping_status":"closed","sticky":false,"template":"elementor_header_footer","format":"standard","meta":{"_angie_page":false,"page_builder":"","footnotes":""},"categories":[258],"tags":[],"class_list":["post-16449","post","type-post","status-publish","format-standard","has-post-thumbnail","hentry","category-villa-perla"],"yoast_head":"<!-- This site is optimized with the Yoast SEO plugin v27.4 - https:\/\/yoast.com\/product\/yoast-seo-wordpress\/ -->\n<title>Og s\u00e5 begynder det... Villa Perla i Piemonte - Villa Perla | Langhe - Monferrato<\/title>\n<meta name=\"robots\" content=\"index, follow, max-snippet:-1, max-image-preview:large, max-video-preview:-1\" \/>\n<link rel=\"canonical\" href=\"https:\/\/villa-perla.it\/da\/og-saa-begynder-det-villa-perla-i-piemonte\/\" \/>\n<meta property=\"og:locale\" content=\"da_DK\" \/>\n<meta property=\"og:type\" content=\"article\" \/>\n<meta property=\"og:title\" content=\"Og s\u00e5 begynder det... Villa Perla i Piemonte - Villa Perla | Langhe - Monferrato\" \/>\n<meta property=\"og:description\" content=\"Vores historie Hej! Vi er Benny, Anke, Margaux &amp; Olivier! Efter at have boet i udlandet i et par \u00e5r besluttede vi at s\u00e6lge vores hus i Belgien og k\u00f8be en ejendom i Italien i stedet&#8230; Se her, hvor vi endte :-). Hvordan begyndte det? Vi var p\u00e5 jagt efter en lejlighed i de italienske [&hellip;]\" \/>\n<meta property=\"og:url\" content=\"https:\/\/villa-perla.it\/da\/og-saa-begynder-det-villa-perla-i-piemonte\/\" \/>\n<meta property=\"og:site_name\" content=\"Villa Perla | Langhe - Monferrato\" \/>\n<meta property=\"article:publisher\" content=\"https:\/\/www.facebook.com\/villaperla.piemonte\" \/>\n<meta property=\"article:published_time\" content=\"2021-10-26T02:48:09+00:00\" \/>\n<meta property=\"article:modified_time\" content=\"2024-12-12T18:53:45+00:00\" \/>\n<meta property=\"og:image\" content=\"https:\/\/villa-perla.it\/wp-content\/uploads\/2021\/10\/villa-perla-langhe-monferrato-holiday-house-piemonte-02.jpg\" \/>\n\t<meta property=\"og:image:width\" content=\"1915\" \/>\n\t<meta property=\"og:image:height\" content=\"1080\" \/>\n\t<meta property=\"og:image:type\" content=\"image\/jpeg\" \/>\n<meta name=\"author\" content=\"admin\" \/>\n<meta name=\"twitter:card\" content=\"summary_large_image\" \/>\n<meta name=\"twitter:label1\" content=\"Skrevet af\" \/>\n\t<meta name=\"twitter:data1\" content=\"admin\" \/>\n\t<meta name=\"twitter:label2\" content=\"Estimeret l\u00e6setid\" \/>\n\t<meta name=\"twitter:data2\" content=\"1 minut\" \/>\n<script type=\"application\/ld+json\" class=\"yoast-schema-graph\">{\"@context\":\"https:\\\/\\\/schema.org\",\"@graph\":[{\"@type\":\"Article\",\"@id\":\"https:\\\/\\\/villa-perla.it\\\/da\\\/og-saa-begynder-det-villa-perla-i-piemonte\\\/#article\",\"isPartOf\":{\"@id\":\"https:\\\/\\\/villa-perla.it\\\/da\\\/og-saa-begynder-det-villa-perla-i-piemonte\\\/\"},\"author\":{\"name\":\"admin\",\"@id\":\"https:\\\/\\\/villa-perla.it\\\/da\\\/#\\\/schema\\\/person\\\/9e9decda3fb94fafed1a2ac94f933d88\"},\"headline\":\"Og s\u00e5 begynder det&#8230; Villa Perla i Piemonte\",\"datePublished\":\"2021-10-26T02:48:09+00:00\",\"dateModified\":\"2024-12-12T18:53:45+00:00\",\"mainEntityOfPage\":{\"@id\":\"https:\\\/\\\/villa-perla.it\\\/da\\\/og-saa-begynder-det-villa-perla-i-piemonte\\\/\"},\"wordCount\":294,\"publisher\":{\"@id\":\"https:\\\/\\\/villa-perla.it\\\/da\\\/#organization\"},\"image\":{\"@id\":\"https:\\\/\\\/villa-perla.it\\\/da\\\/og-saa-begynder-det-villa-perla-i-piemonte\\\/#primaryimage\"},\"thumbnailUrl\":\"https:\\\/\\\/villa-perla.it\\\/wp-content\\\/uploads\\\/2021\\\/10\\\/villa-perla-langhe-monferrato-holiday-house-piemonte-02.webp\",\"articleSection\":[\"Villa Perla\"],\"inLanguage\":\"da-DK\"},{\"@type\":\"WebPage\",\"@id\":\"https:\\\/\\\/villa-perla.it\\\/da\\\/og-saa-begynder-det-villa-perla-i-piemonte\\\/\",\"url\":\"https:\\\/\\\/villa-perla.it\\\/da\\\/og-saa-begynder-det-villa-perla-i-piemonte\\\/\",\"name\":\"Og s\u00e5 begynder det... Villa Perla i Piemonte - Villa Perla | Langhe - Monferrato\",\"isPartOf\":{\"@id\":\"https:\\\/\\\/villa-perla.it\\\/da\\\/#website\"},\"primaryImageOfPage\":{\"@id\":\"https:\\\/\\\/villa-perla.it\\\/da\\\/og-saa-begynder-det-villa-perla-i-piemonte\\\/#primaryimage\"},\"image\":{\"@id\":\"https:\\\/\\\/villa-perla.it\\\/da\\\/og-saa-begynder-det-villa-perla-i-piemonte\\\/#primaryimage\"},\"thumbnailUrl\":\"https:\\\/\\\/villa-perla.it\\\/wp-content\\\/uploads\\\/2021\\\/10\\\/villa-perla-langhe-monferrato-holiday-house-piemonte-02.webp\",\"datePublished\":\"2021-10-26T02:48:09+00:00\",\"dateModified\":\"2024-12-12T18:53:45+00:00\",\"breadcrumb\":{\"@id\":\"https:\\\/\\\/villa-perla.it\\\/da\\\/og-saa-begynder-det-villa-perla-i-piemonte\\\/#breadcrumb\"},\"inLanguage\":\"da-DK\",\"potentialAction\":[{\"@type\":\"ReadAction\",\"target\":[\"https:\\\/\\\/villa-perla.it\\\/da\\\/og-saa-begynder-det-villa-perla-i-piemonte\\\/\"]}]},{\"@type\":\"ImageObject\",\"inLanguage\":\"da-DK\",\"@id\":\"https:\\\/\\\/villa-perla.it\\\/da\\\/og-saa-begynder-det-villa-perla-i-piemonte\\\/#primaryimage\",\"url\":\"https:\\\/\\\/villa-perla.it\\\/wp-content\\\/uploads\\\/2021\\\/10\\\/villa-perla-langhe-monferrato-holiday-house-piemonte-02.webp\",\"contentUrl\":\"https:\\\/\\\/villa-perla.it\\\/wp-content\\\/uploads\\\/2021\\\/10\\\/villa-perla-langhe-monferrato-holiday-house-piemonte-02.webp\",\"width\":1915,\"height\":1080},{\"@type\":\"BreadcrumbList\",\"@id\":\"https:\\\/\\\/villa-perla.it\\\/da\\\/og-saa-begynder-det-villa-perla-i-piemonte\\\/#breadcrumb\",\"itemListElement\":[{\"@type\":\"ListItem\",\"position\":1,\"name\":\"Home\",\"item\":\"https:\\\/\\\/villa-perla.it\\\/da\\\/\"},{\"@type\":\"ListItem\",\"position\":2,\"name\":\"Og s\u00e5 begynder det&#8230; Villa Perla i Piemonte\"}]},{\"@type\":\"WebSite\",\"@id\":\"https:\\\/\\\/villa-perla.it\\\/da\\\/#website\",\"url\":\"https:\\\/\\\/villa-perla.it\\\/da\\\/\",\"name\":\"Villa Perla | Langhe - Monferrato\",\"description\":\"Your private holiday house in Piemonte\",\"publisher\":{\"@id\":\"https:\\\/\\\/villa-perla.it\\\/da\\\/#organization\"},\"alternateName\":\"Villa Perla |\",\"potentialAction\":[{\"@type\":\"SearchAction\",\"target\":{\"@type\":\"EntryPoint\",\"urlTemplate\":\"https:\\\/\\\/villa-perla.it\\\/da\\\/?s={search_term_string}\"},\"query-input\":{\"@type\":\"PropertyValueSpecification\",\"valueRequired\":true,\"valueName\":\"search_term_string\"}}],\"inLanguage\":\"da-DK\"},{\"@type\":\"Organization\",\"@id\":\"https:\\\/\\\/villa-perla.it\\\/da\\\/#organization\",\"name\":\"Villa Perla Piemonte\",\"alternateName\":\"Villa Perla Piemonte\",\"url\":\"https:\\\/\\\/villa-perla.it\\\/da\\\/\",\"logo\":{\"@type\":\"ImageObject\",\"inLanguage\":\"da-DK\",\"@id\":\"https:\\\/\\\/villa-perla.it\\\/da\\\/#\\\/schema\\\/logo\\\/image\\\/\",\"url\":\"https:\\\/\\\/villa-perla.it\\\/wp-content\\\/uploads\\\/2021\\\/11\\\/villa-perla-piemone-logo-transparant-400-x-100-px.svg\",\"contentUrl\":\"https:\\\/\\\/villa-perla.it\\\/wp-content\\\/uploads\\\/2021\\\/11\\\/villa-perla-piemone-logo-transparant-400-x-100-px.svg\",\"caption\":\"Villa Perla Piemonte\"},\"image\":{\"@id\":\"https:\\\/\\\/villa-perla.it\\\/da\\\/#\\\/schema\\\/logo\\\/image\\\/\"},\"sameAs\":[\"https:\\\/\\\/www.facebook.com\\\/villaperla.piemonte\",\"https:\\\/\\\/www.instagram.com\\\/villaperla_piemonte\"]},{\"@type\":\"Person\",\"@id\":\"https:\\\/\\\/villa-perla.it\\\/da\\\/#\\\/schema\\\/person\\\/9e9decda3fb94fafed1a2ac94f933d88\",\"name\":\"admin\",\"image\":{\"@type\":\"ImageObject\",\"inLanguage\":\"da-DK\",\"@id\":\"https:\\\/\\\/secure.gravatar.com\\\/avatar\\\/9a22cd26bc69d4eb44ba140eac18f4db40223aa587025d796014bb0d0519645b?s=96&d=mm&r=g\",\"url\":\"https:\\\/\\\/secure.gravatar.com\\\/avatar\\\/9a22cd26bc69d4eb44ba140eac18f4db40223aa587025d796014bb0d0519645b?s=96&d=mm&r=g\",\"contentUrl\":\"https:\\\/\\\/secure.gravatar.com\\\/avatar\\\/9a22cd26bc69d4eb44ba140eac18f4db40223aa587025d796014bb0d0519645b?s=96&d=mm&r=g\",\"caption\":\"admin\"},\"sameAs\":[\"https:\\\/\\\/villa-perla.it\"],\"url\":\"https:\\\/\\\/villa-perla.it\\\/da\\\/author\\\/anke\\\/\"}]}<\/script>\n<!-- \/ Yoast SEO plugin. -->","yoast_head_json":{"title":"Og s\u00e5 begynder det... Villa Perla i Piemonte - Villa Perla | Langhe - Monferrato","robots":{"index":"index","follow":"follow","max-snippet":"max-snippet:-1","max-image-preview":"max-image-preview:large","max-video-preview":"max-video-preview:-1"},"canonical":"https:\/\/villa-perla.it\/da\/og-saa-begynder-det-villa-perla-i-piemonte\/","og_locale":"da_DK","og_type":"article","og_title":"Og s\u00e5 begynder det... Villa Perla i Piemonte - Villa Perla | Langhe - Monferrato","og_description":"Vores historie Hej! Vi er Benny, Anke, Margaux &amp; Olivier! Efter at have boet i udlandet i et par \u00e5r besluttede vi at s\u00e6lge vores hus i Belgien og k\u00f8be en ejendom i Italien i stedet&#8230; Se her, hvor vi endte :-). Hvordan begyndte det? Vi var p\u00e5 jagt efter en lejlighed i de italienske [&hellip;]","og_url":"https:\/\/villa-perla.it\/da\/og-saa-begynder-det-villa-perla-i-piemonte\/","og_site_name":"Villa Perla | Langhe - Monferrato","article_publisher":"https:\/\/www.facebook.com\/villaperla.piemonte","article_published_time":"2021-10-26T02:48:09+00:00","article_modified_time":"2024-12-12T18:53:45+00:00","og_image":[{"width":1915,"height":1080,"url":"https:\/\/villa-perla.it\/wp-content\/uploads\/2021\/10\/villa-perla-langhe-monferrato-holiday-house-piemonte-02.jpg","type":"image\/jpeg"}],"author":"admin","twitter_card":"summary_large_image","twitter_misc":{"Skrevet af":"admin","Estimeret l\u00e6setid":"1 minut"},"schema":{"@context":"https:\/\/schema.org","@graph":[{"@type":"Article","@id":"https:\/\/villa-perla.it\/da\/og-saa-begynder-det-villa-perla-i-piemonte\/#article","isPartOf":{"@id":"https:\/\/villa-perla.it\/da\/og-saa-begynder-det-villa-perla-i-piemonte\/"},"author":{"name":"admin","@id":"https:\/\/villa-perla.it\/da\/#\/schema\/person\/9e9decda3fb94fafed1a2ac94f933d88"},"headline":"Og s\u00e5 begynder det&#8230; Villa Perla i Piemonte","datePublished":"2021-10-26T02:48:09+00:00","dateModified":"2024-12-12T18:53:45+00:00","mainEntityOfPage":{"@id":"https:\/\/villa-perla.it\/da\/og-saa-begynder-det-villa-perla-i-piemonte\/"},"wordCount":294,"publisher":{"@id":"https:\/\/villa-perla.it\/da\/#organization"},"image":{"@id":"https:\/\/villa-perla.it\/da\/og-saa-begynder-det-villa-perla-i-piemonte\/#primaryimage"},"thumbnailUrl":"https:\/\/villa-perla.it\/wp-content\/uploads\/2021\/10\/villa-perla-langhe-monferrato-holiday-house-piemonte-02.webp","articleSection":["Villa Perla"],"inLanguage":"da-DK"},{"@type":"WebPage","@id":"https:\/\/villa-perla.it\/da\/og-saa-begynder-det-villa-perla-i-piemonte\/","url":"https:\/\/villa-perla.it\/da\/og-saa-begynder-det-villa-perla-i-piemonte\/","name":"Og s\u00e5 begynder det... Villa Perla i Piemonte - Villa Perla | Langhe - Monferrato","isPartOf":{"@id":"https:\/\/villa-perla.it\/da\/#website"},"primaryImageOfPage":{"@id":"https:\/\/villa-perla.it\/da\/og-saa-begynder-det-villa-perla-i-piemonte\/#primaryimage"},"image":{"@id":"https:\/\/villa-perla.it\/da\/og-saa-begynder-det-villa-perla-i-piemonte\/#primaryimage"},"thumbnailUrl":"https:\/\/villa-perla.it\/wp-content\/uploads\/2021\/10\/villa-perla-langhe-monferrato-holiday-house-piemonte-02.webp","datePublished":"2021-10-26T02:48:09+00:00","dateModified":"2024-12-12T18:53:45+00:00","breadcrumb":{"@id":"https:\/\/villa-perla.it\/da\/og-saa-begynder-det-villa-perla-i-piemonte\/#breadcrumb"},"inLanguage":"da-DK","potentialAction":[{"@type":"ReadAction","target":["https:\/\/villa-perla.it\/da\/og-saa-begynder-det-villa-perla-i-piemonte\/"]}]},{"@type":"ImageObject","inLanguage":"da-DK","@id":"https:\/\/villa-perla.it\/da\/og-saa-begynder-det-villa-perla-i-piemonte\/#primaryimage","url":"https:\/\/villa-perla.it\/wp-content\/uploads\/2021\/10\/villa-perla-langhe-monferrato-holiday-house-piemonte-02.webp","contentUrl":"https:\/\/villa-perla.it\/wp-content\/uploads\/2021\/10\/villa-perla-langhe-monferrato-holiday-house-piemonte-02.webp","width":1915,"height":1080},{"@type":"BreadcrumbList","@id":"https:\/\/villa-perla.it\/da\/og-saa-begynder-det-villa-perla-i-piemonte\/#breadcrumb","itemListElement":[{"@type":"ListItem","position":1,"name":"Home","item":"https:\/\/villa-perla.it\/da\/"},{"@type":"ListItem","position":2,"name":"Og s\u00e5 begynder det&#8230; Villa Perla i Piemonte"}]},{"@type":"WebSite","@id":"https:\/\/villa-perla.it\/da\/#website","url":"https:\/\/villa-perla.it\/da\/","name":"Villa Perla | Langhe - Monferrato","description":"Your private holiday house in Piemonte","publisher":{"@id":"https:\/\/villa-perla.it\/da\/#organization"},"alternateName":"Villa Perla |","potentialAction":[{"@type":"SearchAction","target":{"@type":"EntryPoint","urlTemplate":"https:\/\/villa-perla.it\/da\/?s={search_term_string}"},"query-input":{"@type":"PropertyValueSpecification","valueRequired":true,"valueName":"search_term_string"}}],"inLanguage":"da-DK"},{"@type":"Organization","@id":"https:\/\/villa-perla.it\/da\/#organization","name":"Villa Perla Piemonte","alternateName":"Villa Perla Piemonte","url":"https:\/\/villa-perla.it\/da\/","logo":{"@type":"ImageObject","inLanguage":"da-DK","@id":"https:\/\/villa-perla.it\/da\/#\/schema\/logo\/image\/","url":"https:\/\/villa-perla.it\/wp-content\/uploads\/2021\/11\/villa-perla-piemone-logo-transparant-400-x-100-px.svg","contentUrl":"https:\/\/villa-perla.it\/wp-content\/uploads\/2021\/11\/villa-perla-piemone-logo-transparant-400-x-100-px.svg","caption":"Villa Perla Piemonte"},"image":{"@id":"https:\/\/villa-perla.it\/da\/#\/schema\/logo\/image\/"},"sameAs":["https:\/\/www.facebook.com\/villaperla.piemonte","https:\/\/www.instagram.com\/villaperla_piemonte"]},{"@type":"Person","@id":"https:\/\/villa-perla.it\/da\/#\/schema\/person\/9e9decda3fb94fafed1a2ac94f933d88","name":"admin","image":{"@type":"ImageObject","inLanguage":"da-DK","@id":"https:\/\/secure.gravatar.com\/avatar\/9a22cd26bc69d4eb44ba140eac18f4db40223aa587025d796014bb0d0519645b?s=96&d=mm&r=g","url":"https:\/\/secure.gravatar.com\/avatar\/9a22cd26bc69d4eb44ba140eac18f4db40223aa587025d796014bb0d0519645b?s=96&d=mm&r=g","contentUrl":"https:\/\/secure.gravatar.com\/avatar\/9a22cd26bc69d4eb44ba140eac18f4db40223aa587025d796014bb0d0519645b?s=96&d=mm&r=g","caption":"admin"},"sameAs":["https:\/\/villa-perla.it"],"url":"https:\/\/villa-perla.it\/da\/author\/anke\/"}]}},"_links":{"self":[{"href":"https:\/\/villa-perla.it\/da\/wp-json\/wp\/v2\/posts\/16449","targetHints":{"allow":["GET"]}}],"collection":[{"href":"https:\/\/villa-perla.it\/da\/wp-json\/wp\/v2\/posts"}],"about":[{"href":"https:\/\/villa-perla.it\/da\/wp-json\/wp\/v2\/types\/post"}],"author":[{"embeddable":true,"href":"https:\/\/villa-perla.it\/da\/wp-json\/wp\/v2\/users\/1"}],"replies":[{"embeddable":true,"href":"https:\/\/villa-perla.it\/da\/wp-json\/wp\/v2\/comments?post=16449"}],"version-history":[{"count":0,"href":"https:\/\/villa-perla.it\/da\/wp-json\/wp\/v2\/posts\/16449\/revisions"}],"wp:featuredmedia":[{"embeddable":true,"href":"https:\/\/villa-perla.it\/da\/wp-json\/wp\/v2\/media\/16450"}],"wp:attachment":[{"href":"https:\/\/villa-perla.it\/da\/wp-json\/wp\/v2\/media?parent=16449"}],"wp:term":[{"taxonomy":"category","embeddable":true,"href":"https:\/\/villa-perla.it\/da\/wp-json\/wp\/v2\/categories?post=16449"},{"taxonomy":"post_tag","embeddable":true,"href":"https:\/\/villa-perla.it\/da\/wp-json\/wp\/v2\/tags?post=16449"}],"curies":[{"name":"wp","href":"https:\/\/api.w.org\/{rel}","templated":true}]}}