{"id":16443,"date":"2023-01-16T14:20:27","date_gmt":"2023-01-16T13:20:27","guid":{"rendered":"https:\/\/villa-perla.it\/vi-oensker-dig-et-godt-nyt-aar\/"},"modified":"2024-12-12T19:52:01","modified_gmt":"2024-12-12T18:52:01","slug":"vi-oensker-dig-et-godt-nyt-aar","status":"publish","type":"post","link":"https:\/\/villa-perla.it\/da\/vi-oensker-dig-et-godt-nyt-aar\/","title":{"rendered":"Vi \u00f8nsker dig et godt nyt \u00e5r!"},"content":{"rendered":"\t\t<div data-elementor-type=\"wp-post\" data-elementor-id=\"16443\" class=\"elementor elementor-16443 elementor-6724\" data-elementor-post-type=\"post\">\n\t\t\t\t\t\t<section class=\"elementor-section elementor-top-section elementor-element elementor-element-2c22f9bc elementor-section-height-min-height elementor-section-content-middle elementor-section-boxed elementor-section-height-default elementor-section-items-middle\" data-id=\"2c22f9bc\" data-element_type=\"section\" data-e-type=\"section\" data-settings=\"{&quot;background_background&quot;:&quot;classic&quot;,&quot;jet_parallax_layout_list&quot;:[{&quot;_id&quot;:&quot;b571a24&quot;,&quot;jet_parallax_layout_image&quot;:{&quot;url&quot;:&quot;&quot;,&quot;id&quot;:&quot;&quot;,&quot;size&quot;:&quot;&quot;},&quot;jet_parallax_layout_image_tablet&quot;:{&quot;url&quot;:&quot;&quot;,&quot;id&quot;:&quot;&quot;,&quot;size&quot;:&quot;&quot;},&quot;jet_parallax_layout_image_mobile&quot;:{&quot;url&quot;:&quot;&quot;,&quot;id&quot;:&quot;&quot;,&quot;size&quot;:&quot;&quot;},&quot;jet_parallax_layout_speed&quot;:{&quot;unit&quot;:&quot;%&quot;,&quot;size&quot;:50,&quot;sizes&quot;:[]},&quot;jet_parallax_layout_type&quot;:&quot;scroll&quot;,&quot;jet_parallax_layout_direction&quot;:&quot;1&quot;,&quot;jet_parallax_layout_fx_direction&quot;:null,&quot;jet_parallax_layout_z_index&quot;:&quot;&quot;,&quot;jet_parallax_layout_bg_x&quot;:50,&quot;jet_parallax_layout_bg_x_tablet&quot;:&quot;&quot;,&quot;jet_parallax_layout_bg_x_mobile&quot;:&quot;&quot;,&quot;jet_parallax_layout_bg_y&quot;:50,&quot;jet_parallax_layout_bg_y_tablet&quot;:&quot;&quot;,&quot;jet_parallax_layout_bg_y_mobile&quot;:&quot;&quot;,&quot;jet_parallax_layout_bg_size&quot;:&quot;auto&quot;,&quot;jet_parallax_layout_bg_size_tablet&quot;:&quot;&quot;,&quot;jet_parallax_layout_bg_size_mobile&quot;:&quot;&quot;,&quot;jet_parallax_layout_animation_prop&quot;:&quot;transform&quot;,&quot;jet_parallax_layout_on&quot;:[&quot;desktop&quot;,&quot;tablet&quot;]}]}\">\n\t\t\t\t\t\t\t<div class=\"elementor-background-overlay\"><\/div>\n\t\t\t\t\t\t\t<div class=\"elementor-container elementor-column-gap-no\">\n\t\t\t\t\t<div class=\"elementor-column elementor-col-100 elementor-top-column elementor-element elementor-element-1014da85\" data-id=\"1014da85\" data-element_type=\"column\" data-e-type=\"column\">\n\t\t\t<div class=\"elementor-widget-wrap elementor-element-populated\">\n\t\t\t\t\t\t<div class=\"elementor-element elementor-element-4ab7a10 elementor-widget elementor-widget-heading\" data-id=\"4ab7a10\" data-element_type=\"widget\" data-e-type=\"widget\" data-widget_type=\"heading.default\">\n\t\t\t\t<div class=\"elementor-widget-container\">\n\t\t\t\t\t<h2 class=\"elementor-heading-title elementor-size-default\">Vi \u00f8nsker dig et godt nyt \u00e5r!<\/h2>\t\t\t\t<\/div>\n\t\t\t\t<\/div>\n\t\t\t\t<div class=\"elementor-element elementor-element-57da5eff elementor-widget elementor-widget-heading\" data-id=\"57da5eff\" data-element_type=\"widget\" data-e-type=\"widget\" data-widget_type=\"heading.default\">\n\t\t\t\t<div class=\"elementor-widget-container\">\n\t\t\t\t\t<h5 class=\"elementor-heading-title elementor-size-default\">Opdatering af udlejningsvirksomheden og partnerskab med Casa!<\/h5>\t\t\t\t<\/div>\n\t\t\t\t<\/div>\n\t\t\t\t\t<\/div>\n\t\t<\/div>\n\t\t\t\t\t<\/div>\n\t\t<\/section>\n\t\t\t\t<section class=\"elementor-section elementor-top-section elementor-element elementor-element-5216b95a elementor-reverse-mobile elementor-section-boxed elementor-section-height-default elementor-section-height-default\" data-id=\"5216b95a\" data-element_type=\"section\" data-e-type=\"section\" data-settings=\"{&quot;jet_parallax_layout_list&quot;:[{&quot;_id&quot;:&quot;8b0c4e9&quot;,&quot;jet_parallax_layout_image&quot;:{&quot;url&quot;:&quot;&quot;,&quot;id&quot;:&quot;&quot;,&quot;size&quot;:&quot;&quot;},&quot;jet_parallax_layout_image_tablet&quot;:{&quot;url&quot;:&quot;&quot;,&quot;id&quot;:&quot;&quot;,&quot;size&quot;:&quot;&quot;},&quot;jet_parallax_layout_image_mobile&quot;:{&quot;url&quot;:&quot;&quot;,&quot;id&quot;:&quot;&quot;,&quot;size&quot;:&quot;&quot;},&quot;jet_parallax_layout_speed&quot;:{&quot;unit&quot;:&quot;%&quot;,&quot;size&quot;:50,&quot;sizes&quot;:[]},&quot;jet_parallax_layout_type&quot;:&quot;scroll&quot;,&quot;jet_parallax_layout_direction&quot;:&quot;1&quot;,&quot;jet_parallax_layout_fx_direction&quot;:null,&quot;jet_parallax_layout_z_index&quot;:&quot;&quot;,&quot;jet_parallax_layout_bg_x&quot;:50,&quot;jet_parallax_layout_bg_x_tablet&quot;:&quot;&quot;,&quot;jet_parallax_layout_bg_x_mobile&quot;:&quot;&quot;,&quot;jet_parallax_layout_bg_y&quot;:50,&quot;jet_parallax_layout_bg_y_tablet&quot;:&quot;&quot;,&quot;jet_parallax_layout_bg_y_mobile&quot;:&quot;&quot;,&quot;jet_parallax_layout_bg_size&quot;:&quot;auto&quot;,&quot;jet_parallax_layout_bg_size_tablet&quot;:&quot;&quot;,&quot;jet_parallax_layout_bg_size_mobile&quot;:&quot;&quot;,&quot;jet_parallax_layout_animation_prop&quot;:&quot;transform&quot;,&quot;jet_parallax_layout_on&quot;:[&quot;desktop&quot;,&quot;tablet&quot;]}]}\">\n\t\t\t\t\t\t<div class=\"elementor-container elementor-column-gap-default\">\n\t\t\t\t\t<div class=\"elementor-column elementor-col-50 elementor-top-column elementor-element elementor-element-8e05d25\" data-id=\"8e05d25\" data-element_type=\"column\" data-e-type=\"column\" data-settings=\"{&quot;background_background&quot;:&quot;classic&quot;}\">\n\t\t\t<div class=\"elementor-widget-wrap elementor-element-populated\">\n\t\t\t\t\t\t<div class=\"elementor-element elementor-element-9303d87 elementor-widget elementor-widget-heading\" data-id=\"9303d87\" data-element_type=\"widget\" data-e-type=\"widget\" data-widget_type=\"heading.default\">\n\t\t\t\t<div class=\"elementor-widget-container\">\n\t\t\t\t\t<h2 class=\"elementor-heading-title elementor-size-default\">L\u00e6s ogs\u00e5:<\/h2>\t\t\t\t<\/div>\n\t\t\t\t<\/div>\n\t\t\t\t<div class=\"elementor-element elementor-element-7408a82 elementor-grid-1 elementor-posts--align-center elementor-grid-tablet-2 elementor-grid-mobile-1 elementor-posts--thumbnail-top elementor-widget elementor-widget-posts\" data-id=\"7408a82\" data-element_type=\"widget\" data-e-type=\"widget\" data-settings=\"{&quot;classic_columns&quot;:&quot;1&quot;,&quot;classic_columns_tablet&quot;:&quot;2&quot;,&quot;classic_columns_mobile&quot;:&quot;1&quot;,&quot;classic_row_gap&quot;:{&quot;unit&quot;:&quot;px&quot;,&quot;size&quot;:35,&quot;sizes&quot;:[]},&quot;classic_row_gap_tablet&quot;:{&quot;unit&quot;:&quot;px&quot;,&quot;size&quot;:&quot;&quot;,&quot;sizes&quot;:[]},&quot;classic_row_gap_mobile&quot;:{&quot;unit&quot;:&quot;px&quot;,&quot;size&quot;:&quot;&quot;,&quot;sizes&quot;:[]}}\" data-widget_type=\"posts.classic\">\n\t\t\t\t<div class=\"elementor-widget-container\">\n\t\t\t\t\t\t\t<div class=\"elementor-posts-container elementor-posts elementor-posts--skin-classic elementor-grid\" role=\"list\">\n\t\t\t\t<article class=\"elementor-post elementor-grid-item post-19910 post type-post status-publish format-standard has-post-thumbnail hentry category-villa-perla tag-at-gore\" role=\"listitem\">\n\t\t\t\t<a class=\"elementor-post__thumbnail__link\" href=\"https:\/\/villa-perla.it\/da\/ev-charging-stations-close-by-villa-perla-in-piemonte-asti-area\/\" tabindex=\"-1\" >\n\t\t\t<div class=\"elementor-post__thumbnail\"><img fetchpriority=\"high\" decoding=\"async\" width=\"300\" height=\"169\" src=\"https:\/\/villa-perla.it\/wp-content\/uploads\/2023\/08\/villa-perla-piemonte-holiday-house-with-pool-sunrise-garden-007-2023-300x169.webp\" class=\"attachment-medium size-medium wp-image-19911\" alt=\"\" srcset=\"https:\/\/villa-perla.it\/wp-content\/uploads\/2023\/08\/villa-perla-piemonte-holiday-house-with-pool-sunrise-garden-007-2023-300x169.webp 300w, https:\/\/villa-perla.it\/wp-content\/uploads\/2023\/08\/villa-perla-piemonte-holiday-house-with-pool-sunrise-garden-007-2023-1024x576.webp 1024w, https:\/\/villa-perla.it\/wp-content\/uploads\/2023\/08\/villa-perla-piemonte-holiday-house-with-pool-sunrise-garden-007-2023-768x432.webp 768w, https:\/\/villa-perla.it\/wp-content\/uploads\/2023\/08\/villa-perla-piemonte-holiday-house-with-pool-sunrise-garden-007-2023-1536x864.webp 1536w, https:\/\/villa-perla.it\/wp-content\/uploads\/2023\/08\/villa-perla-piemonte-holiday-house-with-pool-sunrise-garden-007-2023.webp 1920w\" sizes=\"(max-width: 300px) 100vw, 300px\" \/><\/div>\n\t\t<\/a>\n\t\t\t\t<div class=\"elementor-post__text\">\n\t\t\t\t<h3 class=\"elementor-post__title\">\n\t\t\t<a href=\"https:\/\/villa-perla.it\/da\/ev-charging-stations-close-by-villa-perla-in-piemonte-asti-area\/\" >\n\t\t\t\tEV Charging Stations close by Villa Perla in Piemonte &#8211; Asti Area\t\t\t<\/a>\n\t\t<\/h3>\n\t\t\t\t<div class=\"elementor-post__meta-data\">\n\t\t\t\t\t<span class=\"elementor-post-date\">\n\t\t\t29. april 2026\t\t<\/span>\n\t\t\t\t<\/div>\n\t\t\t\t<div class=\"elementor-post__excerpt\">\n\t\t\t<p>EV Charging Stations close by Villa Perla in Piemonte &#8211; Asti Area<\/p>\n\t\t<\/div>\n\t\t\n\t\t<a class=\"elementor-post__read-more\" href=\"https:\/\/villa-perla.it\/da\/ev-charging-stations-close-by-villa-perla-in-piemonte-asti-area\/\" aria-label=\"Read more about EV Charging Stations close by Villa Perla in Piemonte &#8211; Asti Area\" tabindex=\"-1\" >\n\t\t\tL\u00e6s mere \"\t\t<\/a>\n\n\t\t\t\t<\/div>\n\t\t\t\t<\/article>\n\t\t\t\t<article class=\"elementor-post elementor-grid-item post-19751 post type-post status-publish format-standard has-post-thumbnail hentry category-villa-perla tag-at-gore\" role=\"listitem\">\n\t\t\t\t<a class=\"elementor-post__thumbnail__link\" href=\"https:\/\/villa-perla.it\/da\/ophold-med-hund-paa-villa-perla-i-piemonte\/\" tabindex=\"-1\" >\n\t\t\t<div class=\"elementor-post__thumbnail\"><img decoding=\"async\" width=\"300\" height=\"169\" src=\"https:\/\/villa-perla.it\/wp-content\/uploads\/2024\/05\/villa-perla-piemonte-holiday-house-poolside-300x169.webp\" class=\"attachment-medium size-medium wp-image-19752\" alt=\"\" srcset=\"https:\/\/villa-perla.it\/wp-content\/uploads\/2024\/05\/villa-perla-piemonte-holiday-house-poolside-300x169.webp 300w, https:\/\/villa-perla.it\/wp-content\/uploads\/2024\/05\/villa-perla-piemonte-holiday-house-poolside-1024x576.webp 1024w, https:\/\/villa-perla.it\/wp-content\/uploads\/2024\/05\/villa-perla-piemonte-holiday-house-poolside-768x432.webp 768w, https:\/\/villa-perla.it\/wp-content\/uploads\/2024\/05\/villa-perla-piemonte-holiday-house-poolside-1536x864.webp 1536w, https:\/\/villa-perla.it\/wp-content\/uploads\/2024\/05\/villa-perla-piemonte-holiday-house-poolside-scaled.webp 1920w\" sizes=\"(max-width: 300px) 100vw, 300px\" \/><\/div>\n\t\t<\/a>\n\t\t\t\t<div class=\"elementor-post__text\">\n\t\t\t\t<h3 class=\"elementor-post__title\">\n\t\t\t<a href=\"https:\/\/villa-perla.it\/da\/ophold-med-hund-paa-villa-perla-i-piemonte\/\" >\n\t\t\t\tOphold med hund p\u00e5 Villa Perla i Piemonte\t\t\t<\/a>\n\t\t<\/h3>\n\t\t\t\t<div class=\"elementor-post__meta-data\">\n\t\t\t\t\t<span class=\"elementor-post-date\">\n\t\t\t13. april 2026\t\t<\/span>\n\t\t\t\t<\/div>\n\t\t\t\t<div class=\"elementor-post__excerpt\">\n\t\t\t<p>Rejser du med din hund i Piemonte? Din firbenede ven er velkommen i Villa Perla. L\u00e6s vores husregler, s\u00e5 vi kan blive ved med at acceptere hunde i dette smukke hj\u00f8rne af Piemonte.  <\/p>\n\t\t<\/div>\n\t\t\n\t\t<a class=\"elementor-post__read-more\" href=\"https:\/\/villa-perla.it\/da\/ophold-med-hund-paa-villa-perla-i-piemonte\/\" aria-label=\"Read more about Ophold med hund p\u00e5 Villa Perla i Piemonte\" tabindex=\"-1\" >\n\t\t\tL\u00e6s mere \"\t\t<\/a>\n\n\t\t\t\t<\/div>\n\t\t\t\t<\/article>\n\t\t\t\t<\/div>\n\t\t\n\t\t\t\t\t\t<\/div>\n\t\t\t\t<\/div>\n\t\t\t\t<section class=\"elementor-section elementor-inner-section elementor-element elementor-element-7ae351a elementor-section-boxed elementor-section-height-default elementor-section-height-default\" data-id=\"7ae351a\" data-element_type=\"section\" data-e-type=\"section\" data-settings=\"{&quot;background_background&quot;:&quot;classic&quot;,&quot;jet_parallax_layout_list&quot;:[]}\">\n\t\t\t\t\t\t<div class=\"elementor-container elementor-column-gap-default\">\n\t\t\t\t\t<div class=\"elementor-column elementor-col-100 elementor-inner-column elementor-element elementor-element-9ea2a5a\" data-id=\"9ea2a5a\" data-element_type=\"column\" data-e-type=\"column\">\n\t\t\t<div class=\"elementor-widget-wrap elementor-element-populated\">\n\t\t\t\t\t\t<div class=\"elementor-element elementor-element-5f31892 elementor-widget elementor-widget-heading\" data-id=\"5f31892\" data-element_type=\"widget\" data-e-type=\"widget\" data-widget_type=\"heading.default\">\n\t\t\t\t<div class=\"elementor-widget-container\">\n\t\t\t\t\t<h2 class=\"elementor-heading-title elementor-size-default\">Tilmeld dig vores <br>m\u00e5nedlige nyhedsbrev<\/h2>\t\t\t\t<\/div>\n\t\t\t\t<\/div>\n\t\t\t\t<div class=\"elementor-element elementor-element-1eb4117 elementor-widget elementor-widget-shortcode\" data-id=\"1eb4117\" data-element_type=\"widget\" data-e-type=\"widget\" data-widget_type=\"shortcode.default\">\n\t\t\t\t<div class=\"elementor-widget-container\">\n\t\t\t\t\t<script type=\"text\/javascript\" src=\"https:\/\/villa-perla.it\/wp-content\/plugins\/acymailing\/media\/js\/module.min.js?v=1082\"><\/script><script type=\"text\/javascript\">\n        if(typeof acymModule === 'undefined'){\n            var acymModule = [];\n\t\t\tacymModule['emailRegex'] = \/^[a-z0-9!#$%&\\'*+\\\/=?^_`{|}~-]+(?:\\.[a-z0-9!#$%&\\'*+\\\/=?^_`{|}~-]+)*\\@([a-z0-9-]+\\.)+[a-z0-9]{2,20}$\/i;\n\t\t\tacymModule['NAMECAPTION'] = 'Name';\n\t\t\tacymModule['NAME_MISSING'] = 'Please enter your name';\n\t\t\tacymModule['EMAILCAPTION'] = 'Email';\n\t\t\tacymModule['VALID_EMAIL'] = 'Please enter a valid e-mail address';\n\t\t\tacymModule['VALID_EMAIL_CONFIRMATION'] = 'Email field and email confirmation field must be identical';\n\t\t\tacymModule['CAPTCHA_MISSING'] = 'The captcha is invalid, please try again';\n\t\t\tacymModule['NO_LIST_SELECTED'] = 'Please select the lists you want to subscribe to';\n\t\t\tacymModule['NO_LIST_SELECTED_UNSUB'] = 'Please select the lists you want to unsubscribe from';\n            acymModule['ACCEPT_TERMS'] = 'Please check the Terms and Conditions \/ Privacy policy';\n        }\n\t\t<\/script>\t\t<div class=\"elementor-shortcode\"><div id=\"acym_fulldiv_formAcym2\" class=\"acym__subscription__form__shortcode acym__subscription__form-erase\">\n    <form action=\"https:\/\/villa-perla.it\/da\/index.php?page=acymailing_front&ctrl=frontusers&noheader=1\" id=\"formAcym2\" name=\"formAcym2\" enctype=\"multipart\/form-data\" onsubmit=\"return submitAcymForm('subscribe','formAcym2', 'acymSubmitSubForm')\"><div class=\"acym__subscription__form__fields\">\n    <div class=\"onefield fieldacy1 acyfield_text\" id=\"field_1\"><label class=\"cell margin-top-1\"><span class=\"acym__users__creation__fields__title\">Name<\/span><input autocomplete=\"name\"  name=\"user[name]\" value=\"\" data-authorized-content=\"{&quot;0&quot;:&quot;all&quot;,&quot;regex&quot;:&quot;&quot;,&quot;message&quot;:&quot;Incorrect value for the field Name&quot;}\" type=\"text\" class=\"cell\"><\/label><div class=\"acym__field__error__block\" data-acym-field-id=\"1\"><\/div><\/div><div class=\"onefield fieldacy2 acyfield_text\" id=\"field_2\"><label class=\"cell margin-top-1\"><span class=\"acym__users__creation__fields__title\">Email<\/span><input autocomplete=\"email\" id=\"email_field_709\"  name=\"user[email]\" value=\"\" data-authorized-content=\"{&quot;0&quot;:&quot;all&quot;,&quot;regex&quot;:&quot;&quot;,&quot;message&quot;:&quot;Incorrect value for the field Email&quot;}\" required type=\"email\" class=\"cell acym__user__edit__email\"><\/label><div class=\"acym__field__error__block\" data-acym-field-id=\"2\"><\/div><\/div><div class=\"acym__subscription__form__lists\">\n    <input type=\"hidden\" name=\"hiddenlists\" value=\"1\">\t<style>\n\t\t#acym_fulldiv_formAcym2 .acym__subscription__form__fields .acym__subscription__form__lists{\n\t\t\tdisplay: inline-block;\n\t\t\twidth: auto;\n\t\t\tmargin: 0 20px;\n\t\t\ttext-align: left;\n\t\t}\n\n\t\t#acym_fulldiv_formAcym2 .acym__subscription__form__fields .acym__subscription__form__lists label{\n\t\t\tdisplay: inline-block;\n\t\t\tmargin-right: 10px;\n\t\t\twidth: auto;\n\t\t}\n\n\t\t#acym_fulldiv_formAcym2 .acym__subscription__form__fields .acym__subscription__form__lists input[type=\"checkbox\"]{\n\t\t\tmargin-top: 0 !important;\n\t\t\tmargin-right: 5px;\n\t\t}\n\t<\/style>\n<\/div>\n<div class=\"acym__subscription__form__termscond\"><div class=\"onefield fieldacyterms\" id=\"field_terms_formAcym2\"><label for=\"mailingdata_terms_formAcym2\"><input id=\"mailingdata_terms_formAcym2\" class=\"checkbox\" type=\"checkbox\" name=\"terms\" title=\"Terms and conditions\"\/> I agree with the <a title=\"Terms and conditions\" href=\"https:\/\/villa-perla.it\/cookie-privacy-policy\/\" target=\"_blank\">Terms and conditions<\/a> and the <a title=\"Privacy policy\" href=\"https:\/\/villa-perla.it\/cookie-privacy-policy\/\" target=\"_blank\">Privacy policy<\/a><\/label><\/div>\n\t<style>\n\t\t.acym__subscription__form__header .acym__subscription__form__termscond,\n\t\t.acym__subscription__form__footer .acym__subscription__form__termscond{\n\t\t\tmax-width: 250px;\n\t\t}\n\n\t\t#acym_fulldiv_formAcym2 .acym__subscription__form__fields .acym__subscription__form__termscond input[type=\"checkbox\"]{\n\t\t\tmargin-top: 0 !important;\n\t\t}\n\t<\/style>\n\t<\/div>\n\t<style>\n\t\t#acym_fulldiv_formAcym2 .acym__subscription__form__fields{\n\t\t\tdisplay: flex;\n\t\t\tjustify-content: center;\n\t\t\talign-items: center\n\t\t}\n\n\t\t#acym_fulldiv_formAcym2 .acym__subscription__form__fields > *{\n\t\t\tmargin: 10px auto !important;\n\t\t}\n\t<\/style>\n<\/div>\n<div class=\"acym__subscription__form__button\">\n    \t<button type=\"submit\">\n        Subscribe\t<\/button>\n\t<style>\n\t\t#acym_fulldiv_formAcym2 .acym__subscription__form__button{\n\t\t\tdisplay: flex;\n\t\t\tjustify-content: center;\n\t\t\talign-items: center\n\t\t}\n\n\t\t#acym_fulldiv_formAcym2 .acym__subscription__form__button button{\n\t\t\tbackground-color: #000000;\n\t\t\tcolor: #ffffff;\n\t\t\tborder-width: 0px;\n\t\t\tborder-style: solid;\n\t\t\tborder-color: #000000;\n\t\t\tborder-radius: 0px;\n\t\t\tpadding: 10px 20px;\n\t\t}\n\t<\/style>\n<\/div>\n<input type=\"hidden\" name=\"ctrl\" value=\"frontusers\" \/>\n<input type=\"hidden\" name=\"task\" value=\"notask\" \/>\n<input type=\"hidden\" name=\"page\" value=\"acymailing_front\" \/>\n<input type=\"hidden\" name=\"option\" value=\"acymailing\" \/>\n<input type=\"hidden\" name=\"acy_source\" value=\"Form ID 2\">\n<input type=\"hidden\" name=\"acyformname\" value=\"formAcym2\">\n<input type=\"hidden\" name=\"acymformtype\" value=\"shortcode\">\n<input type=\"hidden\" name=\"acysubmode\" value=\"form_acym\">\n\n<input type=\"hidden\" name=\"redirect\" value=\"https:\/\/villa-perla.it\/blog\/\">\n<input type=\"hidden\" name=\"ajax\" value=\"0\">\n<input type=\"hidden\"\n\t   name=\"confirmation_message\"\n\t   value=\"Thanks a lot for subscribing to our newsletter! We will not spam your inbox!\">\n\t<\/form>\n<\/div>\n<style>\n\t#acym_fulldiv_formAcym2.acym__subscription__form__shortcode{\n\t\theight: 300px;\n\t\tmax-width: 400px;\n\t\tbackground-color: #ffffff;\n\t\tcolor: #000000 !important;\n\t\tpadding: .5rem;\n\t\ttext-align: center;\n\t\tdisplay: flex;\n\t\tjustify-content: center;\n\t\talign-items: center;\n\t\tmargin: 1rem auto;\n\t}\n\n\t#acym_fulldiv_formAcym2.acym__subscription__form__shortcode .responseContainer{\n\t\tmargin-bottom: 0 !important;\n\t\tpadding: .4rem !important;\n\t}\n\n\t#acym_fulldiv_formAcym2.acym__subscription__form__shortcode #formAcym2{\n\t\tmargin: 0;\n\t}\n\n\t#acym_fulldiv_formAcym2.acym__subscription__form__shortcode .acym__subscription__form__fields, #acym_fulldiv_formAcym2.acym__subscription__form__shortcode .acym__subscription__form__button{\n\t\tdisplay: block;\n\t\twidth: 100%;\n\t\tmargin: 1rem 0 !important;\n\t}\n\n\t#acym_fulldiv_formAcym2.acym__subscription__form__shortcode .acym__subscription__form__fields .acym__subscription__form__lists{\n\t\tdisplay: block;\n\t\twidth: 100%;\n\t\tmargin: 1rem 10px !important;\n\t}\n\n\t#acym_fulldiv_formAcym2.acym__subscription__form__shortcode .acym__subscription__form__fields > *:not(style){\n\t\tdisplay: block;\n\t}\n\n\t<\/style>\n<\/div>\n\t\t\t\t\t\t<\/div>\n\t\t\t\t<\/div>\n\t\t\t\t\t<\/div>\n\t\t<\/div>\n\t\t\t\t\t<\/div>\n\t\t<\/section>\n\t\t\t\t\t<\/div>\n\t\t<\/div>\n\t\t\t\t<div class=\"elementor-column elementor-col-50 elementor-top-column elementor-element elementor-element-2f6181f4\" data-id=\"2f6181f4\" data-element_type=\"column\" data-e-type=\"column\">\n\t\t\t<div class=\"elementor-widget-wrap elementor-element-populated\">\n\t\t\t\t\t\t<div class=\"elementor-element elementor-element-591aa44 elementor-widget elementor-widget-heading\" data-id=\"591aa44\" data-element_type=\"widget\" data-e-type=\"widget\" data-widget_type=\"heading.default\">\n\t\t\t\t<div class=\"elementor-widget-container\">\n\t\t\t\t\t<h2 class=\"elementor-heading-title elementor-size-default\">De bedste \u00f8nsker<\/h2>\t\t\t\t<\/div>\n\t\t\t\t<\/div>\n\t\t\t\t<div class=\"elementor-element elementor-element-d65b604 elementor-align-center elementor-widget elementor-widget-post-info\" data-id=\"d65b604\" data-element_type=\"widget\" data-e-type=\"widget\" data-widget_type=\"post-info.default\">\n\t\t\t\t<div class=\"elementor-widget-container\">\n\t\t\t\t\t\t\t<ul class=\"elementor-inline-items elementor-icon-list-items elementor-post-info\">\n\t\t\t\t\t\t\t\t<li class=\"elementor-icon-list-item elementor-repeater-item-618fd2e elementor-inline-item\" itemprop=\"datePublished\">\n\t\t\t\t\t\t<a href=\"https:\/\/villa-perla.it\/da\/2026\/04\/13\/\">\n\t\t\t\t\t\t\t\t\t\t\t<span class=\"elementor-icon-list-icon\">\n\t\t\t\t\t\t\t\t<svg aria-hidden=\"true\" class=\"e-font-icon-svg e-fas-calendar\" viewBox=\"0 0 448 512\" xmlns=\"http:\/\/www.w3.org\/2000\/svg\"><path d=\"M12 192h424c6.6 0 12 5.4 12 12v260c0 26.5-21.5 48-48 48H48c-26.5 0-48-21.5-48-48V204c0-6.6 5.4-12 12-12zm436-44v-36c0-26.5-21.5-48-48-48h-48V12c0-6.6-5.4-12-12-12h-40c-6.6 0-12 5.4-12 12v52H160V12c0-6.6-5.4-12-12-12h-40c-6.6 0-12 5.4-12 12v52H48C21.5 64 0 85.5 0 112v36c0 6.6 5.4 12 12 12h424c6.6 0 12-5.4 12-12z\"><\/path><\/svg>\t\t\t\t\t\t\t<\/span>\n\t\t\t\t\t\t\t\t\t<span class=\"elementor-icon-list-text elementor-post-info__item elementor-post-info__item--type-date\">\n\t\t\t\t\t\t\t\t\t\t<time>april 13, 2026<\/time>\t\t\t\t\t<\/span>\n\t\t\t\t\t\t\t\t\t<\/a>\n\t\t\t\t<\/li>\n\t\t\t\t<\/ul>\n\t\t\t\t\t\t<\/div>\n\t\t\t\t<\/div>\n\t\t\t\t<div class=\"elementor-element elementor-element-0008288 elementor-share-buttons--view-icon elementor-share-buttons--skin-minimal elementor-share-buttons--color-custom elementor-share-buttons--shape-square elementor-grid-0 elementor-widget elementor-widget-share-buttons\" data-id=\"0008288\" data-element_type=\"widget\" data-e-type=\"widget\" data-widget_type=\"share-buttons.default\">\n\t\t\t\t<div class=\"elementor-widget-container\">\n\t\t\t\t\t\t\t<div class=\"elementor-grid\" role=\"list\">\n\t\t\t\t\t\t\t\t<div class=\"elementor-grid-item\" role=\"listitem\">\n\t\t\t\t\t\t<div class=\"elementor-share-btn elementor-share-btn_whatsapp\" role=\"button\" tabindex=\"0\" aria-label=\"Del p\u00e5 whatsapp\">\n\t\t\t\t\t\t\t\t\t\t\t\t\t\t\t<span class=\"elementor-share-btn__icon\">\n\t\t\t\t\t\t\t\t<svg aria-hidden=\"true\" class=\"e-font-icon-svg e-fab-whatsapp\" viewBox=\"0 0 448 512\" xmlns=\"http:\/\/www.w3.org\/2000\/svg\"><path d=\"M380.9 97.1C339 55.1 283.2 32 223.9 32c-122.4 0-222 99.6-222 222 0 39.1 10.2 77.3 29.6 111L0 480l117.7-30.9c32.4 17.7 68.9 27 106.1 27h.1c122.3 0 224.1-99.6 224.1-222 0-59.3-25.2-115-67.1-157zm-157 341.6c-33.2 0-65.7-8.9-94-25.7l-6.7-4-69.8 18.3L72 359.2l-4.4-7c-18.5-29.4-28.2-63.3-28.2-98.2 0-101.7 82.8-184.5 184.6-184.5 49.3 0 95.6 19.2 130.4 54.1 34.8 34.9 56.2 81.2 56.1 130.5 0 101.8-84.9 184.6-186.6 184.6zm101.2-138.2c-5.5-2.8-32.8-16.2-37.9-18-5.1-1.9-8.8-2.8-12.5 2.8-3.7 5.6-14.3 18-17.6 21.8-3.2 3.7-6.5 4.2-12 1.4-32.6-16.3-54-29.1-75.5-66-5.7-9.8 5.7-9.1 16.3-30.3 1.8-3.7.9-6.9-.5-9.7-1.4-2.8-12.5-30.1-17.1-41.2-4.5-10.8-9.1-9.3-12.5-9.5-3.2-.2-6.9-.2-10.6-.2-3.7 0-9.7 1.4-14.8 6.9-5.1 5.6-19.4 19-19.4 46.3 0 27.3 19.9 53.7 22.6 57.4 2.8 3.7 39.1 59.7 94.8 83.8 35.2 15.2 49 16.5 66.6 13.9 10.7-1.6 32.8-13.4 37.4-26.4 4.6-13 4.6-24.1 3.2-26.4-1.3-2.5-5-3.9-10.5-6.6z\"><\/path><\/svg>\t\t\t\t\t\t\t<\/span>\n\t\t\t\t\t\t\t\t\t\t\t\t\t\t\t\t\t\t\t\t<\/div>\n\t\t\t\t\t<\/div>\n\t\t\t\t\t\t\t\t\t<div class=\"elementor-grid-item\" role=\"listitem\">\n\t\t\t\t\t\t<div class=\"elementor-share-btn elementor-share-btn_facebook\" role=\"button\" tabindex=\"0\" aria-label=\"Del p\u00e5 facebook\">\n\t\t\t\t\t\t\t\t\t\t\t\t\t\t\t<span class=\"elementor-share-btn__icon\">\n\t\t\t\t\t\t\t\t<svg aria-hidden=\"true\" class=\"e-font-icon-svg e-fab-facebook\" viewBox=\"0 0 512 512\" xmlns=\"http:\/\/www.w3.org\/2000\/svg\"><path d=\"M504 256C504 119 393 8 256 8S8 119 8 256c0 123.78 90.69 226.38 209.25 245V327.69h-63V256h63v-54.64c0-62.15 37-96.48 93.67-96.48 27.14 0 55.52 4.84 55.52 4.84v61h-31.28c-30.8 0-40.41 19.12-40.41 38.73V256h68.78l-11 71.69h-57.78V501C413.31 482.38 504 379.78 504 256z\"><\/path><\/svg>\t\t\t\t\t\t\t<\/span>\n\t\t\t\t\t\t\t\t\t\t\t\t\t\t\t\t\t\t\t\t<\/div>\n\t\t\t\t\t<\/div>\n\t\t\t\t\t\t\t\t\t<div class=\"elementor-grid-item\" role=\"listitem\">\n\t\t\t\t\t\t<div class=\"elementor-share-btn elementor-share-btn_linkedin\" role=\"button\" tabindex=\"0\" aria-label=\"Del p\u00e5 linkedin\">\n\t\t\t\t\t\t\t\t\t\t\t\t\t\t\t<span class=\"elementor-share-btn__icon\">\n\t\t\t\t\t\t\t\t<svg aria-hidden=\"true\" class=\"e-font-icon-svg e-fab-linkedin\" viewBox=\"0 0 448 512\" xmlns=\"http:\/\/www.w3.org\/2000\/svg\"><path d=\"M416 32H31.9C14.3 32 0 46.5 0 64.3v383.4C0 465.5 14.3 480 31.9 480H416c17.6 0 32-14.5 32-32.3V64.3c0-17.8-14.4-32.3-32-32.3zM135.4 416H69V202.2h66.5V416zm-33.2-243c-21.3 0-38.5-17.3-38.5-38.5S80.9 96 102.2 96c21.2 0 38.5 17.3 38.5 38.5 0 21.3-17.2 38.5-38.5 38.5zm282.1 243h-66.4V312c0-24.8-.5-56.7-34.5-56.7-34.6 0-39.9 27-39.9 54.9V416h-66.4V202.2h63.7v29.2h.9c8.9-16.8 30.6-34.5 62.9-34.5 67.2 0 79.7 44.3 79.7 101.9V416z\"><\/path><\/svg>\t\t\t\t\t\t\t<\/span>\n\t\t\t\t\t\t\t\t\t\t\t\t\t\t\t\t\t\t\t\t<\/div>\n\t\t\t\t\t<\/div>\n\t\t\t\t\t\t<\/div>\n\t\t\t\t\t\t<\/div>\n\t\t\t\t<\/div>\n\t\t\t\t<div class=\"elementor-element elementor-element-1bcaa596 elementor-widget elementor-widget-text-editor\" data-id=\"1bcaa596\" data-element_type=\"widget\" data-e-type=\"widget\" data-widget_type=\"text-editor.default\">\n\t\t\t\t<div class=\"elementor-widget-container\">\n\t\t\t\t\t\t\t\t\t<blockquote class=\"gmail_quote\">\n<div dir=\"auto\">\n<div dir=\"auto\">F\u00f8rst og fremmest: Vi \u00f8nsker dig et <span class=\"gmail_default\">godt<\/span> <span class=\"gmail_default\">nyt<\/span> <span class=\"gmail_default\">\u00e5r<\/span><span class=\"gmail_default\">!<\/span><\/div>\n<div dir=\"auto\"> <\/div>\n<div dir=\"auto\">Vi h\u00e5ber, du har haft en dejlig jul og nyt\u00e5r! Vi tilbragte ferien med familie og venner i Piemonte, gik p\u00e5 opdagelse i omr\u00e5det og bes\u00f8gte et par skiomr\u00e5der i n\u00e6rheden. Senere vil vi skrive et s\u00e6rskilt blogindl\u00e6g om<span class=\"gmail_default\"> nogle af skiomr\u00e5derne i n\u00e6rheden af Villa Perla.<\/span>   <\/div>\n<div dir=\"auto\">I denne periode har vi ogs\u00e5 arbejdet meget i huset med at samle nye m\u00f8bler<span class=\"gmail_default\">,<\/span> g\u00f8re rent udenfor<span class=\"gmail_default\"> osv&#8230;.<\/span> Sidste projekt er at anl\u00e6gge haven til for\u00e5ret og <span class=\"gmail_default\">f\u00e6rdigg\u00f8re<\/span> indretningen af de<span class=\"gmail_default\"> sidste<\/span> v\u00e6relser i<span class=\"gmail_default\"> Villa Perla \ud83d\ude42<\/span> <\/div>\n<div dir=\"auto\">2022 var et meget hektisk \u00e5r med mange uforudsete omst\u00e6ndigheder<span class=\"gmail_default\"> og forsinkelser i<\/span> forbindelse med renoveringen<span class=\"gmail_default\"> af<\/span> <span class=\"gmail_default\">Villa Perla og vores private del.<\/span> P\u00e5 <span class=\"gmail_default\">grund af disse omst\u00e6ndigheder<\/span> var vi n\u00f8dt til at udskyde \u00e5bningen <span class=\"gmail_default\">af<\/span> Villa Perla til i \u00e5r, s\u00e5 vi kunne bringe den op p\u00e5 <span class=\"gmail_default\">en h\u00f8jere <\/span>standard og<span class=\"gmail_default\"> efter<\/span> vores smag. Vi takker alle, der bes\u00f8gte os sidste sommer, for den st\u00f8tte, vi fik. Vi er is\u00e6r ogs\u00e5 meget taknemmelige for alle vores naboer! De har allerede hjulpet os p\u00e5 s\u00e5 mange m\u00e5der, f\u00e5et os til at f\u00f8le os meget velkomne,<span class=\"gmail_default\"> og deres utrolige vine har ogs\u00e5 holdt vores hum\u00f8r oppe \ud83d\ude09<\/span>   <\/div>\n<\/div>\n<\/blockquote>\n<blockquote class=\"gmail_quote\">\n<div dir=\"auto\">\n<div dir=\"auto\">Rent praktisk er vi ogs\u00e5 glade for at kunne annoncere vores partnerskab med  <a href=\"https:\/\/www.casahospitalitypiedmont.it\/\" target=\"_blank\" rel=\"noopener\">CASA! <\/a>. Andrea and his team will take care of our guests and <span class=\"gmail_default\">Villa Perla<\/span> during the season and are looking forward to welcoming you<span class=\"gmail_default\">.<\/span> <span class=\"gmail_default\">Also, i<\/span><span class=\"gmail_default\">n September we moved from Piemonte to Pisa for Benny&#8217;s work the next 4-5 years. <\/span>It meant we had to move house again, look for a new school for the kids, etc&#8230;<span class=\"gmail_default\"> S<\/span>o we will not be in Piemonte (unless it&#8217;s to see our own family and friends when they stay in the holiday house ;-).   <\/div>\n<\/div>\n<\/blockquote>\n<div class=\"gmail_default\"><strong>Vi er p\u00e5 vej til at \u00e5bne Villa Perla fra 1. maj 2023, og sammen med <a href=\"https:\/\/www.casahospitalitypiedmont.it\/\" target=\"_blank\" rel=\"noopener\">CASA!<\/a> ser vi frem til dit ophold hos os!<\/strong><\/div>\n<div class=\"gmail_default\"><strong>For foresp\u00f8rgsler og\/eller bookinger kan du <b>kontakte CASA!<\/b> Hvis du har s\u00e6rlige \u00f8nsker, er du velkommen til at <a href=\"https:\/\/villa-perla.it\/da\/kontakt\/\" target=\"_blank\" rel=\"noopener\"><b>kontakte os<\/b><\/a> direkte.<\/strong><\/div>\n\t\t\t\t\t\t\t\t<\/div>\n\t\t\t\t<\/div>\n\t\t\t\t<div class=\"elementor-element elementor-element-e84db60 gallery-spacing-custom elementor-widget elementor-widget-image-gallery\" data-id=\"e84db60\" data-element_type=\"widget\" data-e-type=\"widget\" data-widget_type=\"image-gallery.default\">\n\t\t\t\t<div class=\"elementor-widget-container\">\n\t\t\t\t\t\t\t<div class=\"elementor-image-gallery\">\n\t\t\t<div id='gallery-1' class='gallery galleryid-16443 gallery-columns-2 gallery-size-full'><figure class='gallery-item'>\n\t\t\t<div class='gallery-icon landscape'>\n\t\t\t\t<a data-elementor-open-lightbox=\"yes\" data-elementor-lightbox-slideshow=\"e84db60\" data-elementor-lightbox-title=\"villa-perla-piemonte-blogpost-003-3\" data-e-action-hash=\"#elementor-action%3Aaction%3Dlightbox%26settings%3DeyJpZCI6NjcyOCwidXJsIjoiaHR0cHM6XC9cL3ZpbGxhLXBlcmxhLml0XC93cC1jb250ZW50XC91cGxvYWRzXC8yMDIzXC8wMVwvdmlsbGEtcGVybGEtcGllbW9udGUtYmxvZ3Bvc3QtMDAzLTMud2VicCIsInNsaWRlc2hvdyI6ImU4NGRiNjAifQ%3D%3D\" href='https:\/\/villa-perla.it\/wp-content\/uploads\/2023\/01\/villa-perla-piemonte-blogpost-003-3.webp'><img decoding=\"async\" width=\"1920\" height=\"1083\" src=\"https:\/\/villa-perla.it\/wp-content\/uploads\/2023\/01\/villa-perla-piemonte-blogpost-003-3.webp\" class=\"attachment-full size-full\" alt=\"\" srcset=\"https:\/\/villa-perla.it\/wp-content\/uploads\/2023\/01\/villa-perla-piemonte-blogpost-003-3.webp 1920w, https:\/\/villa-perla.it\/wp-content\/uploads\/2023\/01\/villa-perla-piemonte-blogpost-003-3-300x169.webp 300w, https:\/\/villa-perla.it\/wp-content\/uploads\/2023\/01\/villa-perla-piemonte-blogpost-003-3-1024x578.webp 1024w, https:\/\/villa-perla.it\/wp-content\/uploads\/2023\/01\/villa-perla-piemonte-blogpost-003-3-768x433.webp 768w, https:\/\/villa-perla.it\/wp-content\/uploads\/2023\/01\/villa-perla-piemonte-blogpost-003-3-1536x866.webp 1536w\" sizes=\"(max-width: 1920px) 100vw, 1920px\" \/><\/a>\n\t\t\t<\/div><\/figure><figure class='gallery-item'>\n\t\t\t<div class='gallery-icon landscape'>\n\t\t\t\t<a data-elementor-open-lightbox=\"yes\" data-elementor-lightbox-slideshow=\"e84db60\" data-elementor-lightbox-title=\"villa-perla-piemonte-blogpost-003-2\" data-e-action-hash=\"#elementor-action%3Aaction%3Dlightbox%26settings%3DeyJpZCI6NjcyNiwidXJsIjoiaHR0cHM6XC9cL3ZpbGxhLXBlcmxhLml0XC93cC1jb250ZW50XC91cGxvYWRzXC8yMDIzXC8wMVwvdmlsbGEtcGVybGEtcGllbW9udGUtYmxvZ3Bvc3QtMDAzLTIud2VicCIsInNsaWRlc2hvdyI6ImU4NGRiNjAifQ%3D%3D\" href='https:\/\/villa-perla.it\/wp-content\/uploads\/2023\/01\/villa-perla-piemonte-blogpost-003-2.webp'><img loading=\"lazy\" decoding=\"async\" width=\"1920\" height=\"1083\" src=\"https:\/\/villa-perla.it\/wp-content\/uploads\/2023\/01\/villa-perla-piemonte-blogpost-003-2.webp\" class=\"attachment-full size-full\" alt=\"\" srcset=\"https:\/\/villa-perla.it\/wp-content\/uploads\/2023\/01\/villa-perla-piemonte-blogpost-003-2.webp 1920w, https:\/\/villa-perla.it\/wp-content\/uploads\/2023\/01\/villa-perla-piemonte-blogpost-003-2-300x169.webp 300w, https:\/\/villa-perla.it\/wp-content\/uploads\/2023\/01\/villa-perla-piemonte-blogpost-003-2-1024x578.webp 1024w, https:\/\/villa-perla.it\/wp-content\/uploads\/2023\/01\/villa-perla-piemonte-blogpost-003-2-768x433.webp 768w, https:\/\/villa-perla.it\/wp-content\/uploads\/2023\/01\/villa-perla-piemonte-blogpost-003-2-1536x866.webp 1536w\" sizes=\"(max-width: 1920px) 100vw, 1920px\" \/><\/a>\n\t\t\t<\/div><\/figure>\n\t\t<\/div>\n\t\t<\/div>\n\t\t\t\t\t\t<\/div>\n\t\t\t\t<\/div>\n\t\t\t\t<div class=\"elementor-element elementor-element-5d00685 elementor-hidden-mobile elementor-post-navigation-borders-yes elementor-widget elementor-widget-post-navigation\" data-id=\"5d00685\" data-element_type=\"widget\" data-e-type=\"widget\" data-widget_type=\"post-navigation.default\">\n\t\t\t\t<div class=\"elementor-widget-container\">\n\t\t\t\t\t\t\t<div class=\"elementor-post-navigation\" role=\"navigation\" aria-label=\"Indl\u00e6g navigation\">\n\t\t\t<div class=\"elementor-post-navigation__prev elementor-post-navigation__link\">\n\t\t\t\t<a href=\"https:\/\/villa-perla.it\/da\/koereafstande-mellem-villa-perla-og-de-smukkeste-middelalderlandsbyer-eller-borgoer-i-piemonte\/\" rel=\"prev\"><span class=\"post-navigation__arrow-wrapper post-navigation__arrow-prev\"><svg aria-hidden=\"true\" class=\"e-font-icon-svg e-fas-angle-left\" viewBox=\"0 0 256 512\" xmlns=\"http:\/\/www.w3.org\/2000\/svg\"><path d=\"M31.7 239l136-136c9.4-9.4 24.6-9.4 33.9 0l22.6 22.6c9.4 9.4 9.4 24.6 0 33.9L127.9 256l96.4 96.4c9.4 9.4 9.4 24.6 0 33.9L201.7 409c-9.4 9.4-24.6 9.4-33.9 0l-136-136c-9.5-9.4-9.5-24.6-.1-34z\"><\/path><\/svg><span class=\"elementor-screen-only\">Tidligere<\/span><\/span><span class=\"elementor-post-navigation__link__prev\"><span class=\"post-navigation__prev--label\">Tidligere<\/span><span class=\"post-navigation__prev--title\">K\u00f8reafstande mellem Villa perla og de smukkeste middelalderlandsbyer eller borgo&#8217;er i Piemonte<\/span><\/span><\/a>\t\t\t<\/div>\n\t\t\t\t\t\t\t<div class=\"elementor-post-navigation__separator-wrapper\">\n\t\t\t\t\t<div class=\"elementor-post-navigation__separator\"><\/div>\n\t\t\t\t<\/div>\n\t\t\t\t\t\t<div class=\"elementor-post-navigation__next elementor-post-navigation__link\">\n\t\t\t\t<a href=\"https:\/\/villa-perla.it\/da\/ev-charging-stations-close-by-villa-perla-in-piemonte-asti-area\/\" rel=\"next\"><span class=\"elementor-post-navigation__link__next\"><span class=\"post-navigation__next--label\">N\u00e6ste<\/span><span class=\"post-navigation__next--title\">EV Charging Stations close by Villa Perla in Piemonte &#8211; Asti Area<\/span><\/span><span class=\"post-navigation__arrow-wrapper post-navigation__arrow-next\"><svg aria-hidden=\"true\" class=\"e-font-icon-svg e-fas-angle-right\" viewBox=\"0 0 256 512\" xmlns=\"http:\/\/www.w3.org\/2000\/svg\"><path d=\"M224.3 273l-136 136c-9.4 9.4-24.6 9.4-33.9 0l-22.6-22.6c-9.4-9.4-9.4-24.6 0-33.9l96.4-96.4-96.4-96.4c-9.4-9.4-9.4-24.6 0-33.9L54.3 103c9.4-9.4 24.6-9.4 33.9 0l136 136c9.5 9.4 9.5 24.6.1 34z\"><\/path><\/svg><span class=\"elementor-screen-only\">N\u00e6ste<\/span><\/span><\/a>\t\t\t<\/div>\n\t\t<\/div>\n\t\t\t\t\t\t<\/div>\n\t\t\t\t<\/div>\n\t\t\t\t\t<\/div>\n\t\t<\/div>\n\t\t\t\t\t<\/div>\n\t\t<\/section>\n\t\t\t\t<section class=\"elementor-section elementor-top-section elementor-element elementor-element-7450063 elementor-section-boxed elementor-section-height-default elementor-section-height-default\" data-id=\"7450063\" data-element_type=\"section\" data-e-type=\"section\" data-settings=\"{&quot;jet_parallax_layout_list&quot;:[]}\">\n\t\t\t\t\t\t<div class=\"elementor-container elementor-column-gap-default\">\n\t\t\t\t\t<div class=\"elementor-column elementor-col-100 elementor-top-column elementor-element elementor-element-9bec65b\" data-id=\"9bec65b\" data-element_type=\"column\" data-e-type=\"column\">\n\t\t\t<div class=\"elementor-widget-wrap elementor-element-populated\">\n\t\t\t\t\t\t<div class=\"elementor-element elementor-element-8334a57 elementor-widget-divider--view-line_icon elementor-view-default elementor-widget-divider--element-align-center elementor-widget elementor-widget-divider\" data-id=\"8334a57\" data-element_type=\"widget\" data-e-type=\"widget\" data-widget_type=\"divider.default\">\n\t\t\t\t<div class=\"elementor-widget-container\">\n\t\t\t\t\t\t\t<div class=\"elementor-divider\">\n\t\t\t<span class=\"elementor-divider-separator\">\n\t\t\t\t\t\t\t<div class=\"elementor-icon elementor-divider__element\">\n\t\t\t\t\t<\/div>\n\t\t\t\t\t\t<\/span>\n\t\t<\/div>\n\t\t\t\t\t\t<\/div>\n\t\t\t\t<\/div>\n\t\t\t\t\t<\/div>\n\t\t<\/div>\n\t\t\t\t\t<\/div>\n\t\t<\/section>\n\t\t\t\t<\/div>\n\t\t","protected":false},"excerpt":{"rendered":"<p>Vi h\u00e5ber, du har haft en dejlig jul og nyt\u00e5r! Vi tilbragte ferien med familie og venner i Piemonte, gik p\u00e5 opdagelse i omr\u00e5det og bes\u00f8gte et par skiomr\u00e5der i n\u00e6rheden. <\/p>\n","protected":false},"author":5,"featured_media":16444,"comment_status":"closed","ping_status":"closed","sticky":false,"template":"elementor_header_footer","format":"standard","meta":{"_angie_page":false,"page_builder":"","footnotes":""},"categories":[258],"tags":[],"class_list":["post-16443","post","type-post","status-publish","format-standard","has-post-thumbnail","hentry","category-villa-perla"],"yoast_head":"<!-- This site is optimized with the Yoast SEO plugin v27.4 - https:\/\/yoast.com\/product\/yoast-seo-wordpress\/ -->\n<title>Vi \u00f8nsker dig et godt nyt \u00e5r! - Villa Perla | Langhe - Monferrato<\/title>\n<meta name=\"description\" content=\"Vi h\u00e5ber, du har haft en dejlig jul og nyt\u00e5r! Vi tilbragte ferien med familie og venner i Piemonte, gik p\u00e5 opdagelse i omr\u00e5det og bes\u00f8gte et par skiomr\u00e5der i n\u00e6rheden.\" \/>\n<meta name=\"robots\" content=\"index, follow, max-snippet:-1, max-image-preview:large, max-video-preview:-1\" \/>\n<link rel=\"canonical\" href=\"https:\/\/villa-perla.it\/da\/vi-oensker-dig-et-godt-nyt-aar\/\" \/>\n<meta property=\"og:locale\" content=\"da_DK\" \/>\n<meta property=\"og:type\" content=\"article\" \/>\n<meta property=\"og:title\" content=\"Vi \u00f8nsker dig et godt nyt \u00e5r! - Villa Perla | Langhe - Monferrato\" \/>\n<meta property=\"og:description\" content=\"Vi h\u00e5ber, du har haft en dejlig jul og nyt\u00e5r! Vi tilbragte ferien med familie og venner i Piemonte, gik p\u00e5 opdagelse i omr\u00e5det og bes\u00f8gte et par skiomr\u00e5der i n\u00e6rheden.\" \/>\n<meta property=\"og:url\" content=\"https:\/\/villa-perla.it\/da\/vi-oensker-dig-et-godt-nyt-aar\/\" \/>\n<meta property=\"og:site_name\" content=\"Villa Perla | Langhe - Monferrato\" \/>\n<meta property=\"article:publisher\" content=\"https:\/\/www.facebook.com\/villaperla.piemonte\" \/>\n<meta property=\"article:published_time\" content=\"2023-01-16T13:20:27+00:00\" \/>\n<meta property=\"article:modified_time\" content=\"2024-12-12T18:52:01+00:00\" \/>\n<meta property=\"og:image\" content=\"https:\/\/villa-perla.it\/wp-content\/uploads\/2023\/01\/villa-perla-piemonte-blogpost-003-1.jpg\" \/>\n\t<meta property=\"og:image:width\" content=\"2000\" \/>\n\t<meta property=\"og:image:height\" content=\"1125\" \/>\n\t<meta property=\"og:image:type\" content=\"image\/jpeg\" \/>\n<meta name=\"author\" content=\"Benny\" \/>\n<meta name=\"twitter:card\" content=\"summary_large_image\" \/>\n<meta name=\"twitter:label1\" content=\"Skrevet af\" \/>\n\t<meta name=\"twitter:data1\" content=\"Benny\" \/>\n\t<meta name=\"twitter:label2\" content=\"Estimeret l\u00e6setid\" \/>\n\t<meta name=\"twitter:data2\" content=\"2 minutter\" \/>\n<script type=\"application\/ld+json\" class=\"yoast-schema-graph\">{\"@context\":\"https:\\\/\\\/schema.org\",\"@graph\":[{\"@type\":\"Article\",\"@id\":\"https:\\\/\\\/villa-perla.it\\\/da\\\/vi-oensker-dig-et-godt-nyt-aar\\\/#article\",\"isPartOf\":{\"@id\":\"https:\\\/\\\/villa-perla.it\\\/da\\\/vi-oensker-dig-et-godt-nyt-aar\\\/\"},\"author\":{\"name\":\"Benny\",\"@id\":\"https:\\\/\\\/villa-perla.it\\\/da\\\/#\\\/schema\\\/person\\\/50b32b6cf17bc1cd8759ed65996c029a\"},\"headline\":\"Vi \u00f8nsker dig et godt nyt \u00e5r!\",\"datePublished\":\"2023-01-16T13:20:27+00:00\",\"dateModified\":\"2024-12-12T18:52:01+00:00\",\"mainEntityOfPage\":{\"@id\":\"https:\\\/\\\/villa-perla.it\\\/da\\\/vi-oensker-dig-et-godt-nyt-aar\\\/\"},\"wordCount\":409,\"publisher\":{\"@id\":\"https:\\\/\\\/villa-perla.it\\\/da\\\/#organization\"},\"image\":{\"@id\":\"https:\\\/\\\/villa-perla.it\\\/da\\\/vi-oensker-dig-et-godt-nyt-aar\\\/#primaryimage\"},\"thumbnailUrl\":\"https:\\\/\\\/villa-perla.it\\\/wp-content\\\/uploads\\\/2023\\\/01\\\/villa-perla-piemonte-blogpost-003-1.webp\",\"articleSection\":[\"Villa Perla\"],\"inLanguage\":\"da-DK\"},{\"@type\":\"WebPage\",\"@id\":\"https:\\\/\\\/villa-perla.it\\\/da\\\/vi-oensker-dig-et-godt-nyt-aar\\\/\",\"url\":\"https:\\\/\\\/villa-perla.it\\\/da\\\/vi-oensker-dig-et-godt-nyt-aar\\\/\",\"name\":\"Vi \u00f8nsker dig et godt nyt \u00e5r! - Villa Perla | Langhe - Monferrato\",\"isPartOf\":{\"@id\":\"https:\\\/\\\/villa-perla.it\\\/da\\\/#website\"},\"primaryImageOfPage\":{\"@id\":\"https:\\\/\\\/villa-perla.it\\\/da\\\/vi-oensker-dig-et-godt-nyt-aar\\\/#primaryimage\"},\"image\":{\"@id\":\"https:\\\/\\\/villa-perla.it\\\/da\\\/vi-oensker-dig-et-godt-nyt-aar\\\/#primaryimage\"},\"thumbnailUrl\":\"https:\\\/\\\/villa-perla.it\\\/wp-content\\\/uploads\\\/2023\\\/01\\\/villa-perla-piemonte-blogpost-003-1.webp\",\"datePublished\":\"2023-01-16T13:20:27+00:00\",\"dateModified\":\"2024-12-12T18:52:01+00:00\",\"description\":\"Vi h\u00e5ber, du har haft en dejlig jul og nyt\u00e5r! Vi tilbragte ferien med familie og venner i Piemonte, gik p\u00e5 opdagelse i omr\u00e5det og bes\u00f8gte et par skiomr\u00e5der i n\u00e6rheden.\",\"breadcrumb\":{\"@id\":\"https:\\\/\\\/villa-perla.it\\\/da\\\/vi-oensker-dig-et-godt-nyt-aar\\\/#breadcrumb\"},\"inLanguage\":\"da-DK\",\"potentialAction\":[{\"@type\":\"ReadAction\",\"target\":[\"https:\\\/\\\/villa-perla.it\\\/da\\\/vi-oensker-dig-et-godt-nyt-aar\\\/\"]}]},{\"@type\":\"ImageObject\",\"inLanguage\":\"da-DK\",\"@id\":\"https:\\\/\\\/villa-perla.it\\\/da\\\/vi-oensker-dig-et-godt-nyt-aar\\\/#primaryimage\",\"url\":\"https:\\\/\\\/villa-perla.it\\\/wp-content\\\/uploads\\\/2023\\\/01\\\/villa-perla-piemonte-blogpost-003-1.webp\",\"contentUrl\":\"https:\\\/\\\/villa-perla.it\\\/wp-content\\\/uploads\\\/2023\\\/01\\\/villa-perla-piemonte-blogpost-003-1.webp\",\"width\":2000,\"height\":1125},{\"@type\":\"BreadcrumbList\",\"@id\":\"https:\\\/\\\/villa-perla.it\\\/da\\\/vi-oensker-dig-et-godt-nyt-aar\\\/#breadcrumb\",\"itemListElement\":[{\"@type\":\"ListItem\",\"position\":1,\"name\":\"Home\",\"item\":\"https:\\\/\\\/villa-perla.it\\\/da\\\/\"},{\"@type\":\"ListItem\",\"position\":2,\"name\":\"Vi \u00f8nsker dig et godt nyt \u00e5r!\"}]},{\"@type\":\"WebSite\",\"@id\":\"https:\\\/\\\/villa-perla.it\\\/da\\\/#website\",\"url\":\"https:\\\/\\\/villa-perla.it\\\/da\\\/\",\"name\":\"Villa Perla | Langhe - Monferrato\",\"description\":\"Your private holiday house in Piemonte\",\"publisher\":{\"@id\":\"https:\\\/\\\/villa-perla.it\\\/da\\\/#organization\"},\"alternateName\":\"Villa Perla |\",\"potentialAction\":[{\"@type\":\"SearchAction\",\"target\":{\"@type\":\"EntryPoint\",\"urlTemplate\":\"https:\\\/\\\/villa-perla.it\\\/da\\\/?s={search_term_string}\"},\"query-input\":{\"@type\":\"PropertyValueSpecification\",\"valueRequired\":true,\"valueName\":\"search_term_string\"}}],\"inLanguage\":\"da-DK\"},{\"@type\":\"Organization\",\"@id\":\"https:\\\/\\\/villa-perla.it\\\/da\\\/#organization\",\"name\":\"Villa Perla Piemonte\",\"alternateName\":\"Villa Perla Piemonte\",\"url\":\"https:\\\/\\\/villa-perla.it\\\/da\\\/\",\"logo\":{\"@type\":\"ImageObject\",\"inLanguage\":\"da-DK\",\"@id\":\"https:\\\/\\\/villa-perla.it\\\/da\\\/#\\\/schema\\\/logo\\\/image\\\/\",\"url\":\"https:\\\/\\\/villa-perla.it\\\/wp-content\\\/uploads\\\/2021\\\/11\\\/villa-perla-piemone-logo-transparant-400-x-100-px.svg\",\"contentUrl\":\"https:\\\/\\\/villa-perla.it\\\/wp-content\\\/uploads\\\/2021\\\/11\\\/villa-perla-piemone-logo-transparant-400-x-100-px.svg\",\"caption\":\"Villa Perla Piemonte\"},\"image\":{\"@id\":\"https:\\\/\\\/villa-perla.it\\\/da\\\/#\\\/schema\\\/logo\\\/image\\\/\"},\"sameAs\":[\"https:\\\/\\\/www.facebook.com\\\/villaperla.piemonte\",\"https:\\\/\\\/www.instagram.com\\\/villaperla_piemonte\"]},{\"@type\":\"Person\",\"@id\":\"https:\\\/\\\/villa-perla.it\\\/da\\\/#\\\/schema\\\/person\\\/50b32b6cf17bc1cd8759ed65996c029a\",\"name\":\"Benny\",\"image\":{\"@type\":\"ImageObject\",\"inLanguage\":\"da-DK\",\"@id\":\"https:\\\/\\\/secure.gravatar.com\\\/avatar\\\/8bf9ac5b4d9ade86173c485647bdda279bf9bdd5088a0fdc4cefeb2f82d5588c?s=96&d=mm&r=g\",\"url\":\"https:\\\/\\\/secure.gravatar.com\\\/avatar\\\/8bf9ac5b4d9ade86173c485647bdda279bf9bdd5088a0fdc4cefeb2f82d5588c?s=96&d=mm&r=g\",\"contentUrl\":\"https:\\\/\\\/secure.gravatar.com\\\/avatar\\\/8bf9ac5b4d9ade86173c485647bdda279bf9bdd5088a0fdc4cefeb2f82d5588c?s=96&d=mm&r=g\",\"caption\":\"Benny\"},\"url\":\"https:\\\/\\\/villa-perla.it\\\/da\\\/author\\\/benny\\\/\"}]}<\/script>\n<!-- \/ Yoast SEO plugin. -->","yoast_head_json":{"title":"Vi \u00f8nsker dig et godt nyt \u00e5r! - Villa Perla | Langhe - Monferrato","description":"Vi h\u00e5ber, du har haft en dejlig jul og nyt\u00e5r! Vi tilbragte ferien med familie og venner i Piemonte, gik p\u00e5 opdagelse i omr\u00e5det og bes\u00f8gte et par skiomr\u00e5der i n\u00e6rheden.","robots":{"index":"index","follow":"follow","max-snippet":"max-snippet:-1","max-image-preview":"max-image-preview:large","max-video-preview":"max-video-preview:-1"},"canonical":"https:\/\/villa-perla.it\/da\/vi-oensker-dig-et-godt-nyt-aar\/","og_locale":"da_DK","og_type":"article","og_title":"Vi \u00f8nsker dig et godt nyt \u00e5r! - Villa Perla | Langhe - Monferrato","og_description":"Vi h\u00e5ber, du har haft en dejlig jul og nyt\u00e5r! Vi tilbragte ferien med familie og venner i Piemonte, gik p\u00e5 opdagelse i omr\u00e5det og bes\u00f8gte et par skiomr\u00e5der i n\u00e6rheden.","og_url":"https:\/\/villa-perla.it\/da\/vi-oensker-dig-et-godt-nyt-aar\/","og_site_name":"Villa Perla | Langhe - Monferrato","article_publisher":"https:\/\/www.facebook.com\/villaperla.piemonte","article_published_time":"2023-01-16T13:20:27+00:00","article_modified_time":"2024-12-12T18:52:01+00:00","og_image":[{"width":2000,"height":1125,"url":"https:\/\/villa-perla.it\/wp-content\/uploads\/2023\/01\/villa-perla-piemonte-blogpost-003-1.jpg","type":"image\/jpeg"}],"author":"Benny","twitter_card":"summary_large_image","twitter_misc":{"Skrevet af":"Benny","Estimeret l\u00e6setid":"2 minutter"},"schema":{"@context":"https:\/\/schema.org","@graph":[{"@type":"Article","@id":"https:\/\/villa-perla.it\/da\/vi-oensker-dig-et-godt-nyt-aar\/#article","isPartOf":{"@id":"https:\/\/villa-perla.it\/da\/vi-oensker-dig-et-godt-nyt-aar\/"},"author":{"name":"Benny","@id":"https:\/\/villa-perla.it\/da\/#\/schema\/person\/50b32b6cf17bc1cd8759ed65996c029a"},"headline":"Vi \u00f8nsker dig et godt nyt \u00e5r!","datePublished":"2023-01-16T13:20:27+00:00","dateModified":"2024-12-12T18:52:01+00:00","mainEntityOfPage":{"@id":"https:\/\/villa-perla.it\/da\/vi-oensker-dig-et-godt-nyt-aar\/"},"wordCount":409,"publisher":{"@id":"https:\/\/villa-perla.it\/da\/#organization"},"image":{"@id":"https:\/\/villa-perla.it\/da\/vi-oensker-dig-et-godt-nyt-aar\/#primaryimage"},"thumbnailUrl":"https:\/\/villa-perla.it\/wp-content\/uploads\/2023\/01\/villa-perla-piemonte-blogpost-003-1.webp","articleSection":["Villa Perla"],"inLanguage":"da-DK"},{"@type":"WebPage","@id":"https:\/\/villa-perla.it\/da\/vi-oensker-dig-et-godt-nyt-aar\/","url":"https:\/\/villa-perla.it\/da\/vi-oensker-dig-et-godt-nyt-aar\/","name":"Vi \u00f8nsker dig et godt nyt \u00e5r! - Villa Perla | Langhe - Monferrato","isPartOf":{"@id":"https:\/\/villa-perla.it\/da\/#website"},"primaryImageOfPage":{"@id":"https:\/\/villa-perla.it\/da\/vi-oensker-dig-et-godt-nyt-aar\/#primaryimage"},"image":{"@id":"https:\/\/villa-perla.it\/da\/vi-oensker-dig-et-godt-nyt-aar\/#primaryimage"},"thumbnailUrl":"https:\/\/villa-perla.it\/wp-content\/uploads\/2023\/01\/villa-perla-piemonte-blogpost-003-1.webp","datePublished":"2023-01-16T13:20:27+00:00","dateModified":"2024-12-12T18:52:01+00:00","description":"Vi h\u00e5ber, du har haft en dejlig jul og nyt\u00e5r! Vi tilbragte ferien med familie og venner i Piemonte, gik p\u00e5 opdagelse i omr\u00e5det og bes\u00f8gte et par skiomr\u00e5der i n\u00e6rheden.","breadcrumb":{"@id":"https:\/\/villa-perla.it\/da\/vi-oensker-dig-et-godt-nyt-aar\/#breadcrumb"},"inLanguage":"da-DK","potentialAction":[{"@type":"ReadAction","target":["https:\/\/villa-perla.it\/da\/vi-oensker-dig-et-godt-nyt-aar\/"]}]},{"@type":"ImageObject","inLanguage":"da-DK","@id":"https:\/\/villa-perla.it\/da\/vi-oensker-dig-et-godt-nyt-aar\/#primaryimage","url":"https:\/\/villa-perla.it\/wp-content\/uploads\/2023\/01\/villa-perla-piemonte-blogpost-003-1.webp","contentUrl":"https:\/\/villa-perla.it\/wp-content\/uploads\/2023\/01\/villa-perla-piemonte-blogpost-003-1.webp","width":2000,"height":1125},{"@type":"BreadcrumbList","@id":"https:\/\/villa-perla.it\/da\/vi-oensker-dig-et-godt-nyt-aar\/#breadcrumb","itemListElement":[{"@type":"ListItem","position":1,"name":"Home","item":"https:\/\/villa-perla.it\/da\/"},{"@type":"ListItem","position":2,"name":"Vi \u00f8nsker dig et godt nyt \u00e5r!"}]},{"@type":"WebSite","@id":"https:\/\/villa-perla.it\/da\/#website","url":"https:\/\/villa-perla.it\/da\/","name":"Villa Perla | Langhe - Monferrato","description":"Your private holiday house in Piemonte","publisher":{"@id":"https:\/\/villa-perla.it\/da\/#organization"},"alternateName":"Villa Perla |","potentialAction":[{"@type":"SearchAction","target":{"@type":"EntryPoint","urlTemplate":"https:\/\/villa-perla.it\/da\/?s={search_term_string}"},"query-input":{"@type":"PropertyValueSpecification","valueRequired":true,"valueName":"search_term_string"}}],"inLanguage":"da-DK"},{"@type":"Organization","@id":"https:\/\/villa-perla.it\/da\/#organization","name":"Villa Perla Piemonte","alternateName":"Villa Perla Piemonte","url":"https:\/\/villa-perla.it\/da\/","logo":{"@type":"ImageObject","inLanguage":"da-DK","@id":"https:\/\/villa-perla.it\/da\/#\/schema\/logo\/image\/","url":"https:\/\/villa-perla.it\/wp-content\/uploads\/2021\/11\/villa-perla-piemone-logo-transparant-400-x-100-px.svg","contentUrl":"https:\/\/villa-perla.it\/wp-content\/uploads\/2021\/11\/villa-perla-piemone-logo-transparant-400-x-100-px.svg","caption":"Villa Perla Piemonte"},"image":{"@id":"https:\/\/villa-perla.it\/da\/#\/schema\/logo\/image\/"},"sameAs":["https:\/\/www.facebook.com\/villaperla.piemonte","https:\/\/www.instagram.com\/villaperla_piemonte"]},{"@type":"Person","@id":"https:\/\/villa-perla.it\/da\/#\/schema\/person\/50b32b6cf17bc1cd8759ed65996c029a","name":"Benny","image":{"@type":"ImageObject","inLanguage":"da-DK","@id":"https:\/\/secure.gravatar.com\/avatar\/8bf9ac5b4d9ade86173c485647bdda279bf9bdd5088a0fdc4cefeb2f82d5588c?s=96&d=mm&r=g","url":"https:\/\/secure.gravatar.com\/avatar\/8bf9ac5b4d9ade86173c485647bdda279bf9bdd5088a0fdc4cefeb2f82d5588c?s=96&d=mm&r=g","contentUrl":"https:\/\/secure.gravatar.com\/avatar\/8bf9ac5b4d9ade86173c485647bdda279bf9bdd5088a0fdc4cefeb2f82d5588c?s=96&d=mm&r=g","caption":"Benny"},"url":"https:\/\/villa-perla.it\/da\/author\/benny\/"}]}},"_links":{"self":[{"href":"https:\/\/villa-perla.it\/da\/wp-json\/wp\/v2\/posts\/16443","targetHints":{"allow":["GET"]}}],"collection":[{"href":"https:\/\/villa-perla.it\/da\/wp-json\/wp\/v2\/posts"}],"about":[{"href":"https:\/\/villa-perla.it\/da\/wp-json\/wp\/v2\/types\/post"}],"author":[{"embeddable":true,"href":"https:\/\/villa-perla.it\/da\/wp-json\/wp\/v2\/users\/5"}],"replies":[{"embeddable":true,"href":"https:\/\/villa-perla.it\/da\/wp-json\/wp\/v2\/comments?post=16443"}],"version-history":[{"count":0,"href":"https:\/\/villa-perla.it\/da\/wp-json\/wp\/v2\/posts\/16443\/revisions"}],"wp:featuredmedia":[{"embeddable":true,"href":"https:\/\/villa-perla.it\/da\/wp-json\/wp\/v2\/media\/16444"}],"wp:attachment":[{"href":"https:\/\/villa-perla.it\/da\/wp-json\/wp\/v2\/media?parent=16443"}],"wp:term":[{"taxonomy":"category","embeddable":true,"href":"https:\/\/villa-perla.it\/da\/wp-json\/wp\/v2\/categories?post=16443"},{"taxonomy":"post_tag","embeddable":true,"href":"https:\/\/villa-perla.it\/da\/wp-json\/wp\/v2\/tags?post=16443"}],"curies":[{"name":"wp","href":"https:\/\/api.w.org\/{rel}","templated":true}]}}