{"id":16425,"date":"2023-11-02T09:49:10","date_gmt":"2023-11-02T08:49:10","guid":{"rendered":"https:\/\/villa-perla.it\/vintertid-i-villa-perla-piemonte\/"},"modified":"2024-12-12T19:48:31","modified_gmt":"2024-12-12T18:48:31","slug":"vintertid-i-villa-perla-piemonte","status":"publish","type":"post","link":"https:\/\/villa-perla.it\/da\/vintertid-i-villa-perla-piemonte\/","title":{"rendered":"Vintertid i Villa Perla Piemonte"},"content":{"rendered":"\t\t<div data-elementor-type=\"wp-post\" data-elementor-id=\"16425\" class=\"elementor elementor-16425 elementor-11926\" data-elementor-post-type=\"post\">\n\t\t\t\t\t\t<section class=\"elementor-section elementor-top-section elementor-element elementor-element-2c22f9bc elementor-section-height-min-height elementor-section-content-middle elementor-section-boxed elementor-section-height-default elementor-section-items-middle\" data-id=\"2c22f9bc\" data-element_type=\"section\" data-e-type=\"section\" data-settings=\"{&quot;background_background&quot;:&quot;classic&quot;,&quot;jet_parallax_layout_list&quot;:[{&quot;_id&quot;:&quot;b571a24&quot;,&quot;jet_parallax_layout_image&quot;:{&quot;url&quot;:&quot;&quot;,&quot;id&quot;:&quot;&quot;,&quot;size&quot;:&quot;&quot;},&quot;jet_parallax_layout_image_tablet&quot;:{&quot;url&quot;:&quot;&quot;,&quot;id&quot;:&quot;&quot;,&quot;size&quot;:&quot;&quot;},&quot;jet_parallax_layout_image_mobile&quot;:{&quot;url&quot;:&quot;&quot;,&quot;id&quot;:&quot;&quot;,&quot;size&quot;:&quot;&quot;},&quot;jet_parallax_layout_speed&quot;:{&quot;unit&quot;:&quot;%&quot;,&quot;size&quot;:50,&quot;sizes&quot;:[]},&quot;jet_parallax_layout_type&quot;:&quot;scroll&quot;,&quot;jet_parallax_layout_direction&quot;:&quot;1&quot;,&quot;jet_parallax_layout_fx_direction&quot;:null,&quot;jet_parallax_layout_z_index&quot;:&quot;&quot;,&quot;jet_parallax_layout_bg_x&quot;:50,&quot;jet_parallax_layout_bg_x_tablet&quot;:&quot;&quot;,&quot;jet_parallax_layout_bg_x_mobile&quot;:&quot;&quot;,&quot;jet_parallax_layout_bg_y&quot;:50,&quot;jet_parallax_layout_bg_y_tablet&quot;:&quot;&quot;,&quot;jet_parallax_layout_bg_y_mobile&quot;:&quot;&quot;,&quot;jet_parallax_layout_bg_size&quot;:&quot;auto&quot;,&quot;jet_parallax_layout_bg_size_tablet&quot;:&quot;&quot;,&quot;jet_parallax_layout_bg_size_mobile&quot;:&quot;&quot;,&quot;jet_parallax_layout_animation_prop&quot;:&quot;transform&quot;,&quot;jet_parallax_layout_on&quot;:[&quot;desktop&quot;,&quot;tablet&quot;]}]}\">\n\t\t\t\t\t\t\t<div class=\"elementor-background-overlay\"><\/div>\n\t\t\t\t\t\t\t<div class=\"elementor-container elementor-column-gap-no\">\n\t\t\t\t\t<div class=\"elementor-column elementor-col-100 elementor-top-column elementor-element elementor-element-1014da85\" data-id=\"1014da85\" data-element_type=\"column\" data-e-type=\"column\">\n\t\t\t<div class=\"elementor-widget-wrap elementor-element-populated\">\n\t\t\t\t\t\t<div class=\"elementor-element elementor-element-01b8186 elementor-widget elementor-widget-text-editor\" data-id=\"01b8186\" data-element_type=\"widget\" data-e-type=\"widget\" data-widget_type=\"text-editor.default\">\n\t\t\t\t<div class=\"elementor-widget-container\">\n\t\t\t\t\t\t\t\t\t<p>Hvorfor vil du ikke gerne holde jul herovre?<\/p>\n\t\t\t\t\t\t\t\t<\/div>\n\t\t\t\t<\/div>\n\t\t\t\t<div class=\"elementor-element elementor-element-87f645e elementor-widget elementor-widget-heading\" data-id=\"87f645e\" data-element_type=\"widget\" data-e-type=\"widget\" data-widget_type=\"heading.default\">\n\t\t\t\t<div class=\"elementor-widget-container\">\n\t\t\t\t\t<h2 class=\"elementor-heading-title elementor-size-default\">Vintertid i Villa Perla Piemonte<\/h2>\t\t\t\t<\/div>\n\t\t\t\t<\/div>\n\t\t\t\t<div class=\"elementor-element elementor-element-d65b604 elementor-align-center elementor-widget elementor-widget-post-info\" data-id=\"d65b604\" data-element_type=\"widget\" data-e-type=\"widget\" data-widget_type=\"post-info.default\">\n\t\t\t\t<div class=\"elementor-widget-container\">\n\t\t\t\t\t\t\t<ul class=\"elementor-inline-items elementor-icon-list-items elementor-post-info\">\n\t\t\t\t\t\t\t\t<li class=\"elementor-icon-list-item elementor-repeater-item-618fd2e elementor-inline-item\" itemprop=\"datePublished\">\n\t\t\t\t\t\t<a href=\"https:\/\/villa-perla.it\/da\/2023\/11\/02\/\">\n\t\t\t\t\t\t\t\t\t\t\t<span class=\"elementor-icon-list-icon\">\n\t\t\t\t\t\t\t\t<svg aria-hidden=\"true\" class=\"e-font-icon-svg e-fas-calendar\" viewBox=\"0 0 448 512\" xmlns=\"http:\/\/www.w3.org\/2000\/svg\"><path d=\"M12 192h424c6.6 0 12 5.4 12 12v260c0 26.5-21.5 48-48 48H48c-26.5 0-48-21.5-48-48V204c0-6.6 5.4-12 12-12zm436-44v-36c0-26.5-21.5-48-48-48h-48V12c0-6.6-5.4-12-12-12h-40c-6.6 0-12 5.4-12 12v52H160V12c0-6.6-5.4-12-12-12h-40c-6.6 0-12 5.4-12 12v52H48C21.5 64 0 85.5 0 112v36c0 6.6 5.4 12 12 12h424c6.6 0 12-5.4 12-12z\"><\/path><\/svg>\t\t\t\t\t\t\t<\/span>\n\t\t\t\t\t\t\t\t\t<span class=\"elementor-icon-list-text elementor-post-info__item elementor-post-info__item--type-date\">\n\t\t\t\t\t\t\t\t\t\t<time>02\/11\/2023<\/time>\t\t\t\t\t<\/span>\n\t\t\t\t\t\t\t\t\t<\/a>\n\t\t\t\t<\/li>\n\t\t\t\t<\/ul>\n\t\t\t\t\t\t<\/div>\n\t\t\t\t<\/div>\n\t\t\t\t\t<\/div>\n\t\t<\/div>\n\t\t\t\t\t<\/div>\n\t\t<\/section>\n\t\t\t\t<section class=\"elementor-section elementor-top-section elementor-element elementor-element-5216b95a elementor-section-boxed elementor-section-height-default elementor-section-height-default\" data-id=\"5216b95a\" data-element_type=\"section\" data-e-type=\"section\" data-settings=\"{&quot;jet_parallax_layout_list&quot;:[{&quot;_id&quot;:&quot;8b0c4e9&quot;,&quot;jet_parallax_layout_image&quot;:{&quot;url&quot;:&quot;&quot;,&quot;id&quot;:&quot;&quot;,&quot;size&quot;:&quot;&quot;},&quot;jet_parallax_layout_image_tablet&quot;:{&quot;url&quot;:&quot;&quot;,&quot;id&quot;:&quot;&quot;,&quot;size&quot;:&quot;&quot;},&quot;jet_parallax_layout_image_mobile&quot;:{&quot;url&quot;:&quot;&quot;,&quot;id&quot;:&quot;&quot;,&quot;size&quot;:&quot;&quot;},&quot;jet_parallax_layout_speed&quot;:{&quot;unit&quot;:&quot;%&quot;,&quot;size&quot;:50,&quot;sizes&quot;:[]},&quot;jet_parallax_layout_type&quot;:&quot;scroll&quot;,&quot;jet_parallax_layout_direction&quot;:&quot;1&quot;,&quot;jet_parallax_layout_fx_direction&quot;:null,&quot;jet_parallax_layout_z_index&quot;:&quot;&quot;,&quot;jet_parallax_layout_bg_x&quot;:50,&quot;jet_parallax_layout_bg_x_tablet&quot;:&quot;&quot;,&quot;jet_parallax_layout_bg_x_mobile&quot;:&quot;&quot;,&quot;jet_parallax_layout_bg_y&quot;:50,&quot;jet_parallax_layout_bg_y_tablet&quot;:&quot;&quot;,&quot;jet_parallax_layout_bg_y_mobile&quot;:&quot;&quot;,&quot;jet_parallax_layout_bg_size&quot;:&quot;auto&quot;,&quot;jet_parallax_layout_bg_size_tablet&quot;:&quot;&quot;,&quot;jet_parallax_layout_bg_size_mobile&quot;:&quot;&quot;,&quot;jet_parallax_layout_animation_prop&quot;:&quot;transform&quot;,&quot;jet_parallax_layout_on&quot;:[&quot;desktop&quot;,&quot;tablet&quot;]}]}\">\n\t\t\t\t\t\t<div class=\"elementor-container elementor-column-gap-default\">\n\t\t\t\t\t<div class=\"elementor-column elementor-col-50 elementor-top-column elementor-element elementor-element-2f6181f4\" data-id=\"2f6181f4\" data-element_type=\"column\" data-e-type=\"column\">\n\t\t\t<div class=\"elementor-widget-wrap elementor-element-populated\">\n\t\t\t\t\t\t<div class=\"elementor-element elementor-element-591aa44 elementor-widget elementor-widget-heading\" data-id=\"591aa44\" data-element_type=\"widget\" data-e-type=\"widget\" data-widget_type=\"heading.default\">\n\t\t\t\t<div class=\"elementor-widget-container\">\n\t\t\t\t\t<h2 class=\"elementor-heading-title elementor-size-default\">Omr\u00e5det costigliole d'asti og dets fordele om vinteren<\/h2>\t\t\t\t<\/div>\n\t\t\t\t<\/div>\n\t\t\t\t<div class=\"elementor-element elementor-element-0008288 elementor-share-buttons--view-icon elementor-share-buttons--skin-minimal elementor-share-buttons--color-custom elementor-share-buttons--shape-square elementor-grid-0 elementor-widget elementor-widget-share-buttons\" data-id=\"0008288\" data-element_type=\"widget\" data-e-type=\"widget\" data-widget_type=\"share-buttons.default\">\n\t\t\t\t<div class=\"elementor-widget-container\">\n\t\t\t\t\t\t\t<div class=\"elementor-grid\" role=\"list\">\n\t\t\t\t\t\t\t\t<div class=\"elementor-grid-item\" role=\"listitem\">\n\t\t\t\t\t\t<div class=\"elementor-share-btn elementor-share-btn_whatsapp\" role=\"button\" tabindex=\"0\" aria-label=\"Del p\u00e5 whatsapp\">\n\t\t\t\t\t\t\t\t\t\t\t\t\t\t\t<span class=\"elementor-share-btn__icon\">\n\t\t\t\t\t\t\t\t<svg aria-hidden=\"true\" class=\"e-font-icon-svg e-fab-whatsapp\" viewBox=\"0 0 448 512\" xmlns=\"http:\/\/www.w3.org\/2000\/svg\"><path d=\"M380.9 97.1C339 55.1 283.2 32 223.9 32c-122.4 0-222 99.6-222 222 0 39.1 10.2 77.3 29.6 111L0 480l117.7-30.9c32.4 17.7 68.9 27 106.1 27h.1c122.3 0 224.1-99.6 224.1-222 0-59.3-25.2-115-67.1-157zm-157 341.6c-33.2 0-65.7-8.9-94-25.7l-6.7-4-69.8 18.3L72 359.2l-4.4-7c-18.5-29.4-28.2-63.3-28.2-98.2 0-101.7 82.8-184.5 184.6-184.5 49.3 0 95.6 19.2 130.4 54.1 34.8 34.9 56.2 81.2 56.1 130.5 0 101.8-84.9 184.6-186.6 184.6zm101.2-138.2c-5.5-2.8-32.8-16.2-37.9-18-5.1-1.9-8.8-2.8-12.5 2.8-3.7 5.6-14.3 18-17.6 21.8-3.2 3.7-6.5 4.2-12 1.4-32.6-16.3-54-29.1-75.5-66-5.7-9.8 5.7-9.1 16.3-30.3 1.8-3.7.9-6.9-.5-9.7-1.4-2.8-12.5-30.1-17.1-41.2-4.5-10.8-9.1-9.3-12.5-9.5-3.2-.2-6.9-.2-10.6-.2-3.7 0-9.7 1.4-14.8 6.9-5.1 5.6-19.4 19-19.4 46.3 0 27.3 19.9 53.7 22.6 57.4 2.8 3.7 39.1 59.7 94.8 83.8 35.2 15.2 49 16.5 66.6 13.9 10.7-1.6 32.8-13.4 37.4-26.4 4.6-13 4.6-24.1 3.2-26.4-1.3-2.5-5-3.9-10.5-6.6z\"><\/path><\/svg>\t\t\t\t\t\t\t<\/span>\n\t\t\t\t\t\t\t\t\t\t\t\t\t\t\t\t\t\t\t\t<\/div>\n\t\t\t\t\t<\/div>\n\t\t\t\t\t\t\t\t\t<div class=\"elementor-grid-item\" role=\"listitem\">\n\t\t\t\t\t\t<div class=\"elementor-share-btn elementor-share-btn_facebook\" role=\"button\" tabindex=\"0\" aria-label=\"Del p\u00e5 facebook\">\n\t\t\t\t\t\t\t\t\t\t\t\t\t\t\t<span class=\"elementor-share-btn__icon\">\n\t\t\t\t\t\t\t\t<svg aria-hidden=\"true\" class=\"e-font-icon-svg e-fab-facebook\" viewBox=\"0 0 512 512\" xmlns=\"http:\/\/www.w3.org\/2000\/svg\"><path d=\"M504 256C504 119 393 8 256 8S8 119 8 256c0 123.78 90.69 226.38 209.25 245V327.69h-63V256h63v-54.64c0-62.15 37-96.48 93.67-96.48 27.14 0 55.52 4.84 55.52 4.84v61h-31.28c-30.8 0-40.41 19.12-40.41 38.73V256h68.78l-11 71.69h-57.78V501C413.31 482.38 504 379.78 504 256z\"><\/path><\/svg>\t\t\t\t\t\t\t<\/span>\n\t\t\t\t\t\t\t\t\t\t\t\t\t\t\t\t\t\t\t\t<\/div>\n\t\t\t\t\t<\/div>\n\t\t\t\t\t\t\t\t\t<div class=\"elementor-grid-item\" role=\"listitem\">\n\t\t\t\t\t\t<div class=\"elementor-share-btn elementor-share-btn_linkedin\" role=\"button\" tabindex=\"0\" aria-label=\"Del p\u00e5 linkedin\">\n\t\t\t\t\t\t\t\t\t\t\t\t\t\t\t<span class=\"elementor-share-btn__icon\">\n\t\t\t\t\t\t\t\t<svg aria-hidden=\"true\" class=\"e-font-icon-svg e-fab-linkedin\" viewBox=\"0 0 448 512\" xmlns=\"http:\/\/www.w3.org\/2000\/svg\"><path d=\"M416 32H31.9C14.3 32 0 46.5 0 64.3v383.4C0 465.5 14.3 480 31.9 480H416c17.6 0 32-14.5 32-32.3V64.3c0-17.8-14.4-32.3-32-32.3zM135.4 416H69V202.2h66.5V416zm-33.2-243c-21.3 0-38.5-17.3-38.5-38.5S80.9 96 102.2 96c21.2 0 38.5 17.3 38.5 38.5 0 21.3-17.2 38.5-38.5 38.5zm282.1 243h-66.4V312c0-24.8-.5-56.7-34.5-56.7-34.6 0-39.9 27-39.9 54.9V416h-66.4V202.2h63.7v29.2h.9c8.9-16.8 30.6-34.5 62.9-34.5 67.2 0 79.7 44.3 79.7 101.9V416z\"><\/path><\/svg>\t\t\t\t\t\t\t<\/span>\n\t\t\t\t\t\t\t\t\t\t\t\t\t\t\t\t\t\t\t\t<\/div>\n\t\t\t\t\t<\/div>\n\t\t\t\t\t\t<\/div>\n\t\t\t\t\t\t<\/div>\n\t\t\t\t<\/div>\n\t\t\t\t<div class=\"elementor-element elementor-element-1bcaa596 elementor-widget elementor-widget-text-editor\" data-id=\"1bcaa596\" data-element_type=\"widget\" data-e-type=\"widget\" data-widget_type=\"text-editor.default\">\n\t\t\t\t<div class=\"elementor-widget-container\">\n\t\t\t\t\t\t\t\t\t<p>Piemonte er en smuk region i Italien, der er kendt for sine fantastiske landskaber, sin rige historie og sit l\u00e6kre k\u00f8kken. N\u00e6rheden til Alperne, de italienske s\u00f8er og havet er en stor bonus for vores bes\u00f8gende.   <\/p>\n<p>Hvis du bor i n\u00e6rheden af Villa Perla i Piemonte, har du ogs\u00e5 masser af aktiviteter og steder at udforske om vinteren! Vi lover, at det at fejre jul eller nyt\u00e5r med familie og\/eller venner bliver en god oplevelse for alle i dit selskab! <\/p>\n<p>Hvad synes du om vores egne foretrukne vinteraktiviteter?<\/p>\n<ol>\n<li><strong>St\u00e5 p\u00e5 ski en dag (med en del af) dit selskab i Monterosa eller under Matterhorn i Breuil-Cervinia (2 timers k\u00f8rsel).<\/strong>  N\u00e5r vejret er godt, kan du nemt planl\u00e6gge en tur med skil\u00f8bere og ikke-skil\u00f8bere og m\u00f8des til frokost p\u00e5 en af restauranterne i n\u00e6rheden af pisterne. Prato Nevoso er et mindre skiomr\u00e5de og ligger kun en time v\u00e6k og er meget familievenligt, men mindre snesikkert&#8230; Send os en besked, hvis du gerne vil vide, hvor du pr\u00e6cist skal v\u00e6re, s\u00e5 guider vi dig!  <\/li>\n<li><strong>Bes\u00f8g i Milano og\/eller Comos\u00f8en<\/strong> &#8211; ogs\u00e5 2 timers k\u00f8rsel,<\/li>\n<li><strong>Tr\u00f8ffeljagt:<\/strong> Piemonte er kendt for sine tr\u00f8fler, is\u00e6r den hvide tr\u00f8ffel. Overvej at deltage i en tr\u00f8ffeljagt med en af de lokale tr\u00f8ffelj\u00e6gere og deres hunde for at l\u00e6re om og opleve denne unikke kulinariske skat. Det er en aktivitet, du kan lave med hele familien, og det er et par dejlige timer ude i den friske luft! Du kan g\u00f8re det forskellige steder og v\u00e6lge mellem forskellige opskrifter.   <\/li>\n<li>Arranger din <strong>egen vintergrill under den overd\u00e6kkede terrasse<\/strong> og nyd udsigten over de sm\u00e5 landsbyer og de sned\u00e6kkede Appenin-bjerge foran haven.<br \/>\nDe<strong> 2 slagtere<\/strong> i byen Costigliole d&#8217;Asti tilbyder et godt udvalg af k\u00f8d og lokale friske r\u00e5varer.<br \/>\nDu kan ogs\u00e5 bestille din helt egen <strong>private kok<\/strong> til at tilberede regionens specialiteter og f\u00e5 en restaurantoplevelse uden at skulle forlade feriehuset!  <\/li>\n<li>Bes\u00f8g <strong>havet i middelalderlandsbyen Noli<\/strong> eller en af de andre byer ved den liguriske kyst for at f\u00e5 en frisk n\u00e6se p\u00e5 stranden med kun 1 times k\u00f8rsel.<\/li>\n<li>&#8230;<\/li>\n<\/ol>\n<div> <\/div>\n<p>Hele \u00e5ret rundt og ogs\u00e5 om vinteren:<\/p>\n<ol>\n<li><strong>Lej en privat kok: <\/strong>Der er flere private kokke og cateringfirmaer, som kommer til Villa Perla og s\u00f8rger for, at du kan nyde den perfekte madoplevelse, uden at du beh\u00f8ver at forlade stedet. Dette er perfekt for g\u00e6ster med sm\u00e5 b\u00f8rn, som har brug for at g\u00e5 lidt tidligere i seng, da mange restauranter f\u00f8rst \u00e5bner kl. 20.00&#8230; <\/li>\n<li><strong>Book en vinsmagning:<\/strong> Piemonte er kendt for sine vine i verdensklasse, is\u00e6r Barolo og Barbaresco er ber\u00f8mte ved navn. Bes\u00f8g de n\u00e6rliggende ving\u00e5rde og ving\u00e5rde for at smage nogle af de fineste vine i regionen som Barbera d&#8217;Asti Superiore, Moscato d&#8217;Asti, Spumante, Chardonnay, Dolcetto og mange andre. <strong><a href=\"https:\/\/villa-perla.it\/winetasting\/\" target=\"_blank\" rel=\"noopener\">Book en vinsmagning<\/a><\/strong> via vores naboer lige ved siden af, eller send os en whatsapp, s\u00e5 arrangerer vi det for dig! <\/li>\n<li><strong>Nyd en natursk\u00f8n k\u00f8retur og g\u00e5ture gennem vinmarkerne:<\/strong> Tag en pause og planl\u00e6g en k\u00f8retur gennem det maleriske landskab, is\u00e6r i Langhe- og Roero-regionerne. Du vil m\u00f8de smukke vinmarker, b\u00f8lgende bakker og charmerende landsbyer. <em>(L\u00e6s ogs\u00e5 vores artikler om dagsture) <\/em>P\u00e5 en klar <em> dag <\/em>skal du tage til <strong>Bricco Lu<\/strong>, et vartegn og udsigtspunkt, hvor du finder en <strong>stor b\u00e6nk<\/strong> og kan se hele Alpernes krone!   <\/li>\n<li><strong>Udforsk byerne Alba eller Asti:<\/strong> Alba er en charmerende by, der er kendt for sine tr\u00f8fler og sin vin og den verdensber\u00f8mte hvide tr\u00f8ffelmesse i november\/december. G\u00e5 en tur gennem det historiske centrum, bes\u00f8g Albas katedral, og nyd det lokale k\u00f8kken p\u00e5 de mange restauranter. Det samme g\u00e6lder <strong>Asti<\/strong>, som ogs\u00e5 kun ligger 20 minutter v\u00e6k. Der er altid noget at lave, og de lokale markeder er onsdag og l\u00f8rdag i Asti og l\u00f8rdag i Alba.   <\/li>\n<li><strong>Bes\u00f8g Torino<\/strong>: Torino ligger en time v\u00e6k fra Villa Perla og er hovedstaden i Piemonte. Torino byder p\u00e5 et v\u00e6ld af kulturelle og historiske attraktioner. Oplev de historiske kaffebarer, udforsk det <strong>kongelige palads i Torino, det egyptiske museum,<\/strong>&#8230; Glem ikke at k\u00f8be nogle l\u00e6kre chokoladegodter, for Torino er ogs\u00e5 kendt for sin chokoladeproduktion!   <\/li>\n<li><strong>Bes\u00f8g Milano: <\/strong>Milano ligger ca. 1,5 time i bil, og du har mange h\u00f8jdepunkter at v\u00e6lge imellem: Bes\u00f8g Duomo di Milano, bestil billetter til Leonardo da Vincis &#8220;Den sidste nadver&#8221;, bes\u00f8g f\u00e6stningen Sforza Castle eller Castello Sfozesco, der rummer flere museer og kunstsamlinger, bes\u00f8g Navigli-distriktet med de charmerende kanaler; ideelt til shopping, en aperitivo eller en middag.<\/li>\n<li><strong>Oplev de mange slotte og paladser:<\/strong> Piemonte er hjemsted for flere historiske slotte og paladser. Du kan bes\u00f8ge steder som Castello di Grinzane Cavour, Castello di Serralunga d&#8217;Alba og Palazzo Madama i Torino &#8230; eller bare slentre rundt om slottet i din lokale by Costigliole d&#8217;Asti, efter at du har handlet friske r\u00e5varer og f\u00e5et en drink i den lokale vinbar under slottet.   <\/li>\n<li><strong>Oplev de termiske bade:<\/strong> Slap af i de termiske bade og spa-resorts i regionen. Acqui Terme er kendt for sit helbredende vand og sine wellness-faciliteter. T\u00e6t p\u00e5 har du ogs\u00e5 Agliano Therme 20 minutters k\u00f8rsel v\u00e6k, hvor du kan finde forskellige muligheder.  <\/li>\n<li><strong>Smagning af ost:<\/strong> Piemonte er ogs\u00e5 meget ber\u00f8mt for sin produktion af friskost. Bes\u00f8g lokale ostemejerier, og pr\u00f8v regionale oste som Castelmagno og Toma. I Costigliole d&#8217;Asti har vi Caseficio <strong><a href=\"https:\/\/www.google.com\/maps\/place\/Caseificio+%E2%80%9CPepe+1924%E2%80%9D\/@44.7558974,8.1676363,13.02z\/data=!4m10!1m2!2m1!1sbeppe+costigliole+d'asti!3m6!1s0x47878c822bd1a40d:0x99958ab6e0edc508!8m2!3d44.7828293!4d8.1935673!15sChhiZXBwZSBjb3N0aWdsaW9sZSBkJ2FzdGmSARNjaGVlc2VfbWFudWZhY3R1cmVy4AEA!16s%2Fg%2F11c37zmtct?entry=ttu\" target=\"_blank\" rel=\"noopener\">&#8220;Pepe 1924&#8221;<\/a><\/strong> hvor du helt sikkert b\u00f8r g\u00f8re et stop og k\u00f8be deres ber\u00f8mte Burrata og andre friske kunstprodukter.    <\/li>\n<li><strong>Festivaler og begivenheder:<\/strong> Se vores andre blogartikler og opdag s\u00e6sonens begivenheder og festivaler.<\/li>\n<li><strong>Golf:<\/strong> Hvis du kan lide golf, kan du overveje at spille en runde p\u00e5 en af golfbanerne i regionen, f.eks. <strong>Royal Park Golf Club i Torino eller Cherasco Golf Club.<\/strong><\/li>\n<li><strong>Ridning p\u00e5 hesteryg: <\/strong>Der er mange forskellige muligheder i vinmarkerne eller i skovene i n\u00e6rheden, f.eks. i Mombercelli p\u00e5 <a href=\"https:\/\/www.facebook.com\/p\/LCM-Horses-FARM-100028835244909\/\" target=\"_blank\" rel=\"noopener\"><strong>LCM Horses g\u00e5rd<\/strong><\/a>! Vi havde en dejlig tur i skoven!<\/li>\n<\/ol>\n<div> <\/div>\n<p>Har du forslag, feedback eller sp\u00f8rgsm\u00e5l?<\/p>\n<p>Send os en whatsapp via hjemmesiden, eller send os en e-mail direkte via <a href=\"mailto:info@villa-perla.it\" rel=\"noopener\">info@villa-perla.it!<\/a><\/p>\n\t\t\t\t\t\t\t\t<\/div>\n\t\t\t\t<\/div>\n\t\t\t\t<div class=\"elementor-element elementor-element-5d00685 elementor-hidden-mobile elementor-post-navigation-borders-yes elementor-widget elementor-widget-post-navigation\" data-id=\"5d00685\" data-element_type=\"widget\" data-e-type=\"widget\" data-widget_type=\"post-navigation.default\">\n\t\t\t\t<div class=\"elementor-widget-container\">\n\t\t\t\t\t\t\t<div class=\"elementor-post-navigation\" role=\"navigation\" aria-label=\"Indl\u00e6g navigation\">\n\t\t\t<div class=\"elementor-post-navigation__prev elementor-post-navigation__link\">\n\t\t\t\t<a href=\"https:\/\/villa-perla.it\/da\/hvor-man-kan-shoppe-spise-en-god-pizza-en-dejlig-aperitivo-eller-hvilke-restauranter-man-skal-vaelge\/\" rel=\"prev\"><span class=\"post-navigation__arrow-wrapper post-navigation__arrow-prev\"><svg aria-hidden=\"true\" class=\"e-font-icon-svg e-fas-angle-left\" viewBox=\"0 0 256 512\" xmlns=\"http:\/\/www.w3.org\/2000\/svg\"><path d=\"M31.7 239l136-136c9.4-9.4 24.6-9.4 33.9 0l22.6 22.6c9.4 9.4 9.4 24.6 0 33.9L127.9 256l96.4 96.4c9.4 9.4 9.4 24.6 0 33.9L201.7 409c-9.4 9.4-24.6 9.4-33.9 0l-136-136c-9.5-9.4-9.5-24.6-.1-34z\"><\/path><\/svg><span class=\"elementor-screen-only\">Tidligere<\/span><\/span><span class=\"elementor-post-navigation__link__prev\"><span class=\"post-navigation__prev--label\">Tidligere<\/span><span class=\"post-navigation__prev--title\">Hvor man kan shoppe, spise en god pizza, en dejlig aperitivo eller hvilke restauranter man skal v\u00e6lge<\/span><\/span><\/a>\t\t\t<\/div>\n\t\t\t\t\t\t\t<div class=\"elementor-post-navigation__separator-wrapper\">\n\t\t\t\t\t<div class=\"elementor-post-navigation__separator\"><\/div>\n\t\t\t\t<\/div>\n\t\t\t\t\t\t<div class=\"elementor-post-navigation__next elementor-post-navigation__link\">\n\t\t\t\t<a href=\"https:\/\/villa-perla.it\/da\/ostesmagning-hos-caseificio-pepe-1924-i-costigliole-dasti\/\" rel=\"next\"><span class=\"elementor-post-navigation__link__next\"><span class=\"post-navigation__next--label\">N\u00e6ste<\/span><span class=\"post-navigation__next--title\">Ostesmagning hos Caseificio &#8220;Pepe 1924&#8221; i Costigliole d&#8217;Asti<\/span><\/span><span class=\"post-navigation__arrow-wrapper post-navigation__arrow-next\"><svg aria-hidden=\"true\" class=\"e-font-icon-svg e-fas-angle-right\" viewBox=\"0 0 256 512\" xmlns=\"http:\/\/www.w3.org\/2000\/svg\"><path d=\"M224.3 273l-136 136c-9.4 9.4-24.6 9.4-33.9 0l-22.6-22.6c-9.4-9.4-9.4-24.6 0-33.9l96.4-96.4-96.4-96.4c-9.4-9.4-9.4-24.6 0-33.9L54.3 103c9.4-9.4 24.6-9.4 33.9 0l136 136c9.5 9.4 9.5 24.6.1 34z\"><\/path><\/svg><span class=\"elementor-screen-only\">N\u00e6ste<\/span><\/span><\/a>\t\t\t<\/div>\n\t\t<\/div>\n\t\t\t\t\t\t<\/div>\n\t\t\t\t<\/div>\n\t\t\t\t\t<\/div>\n\t\t<\/div>\n\t\t\t\t<div class=\"elementor-column elementor-col-50 elementor-top-column elementor-element elementor-element-8e05d25\" data-id=\"8e05d25\" data-element_type=\"column\" data-e-type=\"column\" data-settings=\"{&quot;background_background&quot;:&quot;classic&quot;}\">\n\t\t\t<div class=\"elementor-widget-wrap elementor-element-populated\">\n\t\t\t\t\t\t<div class=\"elementor-element elementor-element-9303d87 elementor-widget elementor-widget-heading\" data-id=\"9303d87\" data-element_type=\"widget\" data-e-type=\"widget\" data-widget_type=\"heading.default\">\n\t\t\t\t<div class=\"elementor-widget-container\">\n\t\t\t\t\t<h2 class=\"elementor-heading-title elementor-size-default\">L\u00e6s ogs\u00e5:<\/h2>\t\t\t\t<\/div>\n\t\t\t\t<\/div>\n\t\t\t\t<div class=\"elementor-element elementor-element-7408a82 elementor-grid-1 elementor-posts--align-left elementor-grid-tablet-2 elementor-grid-mobile-1 elementor-posts--thumbnail-top elementor-widget elementor-widget-posts\" data-id=\"7408a82\" data-element_type=\"widget\" data-e-type=\"widget\" data-settings=\"{&quot;classic_columns&quot;:&quot;1&quot;,&quot;classic_columns_tablet&quot;:&quot;2&quot;,&quot;classic_columns_mobile&quot;:&quot;1&quot;,&quot;classic_row_gap&quot;:{&quot;unit&quot;:&quot;px&quot;,&quot;size&quot;:35,&quot;sizes&quot;:[]},&quot;classic_row_gap_tablet&quot;:{&quot;unit&quot;:&quot;px&quot;,&quot;size&quot;:&quot;&quot;,&quot;sizes&quot;:[]},&quot;classic_row_gap_mobile&quot;:{&quot;unit&quot;:&quot;px&quot;,&quot;size&quot;:&quot;&quot;,&quot;sizes&quot;:[]}}\" data-widget_type=\"posts.classic\">\n\t\t\t\t<div class=\"elementor-widget-container\">\n\t\t\t\t\t\t\t<div class=\"elementor-posts-container elementor-posts elementor-posts--skin-classic elementor-grid\" role=\"list\">\n\t\t\t\t<article class=\"elementor-post elementor-grid-item post-19751 post type-post status-publish format-standard has-post-thumbnail hentry category-villa-perla tag-at-gore\" role=\"listitem\">\n\t\t\t\t<a class=\"elementor-post__thumbnail__link\" href=\"https:\/\/villa-perla.it\/da\/ophold-med-hund-paa-villa-perla-i-piemonte\/\" tabindex=\"-1\" >\n\t\t\t<div class=\"elementor-post__thumbnail\"><img fetchpriority=\"high\" decoding=\"async\" width=\"300\" height=\"169\" src=\"https:\/\/villa-perla.it\/wp-content\/uploads\/2024\/05\/villa-perla-piemonte-holiday-house-poolside-300x169.webp\" class=\"attachment-medium size-medium wp-image-19752\" alt=\"\" srcset=\"https:\/\/villa-perla.it\/wp-content\/uploads\/2024\/05\/villa-perla-piemonte-holiday-house-poolside-300x169.webp 300w, https:\/\/villa-perla.it\/wp-content\/uploads\/2024\/05\/villa-perla-piemonte-holiday-house-poolside-1024x576.webp 1024w, https:\/\/villa-perla.it\/wp-content\/uploads\/2024\/05\/villa-perla-piemonte-holiday-house-poolside-768x432.webp 768w, https:\/\/villa-perla.it\/wp-content\/uploads\/2024\/05\/villa-perla-piemonte-holiday-house-poolside-1536x864.webp 1536w, https:\/\/villa-perla.it\/wp-content\/uploads\/2024\/05\/villa-perla-piemonte-holiday-house-poolside-scaled.webp 1920w\" sizes=\"(max-width: 300px) 100vw, 300px\" \/><\/div>\n\t\t<\/a>\n\t\t\t\t<div class=\"elementor-post__text\">\n\t\t\t\t<h3 class=\"elementor-post__title\">\n\t\t\t<a href=\"https:\/\/villa-perla.it\/da\/ophold-med-hund-paa-villa-perla-i-piemonte\/\" >\n\t\t\t\tOphold med hund p\u00e5 Villa Perla i Piemonte\t\t\t<\/a>\n\t\t<\/h3>\n\t\t\t\t<div class=\"elementor-post__meta-data\">\n\t\t\t\t\t<span class=\"elementor-post-date\">\n\t\t\t13. april 2026\t\t<\/span>\n\t\t\t\t<\/div>\n\t\t\n\t\t<a class=\"elementor-post__read-more\" href=\"https:\/\/villa-perla.it\/da\/ophold-med-hund-paa-villa-perla-i-piemonte\/\" aria-label=\"Read more about Ophold med hund p\u00e5 Villa Perla i Piemonte\" tabindex=\"-1\" >\n\t\t\tL\u00e6s mere \"\t\t<\/a>\n\n\t\t\t\t<\/div>\n\t\t\t\t<\/article>\n\t\t\t\t<article class=\"elementor-post elementor-grid-item post-19684 post type-post status-publish format-standard has-post-thumbnail hentry category-at-gore tag-at-gore\" role=\"listitem\">\n\t\t\t\t<a class=\"elementor-post__thumbnail__link\" href=\"https:\/\/villa-perla.it\/da\/koereafstande-mellem-villa-perla-og-de-smukkeste-middelalderlandsbyer-eller-borgoer-i-piemonte\/\" tabindex=\"-1\" >\n\t\t\t<div class=\"elementor-post__thumbnail\"><img decoding=\"async\" width=\"300\" height=\"257\" src=\"https:\/\/villa-perla.it\/wp-content\/uploads\/2024\/08\/villa-perla-piemonte-daytrip-neive-art-featured-300x257.jpg\" class=\"attachment-medium size-medium wp-image-16395\" alt=\"\" srcset=\"https:\/\/villa-perla.it\/wp-content\/uploads\/2024\/08\/villa-perla-piemonte-daytrip-neive-art-featured-300x257.jpg 300w, https:\/\/villa-perla.it\/wp-content\/uploads\/2024\/08\/villa-perla-piemonte-daytrip-neive-art-featured-1024x877.jpg 1024w, https:\/\/villa-perla.it\/wp-content\/uploads\/2024\/08\/villa-perla-piemonte-daytrip-neive-art-featured-768x658.jpg 768w, https:\/\/villa-perla.it\/wp-content\/uploads\/2024\/08\/villa-perla-piemonte-daytrip-neive-art-featured-1536x1315.jpg 1536w, https:\/\/villa-perla.it\/wp-content\/uploads\/2024\/08\/villa-perla-piemonte-daytrip-neive-art-featured-2048x1754.jpg 2048w\" sizes=\"(max-width: 300px) 100vw, 300px\" \/><\/div>\n\t\t<\/a>\n\t\t\t\t<div class=\"elementor-post__text\">\n\t\t\t\t<h3 class=\"elementor-post__title\">\n\t\t\t<a href=\"https:\/\/villa-perla.it\/da\/koereafstande-mellem-villa-perla-og-de-smukkeste-middelalderlandsbyer-eller-borgoer-i-piemonte\/\" >\n\t\t\t\tK\u00f8reafstande mellem Villa perla og de smukkeste middelalderlandsbyer eller borgo&#8217;er i Piemonte\t\t\t<\/a>\n\t\t<\/h3>\n\t\t\t\t<div class=\"elementor-post__meta-data\">\n\t\t\t\t\t<span class=\"elementor-post-date\">\n\t\t\t25. februar 2026\t\t<\/span>\n\t\t\t\t<\/div>\n\t\t\n\t\t<a class=\"elementor-post__read-more\" href=\"https:\/\/villa-perla.it\/da\/koereafstande-mellem-villa-perla-og-de-smukkeste-middelalderlandsbyer-eller-borgoer-i-piemonte\/\" aria-label=\"Read more about K\u00f8reafstande mellem Villa perla og de smukkeste middelalderlandsbyer eller borgo&#8217;er i Piemonte\" tabindex=\"-1\" >\n\t\t\tL\u00e6s mere \"\t\t<\/a>\n\n\t\t\t\t<\/div>\n\t\t\t\t<\/article>\n\t\t\t\t<article class=\"elementor-post elementor-grid-item post-19315 post type-post status-publish format-standard has-post-thumbnail hentry category-at-gore\" role=\"listitem\">\n\t\t\t\t<a class=\"elementor-post__thumbnail__link\" href=\"https:\/\/villa-perla.it\/da\/hjemmesider-for-sommerhuse\/\" tabindex=\"-1\" >\n\t\t\t<div class=\"elementor-post__thumbnail\"><img decoding=\"async\" width=\"300\" height=\"270\" src=\"https:\/\/villa-perla.it\/wp-content\/uploads\/2023\/08\/villa-perla-piemonte-holiday-house-with-pool-002-2023-300x270.jpg\" class=\"attachment-medium size-medium wp-image-19362\" alt=\"Villa Perla Piemonte - dining room view\" srcset=\"https:\/\/villa-perla.it\/wp-content\/uploads\/2023\/08\/villa-perla-piemonte-holiday-house-with-pool-002-2023-300x270.jpg 300w, https:\/\/villa-perla.it\/wp-content\/uploads\/2023\/08\/villa-perla-piemonte-holiday-house-with-pool-002-2023-1024x922.jpg 1024w, https:\/\/villa-perla.it\/wp-content\/uploads\/2023\/08\/villa-perla-piemonte-holiday-house-with-pool-002-2023-768x691.jpg 768w, https:\/\/villa-perla.it\/wp-content\/uploads\/2023\/08\/villa-perla-piemonte-holiday-house-with-pool-002-2023-1536x1382.jpg 1536w, https:\/\/villa-perla.it\/wp-content\/uploads\/2023\/08\/villa-perla-piemonte-holiday-house-with-pool-002-2023.jpg 2048w\" sizes=\"(max-width: 300px) 100vw, 300px\" \/><\/div>\n\t\t<\/a>\n\t\t\t\t<div class=\"elementor-post__text\">\n\t\t\t\t<h3 class=\"elementor-post__title\">\n\t\t\t<a href=\"https:\/\/villa-perla.it\/da\/hjemmesider-for-sommerhuse\/\" >\n\t\t\t\tHjemmesider for sommerhuse\t\t\t<\/a>\n\t\t<\/h3>\n\t\t\t\t<div class=\"elementor-post__meta-data\">\n\t\t\t\t\t<span class=\"elementor-post-date\">\n\t\t\t23. februar 2026\t\t<\/span>\n\t\t\t\t<\/div>\n\t\t\n\t\t<a class=\"elementor-post__read-more\" href=\"https:\/\/villa-perla.it\/da\/hjemmesider-for-sommerhuse\/\" aria-label=\"Read more about Hjemmesider for sommerhuse\" tabindex=\"-1\" >\n\t\t\tL\u00e6s mere \"\t\t<\/a>\n\n\t\t\t\t<\/div>\n\t\t\t\t<\/article>\n\t\t\t\t<article class=\"elementor-post elementor-grid-item post-19245 post type-post status-publish format-standard has-post-thumbnail hentry category-at-gore\" role=\"listitem\">\n\t\t\t\t<a class=\"elementor-post__thumbnail__link\" href=\"https:\/\/villa-perla.it\/da\/oplev-eleven30-morgenmad-og-frokost\/\" tabindex=\"-1\" >\n\t\t\t<div class=\"elementor-post__thumbnail\"><img loading=\"lazy\" decoding=\"async\" width=\"300\" height=\"300\" src=\"https:\/\/villa-perla.it\/wp-content\/uploads\/2026\/01\/eleven30-logo-300x300.png\" class=\"attachment-medium size-medium wp-image-19145\" alt=\"\" srcset=\"https:\/\/villa-perla.it\/wp-content\/uploads\/2026\/01\/eleven30-logo-300x300.png 300w, https:\/\/villa-perla.it\/wp-content\/uploads\/2026\/01\/eleven30-logo-150x150.png 150w, https:\/\/villa-perla.it\/wp-content\/uploads\/2026\/01\/eleven30-logo-100x100.png 100w, https:\/\/villa-perla.it\/wp-content\/uploads\/2026\/01\/eleven30-logo.png 500w\" sizes=\"(max-width: 300px) 100vw, 300px\" \/><\/div>\n\t\t<\/a>\n\t\t\t\t<div class=\"elementor-post__text\">\n\t\t\t\t<h3 class=\"elementor-post__title\">\n\t\t\t<a href=\"https:\/\/villa-perla.it\/da\/oplev-eleven30-morgenmad-og-frokost\/\" >\n\t\t\t\tOplev Eleven30 &#8211; Morgenmad og frokost\t\t\t<\/a>\n\t\t<\/h3>\n\t\t\t\t<div class=\"elementor-post__meta-data\">\n\t\t\t\t\t<span class=\"elementor-post-date\">\n\t\t\t16. januar 2026\t\t<\/span>\n\t\t\t\t<\/div>\n\t\t\n\t\t<a class=\"elementor-post__read-more\" href=\"https:\/\/villa-perla.it\/da\/oplev-eleven30-morgenmad-og-frokost\/\" aria-label=\"Read more about Oplev Eleven30 &#8211; Morgenmad og frokost\" tabindex=\"-1\" >\n\t\t\tL\u00e6s mere \"\t\t<\/a>\n\n\t\t\t\t<\/div>\n\t\t\t\t<\/article>\n\t\t\t\t<article class=\"elementor-post elementor-grid-item post-16384 post type-post status-publish format-standard has-post-thumbnail hentry category-villa-perla tag-at-gore\" role=\"listitem\">\n\t\t\t\t<a class=\"elementor-post__thumbnail__link\" href=\"https:\/\/villa-perla.it\/da\/hvad-skal-man-lave-omkring-villa-perla-piemonte-om-efteraaret\/\" tabindex=\"-1\" >\n\t\t\t<div class=\"elementor-post__thumbnail\"><img loading=\"lazy\" decoding=\"async\" width=\"300\" height=\"225\" src=\"https:\/\/villa-perla.it\/wp-content\/uploads\/2023\/03\/villa-perla-piemonte-what-to-do-in-autumn-300x225.jpg\" class=\"attachment-medium size-medium wp-image-16027\" alt=\"\" srcset=\"https:\/\/villa-perla.it\/wp-content\/uploads\/2023\/03\/villa-perla-piemonte-what-to-do-in-autumn-300x225.jpg 300w, https:\/\/villa-perla.it\/wp-content\/uploads\/2023\/03\/villa-perla-piemonte-what-to-do-in-autumn-1024x768.jpg 1024w, https:\/\/villa-perla.it\/wp-content\/uploads\/2023\/03\/villa-perla-piemonte-what-to-do-in-autumn-768x576.jpg 768w, https:\/\/villa-perla.it\/wp-content\/uploads\/2023\/03\/villa-perla-piemonte-what-to-do-in-autumn-1536x1152.jpg 1536w, https:\/\/villa-perla.it\/wp-content\/uploads\/2023\/03\/villa-perla-piemonte-what-to-do-in-autumn-2048x1536.jpg 2048w\" sizes=\"(max-width: 300px) 100vw, 300px\" \/><\/div>\n\t\t<\/a>\n\t\t\t\t<div class=\"elementor-post__text\">\n\t\t\t\t<h3 class=\"elementor-post__title\">\n\t\t\t<a href=\"https:\/\/villa-perla.it\/da\/hvad-skal-man-lave-omkring-villa-perla-piemonte-om-efteraaret\/\" >\n\t\t\t\tHvad skal man lave omkring Villa Perla Piemonte om efter\u00e5ret?\t\t\t<\/a>\n\t\t<\/h3>\n\t\t\t\t<div class=\"elementor-post__meta-data\">\n\t\t\t\t\t<span class=\"elementor-post-date\">\n\t\t\t1. september 2024\t\t<\/span>\n\t\t\t\t<\/div>\n\t\t\n\t\t<a class=\"elementor-post__read-more\" href=\"https:\/\/villa-perla.it\/da\/hvad-skal-man-lave-omkring-villa-perla-piemonte-om-efteraaret\/\" aria-label=\"Read more about Hvad skal man lave omkring Villa Perla Piemonte om efter\u00e5ret?\" tabindex=\"-1\" >\n\t\t\tL\u00e6s mere \"\t\t<\/a>\n\n\t\t\t\t<\/div>\n\t\t\t\t<\/article>\n\t\t\t\t<article class=\"elementor-post elementor-grid-item post-16388 post type-post status-publish format-standard has-post-thumbnail hentry category-at-gore tag-at-gore\" role=\"listitem\">\n\t\t\t\t<a class=\"elementor-post__thumbnail__link\" href=\"https:\/\/villa-perla.it\/da\/villa-perla-dagstur-1-neive-alba-barolo-canelli\/\" tabindex=\"-1\" >\n\t\t\t<div class=\"elementor-post__thumbnail\"><img decoding=\"async\" width=\"300\" height=\"257\" src=\"https:\/\/villa-perla.it\/wp-content\/uploads\/2024\/08\/villa-perla-piemonte-daytrip-neive-art-featured-300x257.jpg\" class=\"attachment-medium size-medium wp-image-16395\" alt=\"\" srcset=\"https:\/\/villa-perla.it\/wp-content\/uploads\/2024\/08\/villa-perla-piemonte-daytrip-neive-art-featured-300x257.jpg 300w, https:\/\/villa-perla.it\/wp-content\/uploads\/2024\/08\/villa-perla-piemonte-daytrip-neive-art-featured-1024x877.jpg 1024w, https:\/\/villa-perla.it\/wp-content\/uploads\/2024\/08\/villa-perla-piemonte-daytrip-neive-art-featured-768x658.jpg 768w, https:\/\/villa-perla.it\/wp-content\/uploads\/2024\/08\/villa-perla-piemonte-daytrip-neive-art-featured-1536x1315.jpg 1536w, https:\/\/villa-perla.it\/wp-content\/uploads\/2024\/08\/villa-perla-piemonte-daytrip-neive-art-featured-2048x1754.jpg 2048w\" sizes=\"(max-width: 300px) 100vw, 300px\" \/><\/div>\n\t\t<\/a>\n\t\t\t\t<div class=\"elementor-post__text\">\n\t\t\t\t<h3 class=\"elementor-post__title\">\n\t\t\t<a href=\"https:\/\/villa-perla.it\/da\/villa-perla-dagstur-1-neive-alba-barolo-canelli\/\" >\n\t\t\t\tVilla Perla dagstur 1: Neive, Alba, Barolo &amp; Canelli\t\t\t<\/a>\n\t\t<\/h3>\n\t\t\t\t<div class=\"elementor-post__meta-data\">\n\t\t\t\t\t<span class=\"elementor-post-date\">\n\t\t\t13. august 2024\t\t<\/span>\n\t\t\t\t<\/div>\n\t\t\n\t\t<a class=\"elementor-post__read-more\" href=\"https:\/\/villa-perla.it\/da\/villa-perla-dagstur-1-neive-alba-barolo-canelli\/\" aria-label=\"Read more about Villa Perla dagstur 1: Neive, Alba, Barolo &amp; Canelli\" tabindex=\"-1\" >\n\t\t\tL\u00e6s mere \"\t\t<\/a>\n\n\t\t\t\t<\/div>\n\t\t\t\t<\/article>\n\t\t\t\t<\/div>\n\t\t\n\t\t\t\t\t\t<\/div>\n\t\t\t\t<\/div>\n\t\t\t\t<section class=\"elementor-section elementor-inner-section elementor-element elementor-element-7ae351a elementor-section-boxed elementor-section-height-default elementor-section-height-default\" data-id=\"7ae351a\" data-element_type=\"section\" data-e-type=\"section\" data-settings=\"{&quot;background_background&quot;:&quot;classic&quot;,&quot;jet_parallax_layout_list&quot;:[]}\">\n\t\t\t\t\t\t<div class=\"elementor-container elementor-column-gap-default\">\n\t\t\t\t\t<div class=\"elementor-column elementor-col-100 elementor-inner-column elementor-element elementor-element-9ea2a5a\" data-id=\"9ea2a5a\" data-element_type=\"column\" data-e-type=\"column\" data-settings=\"{&quot;background_background&quot;:&quot;classic&quot;}\">\n\t\t\t<div class=\"elementor-widget-wrap elementor-element-populated\">\n\t\t\t\t\t\t<div class=\"elementor-element elementor-element-5f31892 elementor-widget elementor-widget-heading\" data-id=\"5f31892\" data-element_type=\"widget\" data-e-type=\"widget\" data-widget_type=\"heading.default\">\n\t\t\t\t<div class=\"elementor-widget-container\">\n\t\t\t\t\t<h2 class=\"elementor-heading-title elementor-size-default\">Tilmeld dig vores <br>m\u00e5nedlige nyhedsbrev<\/h2>\t\t\t\t<\/div>\n\t\t\t\t<\/div>\n\t\t\t\t<div class=\"elementor-element elementor-element-1eb4117 elementor-widget elementor-widget-shortcode\" data-id=\"1eb4117\" data-element_type=\"widget\" data-e-type=\"widget\" data-widget_type=\"shortcode.default\">\n\t\t\t\t<div class=\"elementor-widget-container\">\n\t\t\t\t\t<script type=\"text\/javascript\" src=\"https:\/\/villa-perla.it\/wp-content\/plugins\/acymailing\/media\/js\/module.min.js?v=1082\"><\/script><script type=\"text\/javascript\">\n        if(typeof acymModule === 'undefined'){\n            var acymModule = [];\n\t\t\tacymModule['emailRegex'] = \/^[a-z0-9!#$%&\\'*+\\\/=?^_`{|}~-]+(?:\\.[a-z0-9!#$%&\\'*+\\\/=?^_`{|}~-]+)*\\@([a-z0-9-]+\\.)+[a-z0-9]{2,20}$\/i;\n\t\t\tacymModule['NAMECAPTION'] = 'Name';\n\t\t\tacymModule['NAME_MISSING'] = 'Please enter your name';\n\t\t\tacymModule['EMAILCAPTION'] = 'Email';\n\t\t\tacymModule['VALID_EMAIL'] = 'Please enter a valid e-mail address';\n\t\t\tacymModule['VALID_EMAIL_CONFIRMATION'] = 'Email field and email confirmation field must be identical';\n\t\t\tacymModule['CAPTCHA_MISSING'] = 'The captcha is invalid, please try again';\n\t\t\tacymModule['NO_LIST_SELECTED'] = 'Please select the lists you want to subscribe to';\n\t\t\tacymModule['NO_LIST_SELECTED_UNSUB'] = 'Please select the lists you want to unsubscribe from';\n            acymModule['ACCEPT_TERMS'] = 'Please check the Terms and Conditions \/ Privacy policy';\n        }\n\t\t<\/script>\t\t<div class=\"elementor-shortcode\"><div id=\"acym_fulldiv_formAcym2\" class=\"acym__subscription__form__shortcode acym__subscription__form-erase\">\n    <form action=\"https:\/\/villa-perla.it\/da\/index.php?page=acymailing_front&ctrl=frontusers&noheader=1\" id=\"formAcym2\" name=\"formAcym2\" enctype=\"multipart\/form-data\" onsubmit=\"return submitAcymForm('subscribe','formAcym2', 'acymSubmitSubForm')\"><div class=\"acym__subscription__form__fields\">\n    <div class=\"onefield fieldacy1 acyfield_text\" id=\"field_1\"><label class=\"cell margin-top-1\"><span class=\"acym__users__creation__fields__title\">Name<\/span><input autocomplete=\"name\"  name=\"user[name]\" value=\"\" data-authorized-content=\"{&quot;0&quot;:&quot;all&quot;,&quot;regex&quot;:&quot;&quot;,&quot;message&quot;:&quot;Incorrect value for the field Name&quot;}\" type=\"text\" class=\"cell\"><\/label><div class=\"acym__field__error__block\" data-acym-field-id=\"1\"><\/div><\/div><div class=\"onefield fieldacy2 acyfield_text\" id=\"field_2\"><label class=\"cell margin-top-1\"><span class=\"acym__users__creation__fields__title\">Email<\/span><input autocomplete=\"email\" id=\"email_field_112\"  name=\"user[email]\" value=\"\" data-authorized-content=\"{&quot;0&quot;:&quot;all&quot;,&quot;regex&quot;:&quot;&quot;,&quot;message&quot;:&quot;Incorrect value for the field Email&quot;}\" required type=\"email\" class=\"cell acym__user__edit__email\"><\/label><div class=\"acym__field__error__block\" data-acym-field-id=\"2\"><\/div><\/div><div class=\"acym__subscription__form__lists\">\n    <input type=\"hidden\" name=\"hiddenlists\" value=\"1\">\t<style>\n\t\t#acym_fulldiv_formAcym2 .acym__subscription__form__fields .acym__subscription__form__lists{\n\t\t\tdisplay: inline-block;\n\t\t\twidth: auto;\n\t\t\tmargin: 0 20px;\n\t\t\ttext-align: left;\n\t\t}\n\n\t\t#acym_fulldiv_formAcym2 .acym__subscription__form__fields .acym__subscription__form__lists label{\n\t\t\tdisplay: inline-block;\n\t\t\tmargin-right: 10px;\n\t\t\twidth: auto;\n\t\t}\n\n\t\t#acym_fulldiv_formAcym2 .acym__subscription__form__fields .acym__subscription__form__lists input[type=\"checkbox\"]{\n\t\t\tmargin-top: 0 !important;\n\t\t\tmargin-right: 5px;\n\t\t}\n\t<\/style>\n<\/div>\n<div class=\"acym__subscription__form__termscond\"><div class=\"onefield fieldacyterms\" id=\"field_terms_formAcym2\"><label for=\"mailingdata_terms_formAcym2\"><input id=\"mailingdata_terms_formAcym2\" class=\"checkbox\" type=\"checkbox\" name=\"terms\" title=\"Terms and conditions\"\/> I agree with the <a title=\"Terms and conditions\" href=\"https:\/\/villa-perla.it\/cookie-privacy-policy\/\" target=\"_blank\">Terms and conditions<\/a> and the <a title=\"Privacy policy\" href=\"https:\/\/villa-perla.it\/cookie-privacy-policy\/\" target=\"_blank\">Privacy policy<\/a><\/label><\/div>\n\t<style>\n\t\t.acym__subscription__form__header .acym__subscription__form__termscond,\n\t\t.acym__subscription__form__footer .acym__subscription__form__termscond{\n\t\t\tmax-width: 250px;\n\t\t}\n\n\t\t#acym_fulldiv_formAcym2 .acym__subscription__form__fields .acym__subscription__form__termscond input[type=\"checkbox\"]{\n\t\t\tmargin-top: 0 !important;\n\t\t}\n\t<\/style>\n\t<\/div>\n\t<style>\n\t\t#acym_fulldiv_formAcym2 .acym__subscription__form__fields{\n\t\t\tdisplay: flex;\n\t\t\tjustify-content: center;\n\t\t\talign-items: center\n\t\t}\n\n\t\t#acym_fulldiv_formAcym2 .acym__subscription__form__fields > *{\n\t\t\tmargin: 10px auto !important;\n\t\t}\n\t<\/style>\n<\/div>\n<div class=\"acym__subscription__form__button\">\n    \t<button type=\"submit\">\n        Subscribe\t<\/button>\n\t<style>\n\t\t#acym_fulldiv_formAcym2 .acym__subscription__form__button{\n\t\t\tdisplay: flex;\n\t\t\tjustify-content: center;\n\t\t\talign-items: center\n\t\t}\n\n\t\t#acym_fulldiv_formAcym2 .acym__subscription__form__button button{\n\t\t\tbackground-color: #000000;\n\t\t\tcolor: #ffffff;\n\t\t\tborder-width: 0px;\n\t\t\tborder-style: solid;\n\t\t\tborder-color: #000000;\n\t\t\tborder-radius: 0px;\n\t\t\tpadding: 10px 20px;\n\t\t}\n\t<\/style>\n<\/div>\n<input type=\"hidden\" name=\"ctrl\" value=\"frontusers\" \/>\n<input type=\"hidden\" name=\"task\" value=\"notask\" \/>\n<input type=\"hidden\" name=\"page\" value=\"acymailing_front\" \/>\n<input type=\"hidden\" name=\"option\" value=\"acymailing\" \/>\n<input type=\"hidden\" name=\"acy_source\" value=\"Form ID 2\">\n<input type=\"hidden\" name=\"acyformname\" value=\"formAcym2\">\n<input type=\"hidden\" name=\"acymformtype\" value=\"shortcode\">\n<input type=\"hidden\" name=\"acysubmode\" value=\"form_acym\">\n\n<input type=\"hidden\" name=\"redirect\" value=\"https:\/\/villa-perla.it\/blog\/\">\n<input type=\"hidden\" name=\"ajax\" value=\"0\">\n<input type=\"hidden\"\n\t   name=\"confirmation_message\"\n\t   value=\"Thanks a lot for subscribing to our newsletter! We will not spam your inbox!\">\n\t<\/form>\n<\/div>\n<style>\n\t#acym_fulldiv_formAcym2.acym__subscription__form__shortcode{\n\t\theight: 300px;\n\t\tmax-width: 400px;\n\t\tbackground-color: #ffffff;\n\t\tcolor: #000000 !important;\n\t\tpadding: .5rem;\n\t\ttext-align: center;\n\t\tdisplay: flex;\n\t\tjustify-content: center;\n\t\talign-items: center;\n\t\tmargin: 1rem auto;\n\t}\n\n\t#acym_fulldiv_formAcym2.acym__subscription__form__shortcode .responseContainer{\n\t\tmargin-bottom: 0 !important;\n\t\tpadding: .4rem !important;\n\t}\n\n\t#acym_fulldiv_formAcym2.acym__subscription__form__shortcode #formAcym2{\n\t\tmargin: 0;\n\t}\n\n\t#acym_fulldiv_formAcym2.acym__subscription__form__shortcode .acym__subscription__form__fields, #acym_fulldiv_formAcym2.acym__subscription__form__shortcode .acym__subscription__form__button{\n\t\tdisplay: block;\n\t\twidth: 100%;\n\t\tmargin: 1rem 0 !important;\n\t}\n\n\t#acym_fulldiv_formAcym2.acym__subscription__form__shortcode .acym__subscription__form__fields .acym__subscription__form__lists{\n\t\tdisplay: block;\n\t\twidth: 100%;\n\t\tmargin: 1rem 10px !important;\n\t}\n\n\t#acym_fulldiv_formAcym2.acym__subscription__form__shortcode .acym__subscription__form__fields > *:not(style){\n\t\tdisplay: block;\n\t}\n\n\t<\/style>\n<\/div>\n\t\t\t\t\t\t<\/div>\n\t\t\t\t<\/div>\n\t\t\t\t\t<\/div>\n\t\t<\/div>\n\t\t\t\t\t<\/div>\n\t\t<\/section>\n\t\t\t\t\t<\/div>\n\t\t<\/div>\n\t\t\t\t\t<\/div>\n\t\t<\/section>\n\t\t\t\t<section class=\"elementor-section elementor-top-section elementor-element elementor-element-7450063 elementor-section-boxed elementor-section-height-default elementor-section-height-default\" data-id=\"7450063\" data-element_type=\"section\" data-e-type=\"section\" data-settings=\"{&quot;jet_parallax_layout_list&quot;:[]}\">\n\t\t\t\t\t\t<div class=\"elementor-container elementor-column-gap-default\">\n\t\t\t\t\t<div class=\"elementor-column elementor-col-100 elementor-top-column elementor-element elementor-element-9bec65b\" data-id=\"9bec65b\" data-element_type=\"column\" data-e-type=\"column\">\n\t\t\t<div class=\"elementor-widget-wrap elementor-element-populated\">\n\t\t\t\t\t\t<div class=\"elementor-element elementor-element-8334a57 elementor-widget-divider--view-line_icon elementor-view-default elementor-widget-divider--element-align-center elementor-widget elementor-widget-divider\" data-id=\"8334a57\" data-element_type=\"widget\" data-e-type=\"widget\" data-widget_type=\"divider.default\">\n\t\t\t\t<div class=\"elementor-widget-container\">\n\t\t\t\t\t\t\t<div class=\"elementor-divider\">\n\t\t\t<span class=\"elementor-divider-separator\">\n\t\t\t\t\t\t\t<div class=\"elementor-icon elementor-divider__element\">\n\t\t\t\t\t<\/div>\n\t\t\t\t\t\t<\/span>\n\t\t<\/div>\n\t\t\t\t\t\t<\/div>\n\t\t\t\t<\/div>\n\t\t\t\t\t<\/div>\n\t\t<\/div>\n\t\t\t\t\t<\/div>\n\t\t<\/section>\n\t\t\t\t<\/div>\n\t\t","protected":false},"excerpt":{"rendered":"<p>Hvad kan man lave omkring Villa Perla i Piemonte om vinteren: vinsmagning, skil\u00f8b, kulinariske ture, bes\u00f8g i byer og p\u00e5 museer, sport,&#8230;<\/p>\n","protected":false},"author":5,"featured_media":16426,"comment_status":"closed","ping_status":"closed","sticky":false,"template":"elementor_header_footer","format":"standard","meta":{"_angie_page":false,"page_builder":"","footnotes":""},"categories":[260,258],"tags":[259],"class_list":["post-16425","post","type-post","status-publish","format-standard","has-post-thumbnail","hentry","category-at-gore","category-villa-perla","tag-at-gore"],"yoast_head":"<!-- This site is optimized with the Yoast SEO plugin v27.4 - https:\/\/yoast.com\/product\/yoast-seo-wordpress\/ -->\n<title>Vintertid i Villa Perla Piemonte - Villa Perla | Langhe - Monferrato<\/title>\n<meta name=\"description\" content=\"Hvad kan man lave omkring Villa Perla i Piemonte om vinteren: vinsmagning, skil\u00f8b, kulinariske ture, bes\u00f8g i byer og p\u00e5 museer, sport, byture, book en privat kok, ...\" \/>\n<meta name=\"robots\" content=\"index, follow, max-snippet:-1, max-image-preview:large, max-video-preview:-1\" \/>\n<link rel=\"canonical\" href=\"https:\/\/villa-perla.it\/da\/vintertid-i-villa-perla-piemonte\/\" \/>\n<meta property=\"og:locale\" content=\"da_DK\" \/>\n<meta property=\"og:type\" content=\"article\" \/>\n<meta property=\"og:title\" content=\"vintertid-i-villa-perla-piemonte\" \/>\n<meta property=\"og:description\" content=\"Hvad kan man lave omkring Villa Perla i Piemonte om vinteren: vinsmagning, skil\u00f8b, kulinariske ture, bes\u00f8g i byer og p\u00e5 museer, sport, byture, book en privat kok, ...\" \/>\n<meta property=\"og:url\" content=\"https:\/\/villa-perla.it\/da\/vintertid-i-villa-perla-piemonte\/\" \/>\n<meta property=\"og:site_name\" content=\"Villa Perla | Langhe - Monferrato\" \/>\n<meta property=\"article:publisher\" content=\"https:\/\/www.facebook.com\/villaperla.piemonte\" \/>\n<meta property=\"article:published_time\" content=\"2023-11-02T08:49:10+00:00\" \/>\n<meta property=\"article:modified_time\" content=\"2024-12-12T18:48:31+00:00\" \/>\n<meta property=\"og:image\" content=\"https:\/\/villa-perla.it\/wp-content\/uploads\/2024\/07\/Villa-Perla-Piemonte-logo-private-holiday-house-in-italy-piemonte-1024x576.png\" \/>\n<meta name=\"author\" content=\"Benny\" \/>\n<meta name=\"twitter:card\" content=\"summary_large_image\" \/>\n<meta name=\"twitter:title\" content=\"vintertid-i-villa-perla-piemonte\" \/>\n<meta name=\"twitter:description\" content=\"Hvad kan man lave omkring Villa Perla i Piemonte om vinteren: vinsmagning, skil\u00f8b, kulinariske ture, bes\u00f8g i byer og p\u00e5 museer, sport, byture, book en privat kok, ...\" \/>\n<meta name=\"twitter:image\" content=\"https:\/\/villa-perla.it\/wp-content\/uploads\/2024\/07\/Villa-Perla-Piemonte-logo-private-holiday-house-in-italy-piemonte-1024x576.png\" \/>\n<meta name=\"twitter:label1\" content=\"Skrevet af\" \/>\n\t<meta name=\"twitter:data1\" content=\"Benny\" \/>\n\t<meta name=\"twitter:label2\" content=\"Estimeret l\u00e6setid\" \/>\n\t<meta name=\"twitter:data2\" content=\"6 minutter\" \/>\n<script type=\"application\/ld+json\" class=\"yoast-schema-graph\">{\"@context\":\"https:\\\/\\\/schema.org\",\"@graph\":[{\"@type\":\"Article\",\"@id\":\"https:\\\/\\\/villa-perla.it\\\/da\\\/vintertid-i-villa-perla-piemonte\\\/#article\",\"isPartOf\":{\"@id\":\"https:\\\/\\\/villa-perla.it\\\/da\\\/vintertid-i-villa-perla-piemonte\\\/\"},\"author\":{\"name\":\"Benny\",\"@id\":\"https:\\\/\\\/villa-perla.it\\\/da\\\/#\\\/schema\\\/person\\\/50b32b6cf17bc1cd8759ed65996c029a\"},\"headline\":\"Vintertid i Villa Perla Piemonte\",\"datePublished\":\"2023-11-02T08:49:10+00:00\",\"dateModified\":\"2024-12-12T18:48:31+00:00\",\"mainEntityOfPage\":{\"@id\":\"https:\\\/\\\/villa-perla.it\\\/da\\\/vintertid-i-villa-perla-piemonte\\\/\"},\"wordCount\":1113,\"publisher\":{\"@id\":\"https:\\\/\\\/villa-perla.it\\\/da\\\/#organization\"},\"image\":{\"@id\":\"https:\\\/\\\/villa-perla.it\\\/da\\\/vintertid-i-villa-perla-piemonte\\\/#primaryimage\"},\"thumbnailUrl\":\"https:\\\/\\\/villa-perla.it\\\/wp-content\\\/uploads\\\/2023\\\/02\\\/villa-perla-views-winter-001-scaled.webp\",\"keywords\":[\"AT G\u00d8RE\"],\"articleSection\":[\"AT G\u00d8RE\",\"Villa Perla\"],\"inLanguage\":\"da-DK\"},{\"@type\":\"WebPage\",\"@id\":\"https:\\\/\\\/villa-perla.it\\\/da\\\/vintertid-i-villa-perla-piemonte\\\/\",\"url\":\"https:\\\/\\\/villa-perla.it\\\/da\\\/vintertid-i-villa-perla-piemonte\\\/\",\"name\":\"Vintertid i Villa Perla Piemonte - Villa Perla | Langhe - Monferrato\",\"isPartOf\":{\"@id\":\"https:\\\/\\\/villa-perla.it\\\/da\\\/#website\"},\"primaryImageOfPage\":{\"@id\":\"https:\\\/\\\/villa-perla.it\\\/da\\\/vintertid-i-villa-perla-piemonte\\\/#primaryimage\"},\"image\":{\"@id\":\"https:\\\/\\\/villa-perla.it\\\/da\\\/vintertid-i-villa-perla-piemonte\\\/#primaryimage\"},\"thumbnailUrl\":\"https:\\\/\\\/villa-perla.it\\\/wp-content\\\/uploads\\\/2023\\\/02\\\/villa-perla-views-winter-001-scaled.webp\",\"datePublished\":\"2023-11-02T08:49:10+00:00\",\"dateModified\":\"2024-12-12T18:48:31+00:00\",\"description\":\"Hvad kan man lave omkring Villa Perla i Piemonte om vinteren: vinsmagning, skil\u00f8b, kulinariske ture, bes\u00f8g i byer og p\u00e5 museer, sport, byture, book en privat kok, ...\",\"breadcrumb\":{\"@id\":\"https:\\\/\\\/villa-perla.it\\\/da\\\/vintertid-i-villa-perla-piemonte\\\/#breadcrumb\"},\"inLanguage\":\"da-DK\",\"potentialAction\":[{\"@type\":\"ReadAction\",\"target\":[\"https:\\\/\\\/villa-perla.it\\\/da\\\/vintertid-i-villa-perla-piemonte\\\/\"]}]},{\"@type\":\"ImageObject\",\"inLanguage\":\"da-DK\",\"@id\":\"https:\\\/\\\/villa-perla.it\\\/da\\\/vintertid-i-villa-perla-piemonte\\\/#primaryimage\",\"url\":\"https:\\\/\\\/villa-perla.it\\\/wp-content\\\/uploads\\\/2023\\\/02\\\/villa-perla-views-winter-001-scaled.webp\",\"contentUrl\":\"https:\\\/\\\/villa-perla.it\\\/wp-content\\\/uploads\\\/2023\\\/02\\\/villa-perla-views-winter-001-scaled.webp\",\"width\":2560,\"height\":1440},{\"@type\":\"BreadcrumbList\",\"@id\":\"https:\\\/\\\/villa-perla.it\\\/da\\\/vintertid-i-villa-perla-piemonte\\\/#breadcrumb\",\"itemListElement\":[{\"@type\":\"ListItem\",\"position\":1,\"name\":\"Home\",\"item\":\"https:\\\/\\\/villa-perla.it\\\/da\\\/\"},{\"@type\":\"ListItem\",\"position\":2,\"name\":\"Vintertid i Villa Perla Piemonte\"}]},{\"@type\":\"WebSite\",\"@id\":\"https:\\\/\\\/villa-perla.it\\\/da\\\/#website\",\"url\":\"https:\\\/\\\/villa-perla.it\\\/da\\\/\",\"name\":\"Villa Perla | Langhe - Monferrato\",\"description\":\"Your private holiday house in Piemonte\",\"publisher\":{\"@id\":\"https:\\\/\\\/villa-perla.it\\\/da\\\/#organization\"},\"alternateName\":\"Villa Perla |\",\"potentialAction\":[{\"@type\":\"SearchAction\",\"target\":{\"@type\":\"EntryPoint\",\"urlTemplate\":\"https:\\\/\\\/villa-perla.it\\\/da\\\/?s={search_term_string}\"},\"query-input\":{\"@type\":\"PropertyValueSpecification\",\"valueRequired\":true,\"valueName\":\"search_term_string\"}}],\"inLanguage\":\"da-DK\"},{\"@type\":\"Organization\",\"@id\":\"https:\\\/\\\/villa-perla.it\\\/da\\\/#organization\",\"name\":\"Villa Perla Piemonte\",\"alternateName\":\"Villa Perla Piemonte\",\"url\":\"https:\\\/\\\/villa-perla.it\\\/da\\\/\",\"logo\":{\"@type\":\"ImageObject\",\"inLanguage\":\"da-DK\",\"@id\":\"https:\\\/\\\/villa-perla.it\\\/da\\\/#\\\/schema\\\/logo\\\/image\\\/\",\"url\":\"https:\\\/\\\/villa-perla.it\\\/wp-content\\\/uploads\\\/2021\\\/11\\\/villa-perla-piemone-logo-transparant-400-x-100-px.svg\",\"contentUrl\":\"https:\\\/\\\/villa-perla.it\\\/wp-content\\\/uploads\\\/2021\\\/11\\\/villa-perla-piemone-logo-transparant-400-x-100-px.svg\",\"caption\":\"Villa Perla Piemonte\"},\"image\":{\"@id\":\"https:\\\/\\\/villa-perla.it\\\/da\\\/#\\\/schema\\\/logo\\\/image\\\/\"},\"sameAs\":[\"https:\\\/\\\/www.facebook.com\\\/villaperla.piemonte\",\"https:\\\/\\\/www.instagram.com\\\/villaperla_piemonte\"]},{\"@type\":\"Person\",\"@id\":\"https:\\\/\\\/villa-perla.it\\\/da\\\/#\\\/schema\\\/person\\\/50b32b6cf17bc1cd8759ed65996c029a\",\"name\":\"Benny\",\"image\":{\"@type\":\"ImageObject\",\"inLanguage\":\"da-DK\",\"@id\":\"https:\\\/\\\/secure.gravatar.com\\\/avatar\\\/8bf9ac5b4d9ade86173c485647bdda279bf9bdd5088a0fdc4cefeb2f82d5588c?s=96&d=mm&r=g\",\"url\":\"https:\\\/\\\/secure.gravatar.com\\\/avatar\\\/8bf9ac5b4d9ade86173c485647bdda279bf9bdd5088a0fdc4cefeb2f82d5588c?s=96&d=mm&r=g\",\"contentUrl\":\"https:\\\/\\\/secure.gravatar.com\\\/avatar\\\/8bf9ac5b4d9ade86173c485647bdda279bf9bdd5088a0fdc4cefeb2f82d5588c?s=96&d=mm&r=g\",\"caption\":\"Benny\"},\"url\":\"https:\\\/\\\/villa-perla.it\\\/da\\\/author\\\/benny\\\/\"}]}<\/script>\n<!-- \/ Yoast SEO plugin. -->","yoast_head_json":{"title":"Vintertid i Villa Perla Piemonte - Villa Perla | Langhe - Monferrato","description":"Hvad kan man lave omkring Villa Perla i Piemonte om vinteren: vinsmagning, skil\u00f8b, kulinariske ture, bes\u00f8g i byer og p\u00e5 museer, sport, byture, book en privat kok, ...","robots":{"index":"index","follow":"follow","max-snippet":"max-snippet:-1","max-image-preview":"max-image-preview:large","max-video-preview":"max-video-preview:-1"},"canonical":"https:\/\/villa-perla.it\/da\/vintertid-i-villa-perla-piemonte\/","og_locale":"da_DK","og_type":"article","og_title":"vintertid-i-villa-perla-piemonte","og_description":"Hvad kan man lave omkring Villa Perla i Piemonte om vinteren: vinsmagning, skil\u00f8b, kulinariske ture, bes\u00f8g i byer og p\u00e5 museer, sport, byture, book en privat kok, ...","og_url":"https:\/\/villa-perla.it\/da\/vintertid-i-villa-perla-piemonte\/","og_site_name":"Villa Perla | Langhe - Monferrato","article_publisher":"https:\/\/www.facebook.com\/villaperla.piemonte","article_published_time":"2023-11-02T08:49:10+00:00","article_modified_time":"2024-12-12T18:48:31+00:00","og_image":[{"url":"https:\/\/villa-perla.it\/wp-content\/uploads\/2024\/07\/Villa-Perla-Piemonte-logo-private-holiday-house-in-italy-piemonte-1024x576.png","type":"","width":"","height":""}],"author":"Benny","twitter_card":"summary_large_image","twitter_title":"vintertid-i-villa-perla-piemonte","twitter_description":"Hvad kan man lave omkring Villa Perla i Piemonte om vinteren: vinsmagning, skil\u00f8b, kulinariske ture, bes\u00f8g i byer og p\u00e5 museer, sport, byture, book en privat kok, ...","twitter_image":"https:\/\/villa-perla.it\/wp-content\/uploads\/2024\/07\/Villa-Perla-Piemonte-logo-private-holiday-house-in-italy-piemonte-1024x576.png","twitter_misc":{"Skrevet af":"Benny","Estimeret l\u00e6setid":"6 minutter"},"schema":{"@context":"https:\/\/schema.org","@graph":[{"@type":"Article","@id":"https:\/\/villa-perla.it\/da\/vintertid-i-villa-perla-piemonte\/#article","isPartOf":{"@id":"https:\/\/villa-perla.it\/da\/vintertid-i-villa-perla-piemonte\/"},"author":{"name":"Benny","@id":"https:\/\/villa-perla.it\/da\/#\/schema\/person\/50b32b6cf17bc1cd8759ed65996c029a"},"headline":"Vintertid i Villa Perla Piemonte","datePublished":"2023-11-02T08:49:10+00:00","dateModified":"2024-12-12T18:48:31+00:00","mainEntityOfPage":{"@id":"https:\/\/villa-perla.it\/da\/vintertid-i-villa-perla-piemonte\/"},"wordCount":1113,"publisher":{"@id":"https:\/\/villa-perla.it\/da\/#organization"},"image":{"@id":"https:\/\/villa-perla.it\/da\/vintertid-i-villa-perla-piemonte\/#primaryimage"},"thumbnailUrl":"https:\/\/villa-perla.it\/wp-content\/uploads\/2023\/02\/villa-perla-views-winter-001-scaled.webp","keywords":["AT G\u00d8RE"],"articleSection":["AT G\u00d8RE","Villa Perla"],"inLanguage":"da-DK"},{"@type":"WebPage","@id":"https:\/\/villa-perla.it\/da\/vintertid-i-villa-perla-piemonte\/","url":"https:\/\/villa-perla.it\/da\/vintertid-i-villa-perla-piemonte\/","name":"Vintertid i Villa Perla Piemonte - Villa Perla | Langhe - Monferrato","isPartOf":{"@id":"https:\/\/villa-perla.it\/da\/#website"},"primaryImageOfPage":{"@id":"https:\/\/villa-perla.it\/da\/vintertid-i-villa-perla-piemonte\/#primaryimage"},"image":{"@id":"https:\/\/villa-perla.it\/da\/vintertid-i-villa-perla-piemonte\/#primaryimage"},"thumbnailUrl":"https:\/\/villa-perla.it\/wp-content\/uploads\/2023\/02\/villa-perla-views-winter-001-scaled.webp","datePublished":"2023-11-02T08:49:10+00:00","dateModified":"2024-12-12T18:48:31+00:00","description":"Hvad kan man lave omkring Villa Perla i Piemonte om vinteren: vinsmagning, skil\u00f8b, kulinariske ture, bes\u00f8g i byer og p\u00e5 museer, sport, byture, book en privat kok, ...","breadcrumb":{"@id":"https:\/\/villa-perla.it\/da\/vintertid-i-villa-perla-piemonte\/#breadcrumb"},"inLanguage":"da-DK","potentialAction":[{"@type":"ReadAction","target":["https:\/\/villa-perla.it\/da\/vintertid-i-villa-perla-piemonte\/"]}]},{"@type":"ImageObject","inLanguage":"da-DK","@id":"https:\/\/villa-perla.it\/da\/vintertid-i-villa-perla-piemonte\/#primaryimage","url":"https:\/\/villa-perla.it\/wp-content\/uploads\/2023\/02\/villa-perla-views-winter-001-scaled.webp","contentUrl":"https:\/\/villa-perla.it\/wp-content\/uploads\/2023\/02\/villa-perla-views-winter-001-scaled.webp","width":2560,"height":1440},{"@type":"BreadcrumbList","@id":"https:\/\/villa-perla.it\/da\/vintertid-i-villa-perla-piemonte\/#breadcrumb","itemListElement":[{"@type":"ListItem","position":1,"name":"Home","item":"https:\/\/villa-perla.it\/da\/"},{"@type":"ListItem","position":2,"name":"Vintertid i Villa Perla Piemonte"}]},{"@type":"WebSite","@id":"https:\/\/villa-perla.it\/da\/#website","url":"https:\/\/villa-perla.it\/da\/","name":"Villa Perla | Langhe - Monferrato","description":"Your private holiday house in Piemonte","publisher":{"@id":"https:\/\/villa-perla.it\/da\/#organization"},"alternateName":"Villa Perla |","potentialAction":[{"@type":"SearchAction","target":{"@type":"EntryPoint","urlTemplate":"https:\/\/villa-perla.it\/da\/?s={search_term_string}"},"query-input":{"@type":"PropertyValueSpecification","valueRequired":true,"valueName":"search_term_string"}}],"inLanguage":"da-DK"},{"@type":"Organization","@id":"https:\/\/villa-perla.it\/da\/#organization","name":"Villa Perla Piemonte","alternateName":"Villa Perla Piemonte","url":"https:\/\/villa-perla.it\/da\/","logo":{"@type":"ImageObject","inLanguage":"da-DK","@id":"https:\/\/villa-perla.it\/da\/#\/schema\/logo\/image\/","url":"https:\/\/villa-perla.it\/wp-content\/uploads\/2021\/11\/villa-perla-piemone-logo-transparant-400-x-100-px.svg","contentUrl":"https:\/\/villa-perla.it\/wp-content\/uploads\/2021\/11\/villa-perla-piemone-logo-transparant-400-x-100-px.svg","caption":"Villa Perla Piemonte"},"image":{"@id":"https:\/\/villa-perla.it\/da\/#\/schema\/logo\/image\/"},"sameAs":["https:\/\/www.facebook.com\/villaperla.piemonte","https:\/\/www.instagram.com\/villaperla_piemonte"]},{"@type":"Person","@id":"https:\/\/villa-perla.it\/da\/#\/schema\/person\/50b32b6cf17bc1cd8759ed65996c029a","name":"Benny","image":{"@type":"ImageObject","inLanguage":"da-DK","@id":"https:\/\/secure.gravatar.com\/avatar\/8bf9ac5b4d9ade86173c485647bdda279bf9bdd5088a0fdc4cefeb2f82d5588c?s=96&d=mm&r=g","url":"https:\/\/secure.gravatar.com\/avatar\/8bf9ac5b4d9ade86173c485647bdda279bf9bdd5088a0fdc4cefeb2f82d5588c?s=96&d=mm&r=g","contentUrl":"https:\/\/secure.gravatar.com\/avatar\/8bf9ac5b4d9ade86173c485647bdda279bf9bdd5088a0fdc4cefeb2f82d5588c?s=96&d=mm&r=g","caption":"Benny"},"url":"https:\/\/villa-perla.it\/da\/author\/benny\/"}]}},"_links":{"self":[{"href":"https:\/\/villa-perla.it\/da\/wp-json\/wp\/v2\/posts\/16425","targetHints":{"allow":["GET"]}}],"collection":[{"href":"https:\/\/villa-perla.it\/da\/wp-json\/wp\/v2\/posts"}],"about":[{"href":"https:\/\/villa-perla.it\/da\/wp-json\/wp\/v2\/types\/post"}],"author":[{"embeddable":true,"href":"https:\/\/villa-perla.it\/da\/wp-json\/wp\/v2\/users\/5"}],"replies":[{"embeddable":true,"href":"https:\/\/villa-perla.it\/da\/wp-json\/wp\/v2\/comments?post=16425"}],"version-history":[{"count":0,"href":"https:\/\/villa-perla.it\/da\/wp-json\/wp\/v2\/posts\/16425\/revisions"}],"wp:featuredmedia":[{"embeddable":true,"href":"https:\/\/villa-perla.it\/da\/wp-json\/wp\/v2\/media\/16426"}],"wp:attachment":[{"href":"https:\/\/villa-perla.it\/da\/wp-json\/wp\/v2\/media?parent=16425"}],"wp:term":[{"taxonomy":"category","embeddable":true,"href":"https:\/\/villa-perla.it\/da\/wp-json\/wp\/v2\/categories?post=16425"},{"taxonomy":"post_tag","embeddable":true,"href":"https:\/\/villa-perla.it\/da\/wp-json\/wp\/v2\/tags?post=16425"}],"curies":[{"name":"wp","href":"https:\/\/api.w.org\/{rel}","templated":true}]}}