{"id":16422,"date":"2023-11-23T13:31:16","date_gmt":"2023-11-23T12:31:16","guid":{"rendered":"https:\/\/villa-perla.it\/ostesmagning-hos-caseificio-pepe-1924-i-costigliole-dasti\/"},"modified":"2026-02-26T10:48:53","modified_gmt":"2026-02-26T09:48:53","slug":"ostesmagning-hos-caseificio-pepe-1924-i-costigliole-dasti","status":"publish","type":"post","link":"https:\/\/villa-perla.it\/da\/ostesmagning-hos-caseificio-pepe-1924-i-costigliole-dasti\/","title":{"rendered":"Ostesmagning hos Caseificio &#8220;Pepe 1924&#8221; i Costigliole d&#8217;Asti"},"content":{"rendered":"\t\t<div data-elementor-type=\"wp-post\" data-elementor-id=\"16422\" class=\"elementor elementor-16422 elementor-12160\" data-elementor-post-type=\"post\">\n\t\t\t\t\t\t<section class=\"elementor-section elementor-top-section elementor-element elementor-element-2c22f9bc elementor-section-height-min-height elementor-section-content-middle elementor-section-boxed elementor-section-height-default elementor-section-items-middle\" data-id=\"2c22f9bc\" data-element_type=\"section\" data-e-type=\"section\" data-settings=\"{&quot;background_background&quot;:&quot;classic&quot;,&quot;jet_parallax_layout_list&quot;:[{&quot;_id&quot;:&quot;b571a24&quot;,&quot;jet_parallax_layout_image&quot;:{&quot;url&quot;:&quot;&quot;,&quot;id&quot;:&quot;&quot;,&quot;size&quot;:&quot;&quot;},&quot;jet_parallax_layout_image_tablet&quot;:{&quot;url&quot;:&quot;&quot;,&quot;id&quot;:&quot;&quot;,&quot;size&quot;:&quot;&quot;},&quot;jet_parallax_layout_image_mobile&quot;:{&quot;url&quot;:&quot;&quot;,&quot;id&quot;:&quot;&quot;,&quot;size&quot;:&quot;&quot;},&quot;jet_parallax_layout_speed&quot;:{&quot;unit&quot;:&quot;%&quot;,&quot;size&quot;:50,&quot;sizes&quot;:[]},&quot;jet_parallax_layout_type&quot;:&quot;scroll&quot;,&quot;jet_parallax_layout_direction&quot;:&quot;1&quot;,&quot;jet_parallax_layout_fx_direction&quot;:null,&quot;jet_parallax_layout_z_index&quot;:&quot;&quot;,&quot;jet_parallax_layout_bg_x&quot;:50,&quot;jet_parallax_layout_bg_x_tablet&quot;:&quot;&quot;,&quot;jet_parallax_layout_bg_x_mobile&quot;:&quot;&quot;,&quot;jet_parallax_layout_bg_y&quot;:50,&quot;jet_parallax_layout_bg_y_tablet&quot;:&quot;&quot;,&quot;jet_parallax_layout_bg_y_mobile&quot;:&quot;&quot;,&quot;jet_parallax_layout_bg_size&quot;:&quot;auto&quot;,&quot;jet_parallax_layout_bg_size_tablet&quot;:&quot;&quot;,&quot;jet_parallax_layout_bg_size_mobile&quot;:&quot;&quot;,&quot;jet_parallax_layout_animation_prop&quot;:&quot;transform&quot;,&quot;jet_parallax_layout_on&quot;:[&quot;desktop&quot;,&quot;tablet&quot;]}]}\">\n\t\t\t\t\t\t\t<div class=\"elementor-background-overlay\"><\/div>\n\t\t\t\t\t\t\t<div class=\"elementor-container elementor-column-gap-no\">\n\t\t\t\t\t<div class=\"elementor-column elementor-col-100 elementor-top-column elementor-element elementor-element-1014da85\" data-id=\"1014da85\" data-element_type=\"column\" data-e-type=\"column\">\n\t\t\t<div class=\"elementor-widget-wrap elementor-element-populated\">\n\t\t\t\t\t\t<div class=\"elementor-element elementor-element-87f645e elementor-widget elementor-widget-heading\" data-id=\"87f645e\" data-element_type=\"widget\" data-e-type=\"widget\" data-widget_type=\"heading.default\">\n\t\t\t\t<div class=\"elementor-widget-container\">\n\t\t\t\t\t<h1 class=\"elementor-heading-title elementor-size-default\">Nyd en l\u00e6kker lokal <br> Ostesmagning i Piemonte!<\/h1>\t\t\t\t<\/div>\n\t\t\t\t<\/div>\n\t\t\t\t<div class=\"elementor-element elementor-element-d65b604 elementor-align-center elementor-widget elementor-widget-post-info\" data-id=\"d65b604\" data-element_type=\"widget\" data-e-type=\"widget\" data-widget_type=\"post-info.default\">\n\t\t\t\t<div class=\"elementor-widget-container\">\n\t\t\t\t\t\t\t<ul class=\"elementor-inline-items elementor-icon-list-items elementor-post-info\">\n\t\t\t\t\t\t\t\t<li class=\"elementor-icon-list-item elementor-repeater-item-618fd2e elementor-inline-item\" itemprop=\"datePublished\">\n\t\t\t\t\t\t<a href=\"https:\/\/villa-perla.it\/da\/2023\/11\/23\/\">\n\t\t\t\t\t\t\t\t\t\t\t<span class=\"elementor-icon-list-icon\">\n\t\t\t\t\t\t\t\t<svg aria-hidden=\"true\" class=\"e-font-icon-svg e-fas-calendar\" viewBox=\"0 0 448 512\" xmlns=\"http:\/\/www.w3.org\/2000\/svg\"><path d=\"M12 192h424c6.6 0 12 5.4 12 12v260c0 26.5-21.5 48-48 48H48c-26.5 0-48-21.5-48-48V204c0-6.6 5.4-12 12-12zm436-44v-36c0-26.5-21.5-48-48-48h-48V12c0-6.6-5.4-12-12-12h-40c-6.6 0-12 5.4-12 12v52H160V12c0-6.6-5.4-12-12-12h-40c-6.6 0-12 5.4-12 12v52H48C21.5 64 0 85.5 0 112v36c0 6.6 5.4 12 12 12h424c6.6 0 12-5.4 12-12z\"><\/path><\/svg>\t\t\t\t\t\t\t<\/span>\n\t\t\t\t\t\t\t\t\t<span class=\"elementor-icon-list-text elementor-post-info__item elementor-post-info__item--type-date\">\n\t\t\t\t\t\t\t\t\t\t<time>23\/11\/2023<\/time>\t\t\t\t\t<\/span>\n\t\t\t\t\t\t\t\t\t<\/a>\n\t\t\t\t<\/li>\n\t\t\t\t<\/ul>\n\t\t\t\t\t\t<\/div>\n\t\t\t\t<\/div>\n\t\t\t\t\t<\/div>\n\t\t<\/div>\n\t\t\t\t\t<\/div>\n\t\t<\/section>\n\t\t\t\t<section class=\"elementor-section elementor-top-section elementor-element elementor-element-5216b95a elementor-section-boxed elementor-section-height-default elementor-section-height-default\" data-id=\"5216b95a\" data-element_type=\"section\" data-e-type=\"section\" data-settings=\"{&quot;jet_parallax_layout_list&quot;:[{&quot;_id&quot;:&quot;8b0c4e9&quot;,&quot;jet_parallax_layout_image&quot;:{&quot;url&quot;:&quot;&quot;,&quot;id&quot;:&quot;&quot;,&quot;size&quot;:&quot;&quot;},&quot;jet_parallax_layout_image_tablet&quot;:{&quot;url&quot;:&quot;&quot;,&quot;id&quot;:&quot;&quot;,&quot;size&quot;:&quot;&quot;},&quot;jet_parallax_layout_image_mobile&quot;:{&quot;url&quot;:&quot;&quot;,&quot;id&quot;:&quot;&quot;,&quot;size&quot;:&quot;&quot;},&quot;jet_parallax_layout_speed&quot;:{&quot;unit&quot;:&quot;%&quot;,&quot;size&quot;:50,&quot;sizes&quot;:[]},&quot;jet_parallax_layout_type&quot;:&quot;scroll&quot;,&quot;jet_parallax_layout_direction&quot;:&quot;1&quot;,&quot;jet_parallax_layout_fx_direction&quot;:null,&quot;jet_parallax_layout_z_index&quot;:&quot;&quot;,&quot;jet_parallax_layout_bg_x&quot;:50,&quot;jet_parallax_layout_bg_x_tablet&quot;:&quot;&quot;,&quot;jet_parallax_layout_bg_x_mobile&quot;:&quot;&quot;,&quot;jet_parallax_layout_bg_y&quot;:50,&quot;jet_parallax_layout_bg_y_tablet&quot;:&quot;&quot;,&quot;jet_parallax_layout_bg_y_mobile&quot;:&quot;&quot;,&quot;jet_parallax_layout_bg_size&quot;:&quot;auto&quot;,&quot;jet_parallax_layout_bg_size_tablet&quot;:&quot;&quot;,&quot;jet_parallax_layout_bg_size_mobile&quot;:&quot;&quot;,&quot;jet_parallax_layout_animation_prop&quot;:&quot;transform&quot;,&quot;jet_parallax_layout_on&quot;:[&quot;desktop&quot;,&quot;tablet&quot;]}]}\">\n\t\t\t\t\t\t<div class=\"elementor-container elementor-column-gap-default\">\n\t\t\t\t\t<div class=\"elementor-column elementor-col-50 elementor-top-column elementor-element elementor-element-2f6181f4\" data-id=\"2f6181f4\" data-element_type=\"column\" data-e-type=\"column\">\n\t\t\t<div class=\"elementor-widget-wrap elementor-element-populated\">\n\t\t\t\t\t\t<div class=\"elementor-element elementor-element-591aa44 elementor-widget elementor-widget-heading\" data-id=\"591aa44\" data-element_type=\"widget\" data-e-type=\"widget\" data-widget_type=\"heading.default\">\n\t\t\t\t<div class=\"elementor-widget-container\">\n\t\t\t\t\t<h2 class=\"elementor-heading-title elementor-size-default\">OSTESMAGNING P\u00c5 CASEIFICIO \"PEPE 1924\" i costigliole d'asti<\/h2>\t\t\t\t<\/div>\n\t\t\t\t<\/div>\n\t\t\t\t<div class=\"elementor-element elementor-element-0008288 elementor-share-buttons--view-icon elementor-share-buttons--skin-minimal elementor-share-buttons--color-custom elementor-share-buttons--shape-square elementor-grid-0 elementor-widget elementor-widget-share-buttons\" data-id=\"0008288\" data-element_type=\"widget\" data-e-type=\"widget\" data-widget_type=\"share-buttons.default\">\n\t\t\t\t<div class=\"elementor-widget-container\">\n\t\t\t\t\t\t\t<div class=\"elementor-grid\" role=\"list\">\n\t\t\t\t\t\t\t\t<div class=\"elementor-grid-item\" role=\"listitem\">\n\t\t\t\t\t\t<div class=\"elementor-share-btn elementor-share-btn_whatsapp\" role=\"button\" tabindex=\"0\" aria-label=\"Del p\u00e5 whatsapp\">\n\t\t\t\t\t\t\t\t\t\t\t\t\t\t\t<span class=\"elementor-share-btn__icon\">\n\t\t\t\t\t\t\t\t<svg aria-hidden=\"true\" class=\"e-font-icon-svg e-fab-whatsapp\" viewBox=\"0 0 448 512\" xmlns=\"http:\/\/www.w3.org\/2000\/svg\"><path d=\"M380.9 97.1C339 55.1 283.2 32 223.9 32c-122.4 0-222 99.6-222 222 0 39.1 10.2 77.3 29.6 111L0 480l117.7-30.9c32.4 17.7 68.9 27 106.1 27h.1c122.3 0 224.1-99.6 224.1-222 0-59.3-25.2-115-67.1-157zm-157 341.6c-33.2 0-65.7-8.9-94-25.7l-6.7-4-69.8 18.3L72 359.2l-4.4-7c-18.5-29.4-28.2-63.3-28.2-98.2 0-101.7 82.8-184.5 184.6-184.5 49.3 0 95.6 19.2 130.4 54.1 34.8 34.9 56.2 81.2 56.1 130.5 0 101.8-84.9 184.6-186.6 184.6zm101.2-138.2c-5.5-2.8-32.8-16.2-37.9-18-5.1-1.9-8.8-2.8-12.5 2.8-3.7 5.6-14.3 18-17.6 21.8-3.2 3.7-6.5 4.2-12 1.4-32.6-16.3-54-29.1-75.5-66-5.7-9.8 5.7-9.1 16.3-30.3 1.8-3.7.9-6.9-.5-9.7-1.4-2.8-12.5-30.1-17.1-41.2-4.5-10.8-9.1-9.3-12.5-9.5-3.2-.2-6.9-.2-10.6-.2-3.7 0-9.7 1.4-14.8 6.9-5.1 5.6-19.4 19-19.4 46.3 0 27.3 19.9 53.7 22.6 57.4 2.8 3.7 39.1 59.7 94.8 83.8 35.2 15.2 49 16.5 66.6 13.9 10.7-1.6 32.8-13.4 37.4-26.4 4.6-13 4.6-24.1 3.2-26.4-1.3-2.5-5-3.9-10.5-6.6z\"><\/path><\/svg>\t\t\t\t\t\t\t<\/span>\n\t\t\t\t\t\t\t\t\t\t\t\t\t\t\t\t\t\t\t\t<\/div>\n\t\t\t\t\t<\/div>\n\t\t\t\t\t\t\t\t\t<div class=\"elementor-grid-item\" role=\"listitem\">\n\t\t\t\t\t\t<div class=\"elementor-share-btn elementor-share-btn_facebook\" role=\"button\" tabindex=\"0\" aria-label=\"Del p\u00e5 facebook\">\n\t\t\t\t\t\t\t\t\t\t\t\t\t\t\t<span class=\"elementor-share-btn__icon\">\n\t\t\t\t\t\t\t\t<svg aria-hidden=\"true\" class=\"e-font-icon-svg e-fab-facebook\" viewBox=\"0 0 512 512\" xmlns=\"http:\/\/www.w3.org\/2000\/svg\"><path d=\"M504 256C504 119 393 8 256 8S8 119 8 256c0 123.78 90.69 226.38 209.25 245V327.69h-63V256h63v-54.64c0-62.15 37-96.48 93.67-96.48 27.14 0 55.52 4.84 55.52 4.84v61h-31.28c-30.8 0-40.41 19.12-40.41 38.73V256h68.78l-11 71.69h-57.78V501C413.31 482.38 504 379.78 504 256z\"><\/path><\/svg>\t\t\t\t\t\t\t<\/span>\n\t\t\t\t\t\t\t\t\t\t\t\t\t\t\t\t\t\t\t\t<\/div>\n\t\t\t\t\t<\/div>\n\t\t\t\t\t\t\t\t\t<div class=\"elementor-grid-item\" role=\"listitem\">\n\t\t\t\t\t\t<div class=\"elementor-share-btn elementor-share-btn_linkedin\" role=\"button\" tabindex=\"0\" aria-label=\"Del p\u00e5 linkedin\">\n\t\t\t\t\t\t\t\t\t\t\t\t\t\t\t<span class=\"elementor-share-btn__icon\">\n\t\t\t\t\t\t\t\t<svg aria-hidden=\"true\" class=\"e-font-icon-svg e-fab-linkedin\" viewBox=\"0 0 448 512\" xmlns=\"http:\/\/www.w3.org\/2000\/svg\"><path d=\"M416 32H31.9C14.3 32 0 46.5 0 64.3v383.4C0 465.5 14.3 480 31.9 480H416c17.6 0 32-14.5 32-32.3V64.3c0-17.8-14.4-32.3-32-32.3zM135.4 416H69V202.2h66.5V416zm-33.2-243c-21.3 0-38.5-17.3-38.5-38.5S80.9 96 102.2 96c21.2 0 38.5 17.3 38.5 38.5 0 21.3-17.2 38.5-38.5 38.5zm282.1 243h-66.4V312c0-24.8-.5-56.7-34.5-56.7-34.6 0-39.9 27-39.9 54.9V416h-66.4V202.2h63.7v29.2h.9c8.9-16.8 30.6-34.5 62.9-34.5 67.2 0 79.7 44.3 79.7 101.9V416z\"><\/path><\/svg>\t\t\t\t\t\t\t<\/span>\n\t\t\t\t\t\t\t\t\t\t\t\t\t\t\t\t\t\t\t\t<\/div>\n\t\t\t\t\t<\/div>\n\t\t\t\t\t\t<\/div>\n\t\t\t\t\t\t<\/div>\n\t\t\t\t<\/div>\n\t\t\t\t<div class=\"elementor-element elementor-element-1bcaa596 elementor-widget__width-initial elementor-widget elementor-widget-text-editor\" data-id=\"1bcaa596\" data-element_type=\"widget\" data-e-type=\"widget\" data-widget_type=\"text-editor.default\">\n\t\t\t\t<div class=\"elementor-widget-container\">\n\t\t\t\t\t\t\t\t\t<p>N\u00e5r du k\u00f8rer gennem Costigliole d&#8217;Asti mod Villa Perla, lige f\u00f8r du kommer ind i vinmarkerne, kommer du lige forbi <a href=\"https:\/\/www.facebook.com\/pepe1924\/?locale=it_IT\" target=\"_blank\" rel=\"noopener\"><b>Caseificio Pepe 1924<\/b><\/a>. Stop med det samme, hvis du kan, og k\u00f8b deres friske oste og yochurts, s\u00e5 du er klar til dit ophold :-). Ellers skal du ikke bekymre dig, det er kun 10 minutters k\u00f8rsel v\u00e6k :-).  <\/p><p>Disse oste er himlen p\u00e5 en tallerken. Du kan v\u00e6lge mellem de bedste lokale oste og klassikere som Mozarella, Nodini og Burrata. Selv k\u00f8ber vi altid to burrataer: en til at spise i Villa Perla og en til at tage med til Pisa.  <\/p><p>Den gode nyhed er, at man ogs\u00e5 kan arrangere en rigtig god ostesmagning; det st\u00e5r stadig p\u00e5 vores egen bucket list, men vi gl\u00e6der os meget til at nyde dette \u00f8jeblik!<\/p>\t\t\t\t\t\t\t\t<\/div>\n\t\t\t\t<\/div>\n\t\t\t\t<section class=\"elementor-section elementor-inner-section elementor-element elementor-element-1b1da35 elementor-section-boxed elementor-section-height-default elementor-section-height-default\" data-id=\"1b1da35\" data-element_type=\"section\" data-e-type=\"section\" data-settings=\"{&quot;jet_parallax_layout_list&quot;:[]}\">\n\t\t\t\t\t\t<div class=\"elementor-container elementor-column-gap-narrow\">\n\t\t\t\t\t<div class=\"elementor-column elementor-col-33 elementor-inner-column elementor-element elementor-element-b228da0\" data-id=\"b228da0\" data-element_type=\"column\" data-e-type=\"column\">\n\t\t\t<div class=\"elementor-widget-wrap elementor-element-populated\">\n\t\t\t\t\t\t<div class=\"elementor-element elementor-element-b400d8e elementor-widget elementor-widget-image\" data-id=\"b400d8e\" data-element_type=\"widget\" data-e-type=\"widget\" data-widget_type=\"image.default\">\n\t\t\t\t<div class=\"elementor-widget-container\">\n\t\t\t\t\t\t\t\t\t\t\t\t\t\t\t\t<a href=\"https:\/\/villa-perla.it\/wp-content\/uploads\/2023\/11\/caseificio-pepe1924-costigliole-dasti-002-e1700741448291.jpg\" data-elementor-open-lightbox=\"yes\" data-elementor-lightbox-title=\"caseificio pepe1924 - costigliole d&#039;asti-002\" data-e-action-hash=\"#elementor-action%3Aaction%3Dlightbox%26settings%3DeyJpZCI6MTIxODMsInVybCI6Imh0dHBzOlwvXC92aWxsYS1wZXJsYS5pdFwvd3AtY29udGVudFwvdXBsb2Fkc1wvMjAyM1wvMTFcL2Nhc2VpZmljaW8tcGVwZTE5MjQtY29zdGlnbGlvbGUtZGFzdGktMDAyLWUxNzAwNzQxNDQ4MjkxLndlYnAifQ%3D%3D\">\n\t\t\t\t\t\t\t<img fetchpriority=\"high\" decoding=\"async\" width=\"768\" height=\"768\" src=\"https:\/\/villa-perla.it\/wp-content\/uploads\/2023\/11\/caseificio-pepe1924-costigliole-dasti-002-e1700741448291-768x768.webp\" class=\"attachment-medium_large size-medium_large wp-image-12183\" alt=\"\" srcset=\"https:\/\/villa-perla.it\/wp-content\/uploads\/2023\/11\/caseificio-pepe1924-costigliole-dasti-002-e1700741448291-768x768.webp 768w, https:\/\/villa-perla.it\/wp-content\/uploads\/2023\/11\/caseificio-pepe1924-costigliole-dasti-002-e1700741448291-300x300.webp 300w, https:\/\/villa-perla.it\/wp-content\/uploads\/2023\/11\/caseificio-pepe1924-costigliole-dasti-002-e1700741448291-150x150.webp 150w, https:\/\/villa-perla.it\/wp-content\/uploads\/2023\/11\/caseificio-pepe1924-costigliole-dasti-002-e1700741448291.webp 900w\" sizes=\"(max-width: 768px) 100vw, 768px\" \/>\t\t\t\t\t\t\t\t<\/a>\n\t\t\t\t\t\t\t\t\t\t\t\t\t\t\t<\/div>\n\t\t\t\t<\/div>\n\t\t\t\t\t<\/div>\n\t\t<\/div>\n\t\t\t\t<div class=\"elementor-column elementor-col-33 elementor-inner-column elementor-element elementor-element-0684cba\" data-id=\"0684cba\" data-element_type=\"column\" data-e-type=\"column\">\n\t\t\t<div class=\"elementor-widget-wrap elementor-element-populated\">\n\t\t\t\t\t\t<div class=\"elementor-element elementor-element-df9dba5 elementor-widget elementor-widget-image\" data-id=\"df9dba5\" data-element_type=\"widget\" data-e-type=\"widget\" data-widget_type=\"image.default\">\n\t\t\t\t<div class=\"elementor-widget-container\">\n\t\t\t\t\t\t\t\t\t\t\t\t\t\t\t\t<a href=\"https:\/\/villa-perla.it\/wp-content\/uploads\/2023\/11\/caseificio-pepe1924-costigliole-dasti-001.jpg\" data-elementor-open-lightbox=\"yes\" data-elementor-lightbox-title=\"caseificio pepe1924 - costigliole d&#039;asti-001\" data-e-action-hash=\"#elementor-action%3Aaction%3Dlightbox%26settings%3DeyJpZCI6MTY0MjMsInVybCI6Imh0dHBzOlwvXC92aWxsYS1wZXJsYS5pdFwvd3AtY29udGVudFwvdXBsb2Fkc1wvMjAyM1wvMTFcL2Nhc2VpZmljaW8tcGVwZTE5MjQtY29zdGlnbGlvbGUtZGFzdGktMDAxLndlYnAifQ%3D%3D\">\n\t\t\t\t\t\t\t<img decoding=\"async\" width=\"768\" height=\"768\" src=\"https:\/\/villa-perla.it\/wp-content\/uploads\/2023\/11\/caseificio-pepe1924-costigliole-dasti-001-768x768.jpg\" class=\"attachment-medium_large size-medium_large wp-image-16423\" alt=\"\" srcset=\"https:\/\/villa-perla.it\/wp-content\/uploads\/2023\/11\/caseificio-pepe1924-costigliole-dasti-001-768x768.jpg 768w, https:\/\/villa-perla.it\/wp-content\/uploads\/2023\/11\/caseificio-pepe1924-costigliole-dasti-001-300x300.jpg 300w, https:\/\/villa-perla.it\/wp-content\/uploads\/2023\/11\/caseificio-pepe1924-costigliole-dasti-001-1024x1024.jpg 1024w, https:\/\/villa-perla.it\/wp-content\/uploads\/2023\/11\/caseificio-pepe1924-costigliole-dasti-001-150x150.jpg 150w, https:\/\/villa-perla.it\/wp-content\/uploads\/2023\/11\/caseificio-pepe1924-costigliole-dasti-001.jpg 1440w\" sizes=\"(max-width: 768px) 100vw, 768px\" \/>\t\t\t\t\t\t\t\t<\/a>\n\t\t\t\t\t\t\t\t\t\t\t\t\t\t\t<\/div>\n\t\t\t\t<\/div>\n\t\t\t\t\t<\/div>\n\t\t<\/div>\n\t\t\t\t<div class=\"elementor-column elementor-col-33 elementor-inner-column elementor-element elementor-element-f11d4fd\" data-id=\"f11d4fd\" data-element_type=\"column\" data-e-type=\"column\">\n\t\t\t<div class=\"elementor-widget-wrap elementor-element-populated\">\n\t\t\t\t\t\t<div class=\"elementor-element elementor-element-72c4d59 elementor-widget elementor-widget-image\" data-id=\"72c4d59\" data-element_type=\"widget\" data-e-type=\"widget\" data-widget_type=\"image.default\">\n\t\t\t\t<div class=\"elementor-widget-container\">\n\t\t\t\t\t\t\t\t\t\t\t\t\t\t\t\t<a href=\"https:\/\/villa-perla.it\/wp-content\/uploads\/2023\/11\/caseificio-pepe1924-costigliole-dasti-003.jpg\" data-elementor-open-lightbox=\"yes\" data-elementor-lightbox-title=\"caseificio pepe1924 - costigliole d&#039;asti-003\" data-e-action-hash=\"#elementor-action%3Aaction%3Dlightbox%26settings%3DeyJpZCI6MTIxNzMsInVybCI6Imh0dHBzOlwvXC92aWxsYS1wZXJsYS5pdFwvd3AtY29udGVudFwvdXBsb2Fkc1wvMjAyM1wvMTFcL2Nhc2VpZmljaW8tcGVwZTE5MjQtY29zdGlnbGlvbGUtZGFzdGktMDAzLndlYnAifQ%3D%3D\">\n\t\t\t\t\t\t\t<img decoding=\"async\" width=\"768\" height=\"768\" src=\"https:\/\/villa-perla.it\/wp-content\/uploads\/2023\/11\/caseificio-pepe1924-costigliole-dasti-003-768x768.webp\" class=\"attachment-medium_large size-medium_large wp-image-12173\" alt=\"\" srcset=\"https:\/\/villa-perla.it\/wp-content\/uploads\/2023\/11\/caseificio-pepe1924-costigliole-dasti-003-768x768.webp 768w, https:\/\/villa-perla.it\/wp-content\/uploads\/2023\/11\/caseificio-pepe1924-costigliole-dasti-003-300x300.webp 300w, https:\/\/villa-perla.it\/wp-content\/uploads\/2023\/11\/caseificio-pepe1924-costigliole-dasti-003-1024x1024.webp 1024w, https:\/\/villa-perla.it\/wp-content\/uploads\/2023\/11\/caseificio-pepe1924-costigliole-dasti-003-150x150.webp 150w, https:\/\/villa-perla.it\/wp-content\/uploads\/2023\/11\/caseificio-pepe1924-costigliole-dasti-003.webp 1440w\" sizes=\"(max-width: 768px) 100vw, 768px\" \/>\t\t\t\t\t\t\t\t<\/a>\n\t\t\t\t\t\t\t\t\t\t\t\t\t\t\t<\/div>\n\t\t\t\t<\/div>\n\t\t\t\t\t<\/div>\n\t\t<\/div>\n\t\t\t\t\t<\/div>\n\t\t<\/section>\n\t\t\t\t<div class=\"elementor-element elementor-element-2a0954f elementor-widget__width-initial elementor-widget elementor-widget-text-editor\" data-id=\"2a0954f\" data-element_type=\"widget\" data-e-type=\"widget\" data-widget_type=\"text-editor.default\">\n\t\t\t\t<div class=\"elementor-widget-container\">\n\t\t\t\t\t\t\t\t\t<h2><strong>Lidt flere detaljer om ostesmagningerne:<\/strong><\/h2><ul><li dir=\"auto\">Smagningen af de friske oste og lokale produkter ledsages af et glas vin fra regionen.<\/li><li dir=\"auto\">Rundvisningen og smagningen varer cirka en time.<\/li><li dir=\"auto\">Prisen er 20 euro pr. person, og det er muligt for grupper p\u00e5 mindst 4 personer.<\/li><li dir=\"auto\">Bes\u00f8gene finder fortrinsvis sted om morgenen fra onsdag til fredag (afh\u00e6ngigt af tilg\u00e6ngelighed) og starter kl. 9-9.30.<\/li><li dir=\"auto\">For st\u00f8rre grupper kan det muligvis ogs\u00e5 arrangeres l\u00f8rdag eller s\u00f8ndag, men kontakt venligst butikken p\u00e5 forh\u00e5nd.<\/li><\/ul><h2> <\/h2><h2><b>Adresse og kontaktoplysninger:<\/b><\/h2><p class=\"x1heor9g x1qlqyl8 x1pd3egz x1a2a7pz\"><strong>Caseificio &#8220;Pepe1924&#8221;  <\/strong><\/p><p>location Sabbionassi &#8211; via Asti-Nizza, 67 &#8211; 14055 Costigliole d&#8217;Asti (AT)<\/p><p>Telefon: +39 338 860.5313<\/p><p>E-mail: <strong>caseificiopepe@hotmail.com<\/strong><\/p>\t\t\t\t\t\t\t\t<\/div>\n\t\t\t\t<\/div>\n\t\t\t\t<div class=\"elementor-element elementor-element-d03a87e elementor-shape-circle e-grid-align-left e-grid-align-mobile-left elementor-grid-0 elementor-widget elementor-widget-social-icons\" data-id=\"d03a87e\" data-element_type=\"widget\" data-e-type=\"widget\" data-widget_type=\"social-icons.default\">\n\t\t\t\t<div class=\"elementor-widget-container\">\n\t\t\t\t\t\t\t<div class=\"elementor-social-icons-wrapper elementor-grid\" role=\"list\">\n\t\t\t\t\t\t\t<span class=\"elementor-grid-item\" role=\"listitem\">\n\t\t\t\t\t<a class=\"elementor-icon elementor-social-icon elementor-social-icon-facebook elementor-repeater-item-f6b06db\" href=\"https:\/\/www.facebook.com\/pepe1924\" target=\"_blank\">\n\t\t\t\t\t\t<span class=\"elementor-screen-only\">Facebook<\/span>\n\t\t\t\t\t\t<svg aria-hidden=\"true\" class=\"e-font-icon-svg e-fab-facebook\" viewBox=\"0 0 512 512\" xmlns=\"http:\/\/www.w3.org\/2000\/svg\"><path d=\"M504 256C504 119 393 8 256 8S8 119 8 256c0 123.78 90.69 226.38 209.25 245V327.69h-63V256h63v-54.64c0-62.15 37-96.48 93.67-96.48 27.14 0 55.52 4.84 55.52 4.84v61h-31.28c-30.8 0-40.41 19.12-40.41 38.73V256h68.78l-11 71.69h-57.78V501C413.31 482.38 504 379.78 504 256z\"><\/path><\/svg>\t\t\t\t\t<\/a>\n\t\t\t\t<\/span>\n\t\t\t\t\t\t\t<span class=\"elementor-grid-item\" role=\"listitem\">\n\t\t\t\t\t<a class=\"elementor-icon elementor-social-icon elementor-social-icon-instagram elementor-repeater-item-a2ff72c\" href=\"https:\/\/www.instagram.com\/caseificio_pepe1924\/\" target=\"_blank\">\n\t\t\t\t\t\t<span class=\"elementor-screen-only\">Instagram<\/span>\n\t\t\t\t\t\t<svg aria-hidden=\"true\" class=\"e-font-icon-svg e-fab-instagram\" viewBox=\"0 0 448 512\" xmlns=\"http:\/\/www.w3.org\/2000\/svg\"><path d=\"M224.1 141c-63.6 0-114.9 51.3-114.9 114.9s51.3 114.9 114.9 114.9S339 319.5 339 255.9 287.7 141 224.1 141zm0 189.6c-41.1 0-74.7-33.5-74.7-74.7s33.5-74.7 74.7-74.7 74.7 33.5 74.7 74.7-33.6 74.7-74.7 74.7zm146.4-194.3c0 14.9-12 26.8-26.8 26.8-14.9 0-26.8-12-26.8-26.8s12-26.8 26.8-26.8 26.8 12 26.8 26.8zm76.1 27.2c-1.7-35.9-9.9-67.7-36.2-93.9-26.2-26.2-58-34.4-93.9-36.2-37-2.1-147.9-2.1-184.9 0-35.8 1.7-67.6 9.9-93.9 36.1s-34.4 58-36.2 93.9c-2.1 37-2.1 147.9 0 184.9 1.7 35.9 9.9 67.7 36.2 93.9s58 34.4 93.9 36.2c37 2.1 147.9 2.1 184.9 0 35.9-1.7 67.7-9.9 93.9-36.2 26.2-26.2 34.4-58 36.2-93.9 2.1-37 2.1-147.8 0-184.8zM398.8 388c-7.8 19.6-22.9 34.7-42.6 42.6-29.5 11.7-99.5 9-132.1 9s-102.7 2.6-132.1-9c-19.6-7.8-34.7-22.9-42.6-42.6-11.7-29.5-9-99.5-9-132.1s-2.6-102.7 9-132.1c7.8-19.6 22.9-34.7 42.6-42.6 29.5-11.7 99.5-9 132.1-9s102.7-2.6 132.1 9c19.6 7.8 34.7 22.9 42.6 42.6 11.7 29.5 9 99.5 9 132.1s2.7 102.7-9 132.1z\"><\/path><\/svg>\t\t\t\t\t<\/a>\n\t\t\t\t<\/span>\n\t\t\t\t\t<\/div>\n\t\t\t\t\t\t<\/div>\n\t\t\t\t<\/div>\n\t\t\t\t<div class=\"elementor-element elementor-element-d94d9c9 elementor-widget elementor-widget-text-editor\" data-id=\"d94d9c9\" data-element_type=\"widget\" data-e-type=\"widget\" data-widget_type=\"text-editor.default\">\n\t\t\t\t<div class=\"elementor-widget-container\">\n\t\t\t\t\t\t\t\t\t<h3>Har du forslag, feedback eller sp\u00f8rgsm\u00e5l?<\/h3>\n<p>Send os en whatsapp via hjemmesiden, eller send os en e-mail direkte via <a href=\"mailto:info@villa-perla.it\" rel=\"noopener\">info@villa-perla.it!<\/a><\/p>\t\t\t\t\t\t\t\t<\/div>\n\t\t\t\t<\/div>\n\t\t\t\t<div class=\"elementor-element elementor-element-5d00685 elementor-hidden-mobile elementor-post-navigation-borders-yes elementor-widget elementor-widget-post-navigation\" data-id=\"5d00685\" data-element_type=\"widget\" data-e-type=\"widget\" data-widget_type=\"post-navigation.default\">\n\t\t\t\t<div class=\"elementor-widget-container\">\n\t\t\t\t\t\t\t<div class=\"elementor-post-navigation\" role=\"navigation\" aria-label=\"Indl\u00e6g navigation\">\n\t\t\t<div class=\"elementor-post-navigation__prev elementor-post-navigation__link\">\n\t\t\t\t<a href=\"https:\/\/villa-perla.it\/da\/vintertid-i-villa-perla-piemonte\/\" rel=\"prev\"><span class=\"post-navigation__arrow-wrapper post-navigation__arrow-prev\"><svg aria-hidden=\"true\" class=\"e-font-icon-svg e-fas-angle-left\" viewBox=\"0 0 256 512\" xmlns=\"http:\/\/www.w3.org\/2000\/svg\"><path d=\"M31.7 239l136-136c9.4-9.4 24.6-9.4 33.9 0l22.6 22.6c9.4 9.4 9.4 24.6 0 33.9L127.9 256l96.4 96.4c9.4 9.4 9.4 24.6 0 33.9L201.7 409c-9.4 9.4-24.6 9.4-33.9 0l-136-136c-9.5-9.4-9.5-24.6-.1-34z\"><\/path><\/svg><span class=\"elementor-screen-only\">Tidligere<\/span><\/span><span class=\"elementor-post-navigation__link__prev\"><span class=\"post-navigation__prev--label\">Tidligere<\/span><span class=\"post-navigation__prev--title\">Vintertid i Villa Perla Piemonte<\/span><\/span><\/a>\t\t\t<\/div>\n\t\t\t\t\t\t\t<div class=\"elementor-post-navigation__separator-wrapper\">\n\t\t\t\t\t<div class=\"elementor-post-navigation__separator\"><\/div>\n\t\t\t\t<\/div>\n\t\t\t\t\t\t<div class=\"elementor-post-navigation__next elementor-post-navigation__link\">\n\t\t\t\t<a href=\"https:\/\/villa-perla.it\/da\/paaskeferie-i-piemonte-paa-opdagelse-omkring-villa-perla-i-costigliole-dasti\/\" rel=\"next\"><span class=\"elementor-post-navigation__link__next\"><span class=\"post-navigation__next--label\">N\u00e6ste<\/span><span class=\"post-navigation__next--title\">P\u00e5skeferie i Piemonte: P\u00e5 opdagelse omkring Villa Perla i Costigliole d&#8217;Asti<\/span><\/span><span class=\"post-navigation__arrow-wrapper post-navigation__arrow-next\"><svg aria-hidden=\"true\" class=\"e-font-icon-svg e-fas-angle-right\" viewBox=\"0 0 256 512\" xmlns=\"http:\/\/www.w3.org\/2000\/svg\"><path d=\"M224.3 273l-136 136c-9.4 9.4-24.6 9.4-33.9 0l-22.6-22.6c-9.4-9.4-9.4-24.6 0-33.9l96.4-96.4-96.4-96.4c-9.4-9.4-9.4-24.6 0-33.9L54.3 103c9.4-9.4 24.6-9.4 33.9 0l136 136c9.5 9.4 9.5 24.6.1 34z\"><\/path><\/svg><span class=\"elementor-screen-only\">N\u00e6ste<\/span><\/span><\/a>\t\t\t<\/div>\n\t\t<\/div>\n\t\t\t\t\t\t<\/div>\n\t\t\t\t<\/div>\n\t\t\t\t\t<\/div>\n\t\t<\/div>\n\t\t\t\t<div class=\"elementor-column elementor-col-50 elementor-top-column elementor-element elementor-element-8e05d25\" data-id=\"8e05d25\" data-element_type=\"column\" data-e-type=\"column\" data-settings=\"{&quot;background_background&quot;:&quot;classic&quot;}\">\n\t\t\t<div class=\"elementor-widget-wrap elementor-element-populated\">\n\t\t\t\t\t\t<div class=\"elementor-element elementor-element-9303d87 elementor-widget elementor-widget-heading\" data-id=\"9303d87\" data-element_type=\"widget\" data-e-type=\"widget\" data-widget_type=\"heading.default\">\n\t\t\t\t<div class=\"elementor-widget-container\">\n\t\t\t\t\t<h2 class=\"elementor-heading-title elementor-size-default\">L\u00e6s ogs\u00e5:<\/h2>\t\t\t\t<\/div>\n\t\t\t\t<\/div>\n\t\t\t\t<div class=\"elementor-element elementor-element-7408a82 elementor-grid-1 elementor-posts--align-left elementor-grid-tablet-2 elementor-grid-mobile-1 elementor-posts--thumbnail-top elementor-widget elementor-widget-posts\" data-id=\"7408a82\" data-element_type=\"widget\" data-e-type=\"widget\" data-settings=\"{&quot;classic_columns&quot;:&quot;1&quot;,&quot;classic_columns_tablet&quot;:&quot;2&quot;,&quot;classic_columns_mobile&quot;:&quot;1&quot;,&quot;classic_row_gap&quot;:{&quot;unit&quot;:&quot;px&quot;,&quot;size&quot;:35,&quot;sizes&quot;:[]},&quot;classic_row_gap_tablet&quot;:{&quot;unit&quot;:&quot;px&quot;,&quot;size&quot;:&quot;&quot;,&quot;sizes&quot;:[]},&quot;classic_row_gap_mobile&quot;:{&quot;unit&quot;:&quot;px&quot;,&quot;size&quot;:&quot;&quot;,&quot;sizes&quot;:[]}}\" data-widget_type=\"posts.classic\">\n\t\t\t\t<div class=\"elementor-widget-container\">\n\t\t\t\t\t\t\t<div class=\"elementor-posts-container elementor-posts elementor-posts--skin-classic elementor-grid\" role=\"list\">\n\t\t\t\t<article class=\"elementor-post elementor-grid-item post-19910 post type-post status-publish format-standard has-post-thumbnail hentry category-villa-perla tag-at-gore\" role=\"listitem\">\n\t\t\t\t<a class=\"elementor-post__thumbnail__link\" href=\"https:\/\/villa-perla.it\/da\/ev-charging-stations-close-by-villa-perla-in-piemonte-asti-area\/\" tabindex=\"-1\" >\n\t\t\t<div class=\"elementor-post__thumbnail\"><img loading=\"lazy\" decoding=\"async\" width=\"300\" height=\"169\" src=\"https:\/\/villa-perla.it\/wp-content\/uploads\/2023\/08\/villa-perla-piemonte-holiday-house-with-pool-sunrise-garden-007-2023-300x169.webp\" class=\"attachment-medium size-medium wp-image-19911\" alt=\"\" srcset=\"https:\/\/villa-perla.it\/wp-content\/uploads\/2023\/08\/villa-perla-piemonte-holiday-house-with-pool-sunrise-garden-007-2023-300x169.webp 300w, https:\/\/villa-perla.it\/wp-content\/uploads\/2023\/08\/villa-perla-piemonte-holiday-house-with-pool-sunrise-garden-007-2023-1024x576.webp 1024w, https:\/\/villa-perla.it\/wp-content\/uploads\/2023\/08\/villa-perla-piemonte-holiday-house-with-pool-sunrise-garden-007-2023-768x432.webp 768w, https:\/\/villa-perla.it\/wp-content\/uploads\/2023\/08\/villa-perla-piemonte-holiday-house-with-pool-sunrise-garden-007-2023-1536x864.webp 1536w, https:\/\/villa-perla.it\/wp-content\/uploads\/2023\/08\/villa-perla-piemonte-holiday-house-with-pool-sunrise-garden-007-2023.webp 1920w\" sizes=\"(max-width: 300px) 100vw, 300px\" \/><\/div>\n\t\t<\/a>\n\t\t\t\t<div class=\"elementor-post__text\">\n\t\t\t\t<h3 class=\"elementor-post__title\">\n\t\t\t<a href=\"https:\/\/villa-perla.it\/da\/ev-charging-stations-close-by-villa-perla-in-piemonte-asti-area\/\" >\n\t\t\t\tEV Charging Stations close by Villa Perla in Piemonte &#8211; Asti Area\t\t\t<\/a>\n\t\t<\/h3>\n\t\t\t\t<div class=\"elementor-post__meta-data\">\n\t\t\t\t\t<span class=\"elementor-post-date\">\n\t\t\t29. april 2026\t\t<\/span>\n\t\t\t\t<\/div>\n\t\t\n\t\t<a class=\"elementor-post__read-more\" href=\"https:\/\/villa-perla.it\/da\/ev-charging-stations-close-by-villa-perla-in-piemonte-asti-area\/\" aria-label=\"Read more about EV Charging Stations close by Villa Perla in Piemonte &#8211; Asti Area\" tabindex=\"-1\" >\n\t\t\tL\u00e6s mere \"\t\t<\/a>\n\n\t\t\t\t<\/div>\n\t\t\t\t<\/article>\n\t\t\t\t<article class=\"elementor-post elementor-grid-item post-19751 post type-post status-publish format-standard has-post-thumbnail hentry category-villa-perla tag-at-gore\" role=\"listitem\">\n\t\t\t\t<a class=\"elementor-post__thumbnail__link\" href=\"https:\/\/villa-perla.it\/da\/ophold-med-hund-paa-villa-perla-i-piemonte\/\" tabindex=\"-1\" >\n\t\t\t<div class=\"elementor-post__thumbnail\"><img loading=\"lazy\" decoding=\"async\" width=\"300\" height=\"169\" src=\"https:\/\/villa-perla.it\/wp-content\/uploads\/2024\/05\/villa-perla-piemonte-holiday-house-poolside-300x169.webp\" class=\"attachment-medium size-medium wp-image-19752\" alt=\"\" srcset=\"https:\/\/villa-perla.it\/wp-content\/uploads\/2024\/05\/villa-perla-piemonte-holiday-house-poolside-300x169.webp 300w, https:\/\/villa-perla.it\/wp-content\/uploads\/2024\/05\/villa-perla-piemonte-holiday-house-poolside-1024x576.webp 1024w, https:\/\/villa-perla.it\/wp-content\/uploads\/2024\/05\/villa-perla-piemonte-holiday-house-poolside-768x432.webp 768w, https:\/\/villa-perla.it\/wp-content\/uploads\/2024\/05\/villa-perla-piemonte-holiday-house-poolside-1536x864.webp 1536w, https:\/\/villa-perla.it\/wp-content\/uploads\/2024\/05\/villa-perla-piemonte-holiday-house-poolside-scaled.webp 1920w\" sizes=\"(max-width: 300px) 100vw, 300px\" \/><\/div>\n\t\t<\/a>\n\t\t\t\t<div class=\"elementor-post__text\">\n\t\t\t\t<h3 class=\"elementor-post__title\">\n\t\t\t<a href=\"https:\/\/villa-perla.it\/da\/ophold-med-hund-paa-villa-perla-i-piemonte\/\" >\n\t\t\t\tOphold med hund p\u00e5 Villa Perla i Piemonte\t\t\t<\/a>\n\t\t<\/h3>\n\t\t\t\t<div class=\"elementor-post__meta-data\">\n\t\t\t\t\t<span class=\"elementor-post-date\">\n\t\t\t13. april 2026\t\t<\/span>\n\t\t\t\t<\/div>\n\t\t\n\t\t<a class=\"elementor-post__read-more\" href=\"https:\/\/villa-perla.it\/da\/ophold-med-hund-paa-villa-perla-i-piemonte\/\" aria-label=\"Read more about Ophold med hund p\u00e5 Villa Perla i Piemonte\" tabindex=\"-1\" >\n\t\t\tL\u00e6s mere \"\t\t<\/a>\n\n\t\t\t\t<\/div>\n\t\t\t\t<\/article>\n\t\t\t\t<article class=\"elementor-post elementor-grid-item post-19684 post type-post status-publish format-standard has-post-thumbnail hentry category-at-gore tag-at-gore\" role=\"listitem\">\n\t\t\t\t<a class=\"elementor-post__thumbnail__link\" href=\"https:\/\/villa-perla.it\/da\/koereafstande-mellem-villa-perla-og-de-smukkeste-middelalderlandsbyer-eller-borgoer-i-piemonte\/\" tabindex=\"-1\" >\n\t\t\t<div class=\"elementor-post__thumbnail\"><img loading=\"lazy\" decoding=\"async\" width=\"300\" height=\"257\" src=\"https:\/\/villa-perla.it\/wp-content\/uploads\/2024\/08\/villa-perla-piemonte-daytrip-neive-art-featured-300x257.jpg\" class=\"attachment-medium size-medium wp-image-16395\" alt=\"\" srcset=\"https:\/\/villa-perla.it\/wp-content\/uploads\/2024\/08\/villa-perla-piemonte-daytrip-neive-art-featured-300x257.jpg 300w, https:\/\/villa-perla.it\/wp-content\/uploads\/2024\/08\/villa-perla-piemonte-daytrip-neive-art-featured-1024x877.jpg 1024w, https:\/\/villa-perla.it\/wp-content\/uploads\/2024\/08\/villa-perla-piemonte-daytrip-neive-art-featured-768x658.jpg 768w, https:\/\/villa-perla.it\/wp-content\/uploads\/2024\/08\/villa-perla-piemonte-daytrip-neive-art-featured-1536x1315.jpg 1536w, https:\/\/villa-perla.it\/wp-content\/uploads\/2024\/08\/villa-perla-piemonte-daytrip-neive-art-featured-2048x1754.jpg 2048w\" sizes=\"(max-width: 300px) 100vw, 300px\" \/><\/div>\n\t\t<\/a>\n\t\t\t\t<div class=\"elementor-post__text\">\n\t\t\t\t<h3 class=\"elementor-post__title\">\n\t\t\t<a href=\"https:\/\/villa-perla.it\/da\/koereafstande-mellem-villa-perla-og-de-smukkeste-middelalderlandsbyer-eller-borgoer-i-piemonte\/\" >\n\t\t\t\tK\u00f8reafstande mellem Villa perla og de smukkeste middelalderlandsbyer eller borgo&#8217;er i Piemonte\t\t\t<\/a>\n\t\t<\/h3>\n\t\t\t\t<div class=\"elementor-post__meta-data\">\n\t\t\t\t\t<span class=\"elementor-post-date\">\n\t\t\t25. februar 2026\t\t<\/span>\n\t\t\t\t<\/div>\n\t\t\n\t\t<a class=\"elementor-post__read-more\" href=\"https:\/\/villa-perla.it\/da\/koereafstande-mellem-villa-perla-og-de-smukkeste-middelalderlandsbyer-eller-borgoer-i-piemonte\/\" aria-label=\"Read more about K\u00f8reafstande mellem Villa perla og de smukkeste middelalderlandsbyer eller borgo&#8217;er i Piemonte\" tabindex=\"-1\" >\n\t\t\tL\u00e6s mere \"\t\t<\/a>\n\n\t\t\t\t<\/div>\n\t\t\t\t<\/article>\n\t\t\t\t<article class=\"elementor-post elementor-grid-item post-19315 post type-post status-publish format-standard has-post-thumbnail hentry category-at-gore\" role=\"listitem\">\n\t\t\t\t<a class=\"elementor-post__thumbnail__link\" href=\"https:\/\/villa-perla.it\/da\/hjemmesider-for-sommerhuse\/\" tabindex=\"-1\" >\n\t\t\t<div class=\"elementor-post__thumbnail\"><img loading=\"lazy\" decoding=\"async\" width=\"300\" height=\"270\" src=\"https:\/\/villa-perla.it\/wp-content\/uploads\/2023\/08\/villa-perla-piemonte-holiday-house-with-pool-002-2023-300x270.jpg\" class=\"attachment-medium size-medium wp-image-19362\" alt=\"Villa Perla Piemonte - dining room view\" srcset=\"https:\/\/villa-perla.it\/wp-content\/uploads\/2023\/08\/villa-perla-piemonte-holiday-house-with-pool-002-2023-300x270.jpg 300w, https:\/\/villa-perla.it\/wp-content\/uploads\/2023\/08\/villa-perla-piemonte-holiday-house-with-pool-002-2023-1024x922.jpg 1024w, https:\/\/villa-perla.it\/wp-content\/uploads\/2023\/08\/villa-perla-piemonte-holiday-house-with-pool-002-2023-768x691.jpg 768w, https:\/\/villa-perla.it\/wp-content\/uploads\/2023\/08\/villa-perla-piemonte-holiday-house-with-pool-002-2023-1536x1382.jpg 1536w, https:\/\/villa-perla.it\/wp-content\/uploads\/2023\/08\/villa-perla-piemonte-holiday-house-with-pool-002-2023.jpg 2048w\" sizes=\"(max-width: 300px) 100vw, 300px\" \/><\/div>\n\t\t<\/a>\n\t\t\t\t<div class=\"elementor-post__text\">\n\t\t\t\t<h3 class=\"elementor-post__title\">\n\t\t\t<a href=\"https:\/\/villa-perla.it\/da\/hjemmesider-for-sommerhuse\/\" >\n\t\t\t\tHjemmesider for sommerhuse\t\t\t<\/a>\n\t\t<\/h3>\n\t\t\t\t<div class=\"elementor-post__meta-data\">\n\t\t\t\t\t<span class=\"elementor-post-date\">\n\t\t\t23. februar 2026\t\t<\/span>\n\t\t\t\t<\/div>\n\t\t\n\t\t<a class=\"elementor-post__read-more\" href=\"https:\/\/villa-perla.it\/da\/hjemmesider-for-sommerhuse\/\" aria-label=\"Read more about Hjemmesider for sommerhuse\" tabindex=\"-1\" >\n\t\t\tL\u00e6s mere \"\t\t<\/a>\n\n\t\t\t\t<\/div>\n\t\t\t\t<\/article>\n\t\t\t\t<article class=\"elementor-post elementor-grid-item post-19245 post type-post status-publish format-standard has-post-thumbnail hentry category-at-gore\" role=\"listitem\">\n\t\t\t\t<a class=\"elementor-post__thumbnail__link\" href=\"https:\/\/villa-perla.it\/da\/oplev-eleven30-morgenmad-og-frokost\/\" tabindex=\"-1\" >\n\t\t\t<div class=\"elementor-post__thumbnail\"><img loading=\"lazy\" decoding=\"async\" width=\"300\" height=\"300\" src=\"https:\/\/villa-perla.it\/wp-content\/uploads\/2026\/01\/eleven30-logo-300x300.png\" class=\"attachment-medium size-medium wp-image-19145\" alt=\"\" srcset=\"https:\/\/villa-perla.it\/wp-content\/uploads\/2026\/01\/eleven30-logo-300x300.png 300w, https:\/\/villa-perla.it\/wp-content\/uploads\/2026\/01\/eleven30-logo-150x150.png 150w, https:\/\/villa-perla.it\/wp-content\/uploads\/2026\/01\/eleven30-logo-100x100.png 100w, https:\/\/villa-perla.it\/wp-content\/uploads\/2026\/01\/eleven30-logo.png 500w\" sizes=\"(max-width: 300px) 100vw, 300px\" \/><\/div>\n\t\t<\/a>\n\t\t\t\t<div class=\"elementor-post__text\">\n\t\t\t\t<h3 class=\"elementor-post__title\">\n\t\t\t<a href=\"https:\/\/villa-perla.it\/da\/oplev-eleven30-morgenmad-og-frokost\/\" >\n\t\t\t\tOplev Eleven30 &#8211; Morgenmad og frokost\t\t\t<\/a>\n\t\t<\/h3>\n\t\t\t\t<div class=\"elementor-post__meta-data\">\n\t\t\t\t\t<span class=\"elementor-post-date\">\n\t\t\t16. januar 2026\t\t<\/span>\n\t\t\t\t<\/div>\n\t\t\n\t\t<a class=\"elementor-post__read-more\" href=\"https:\/\/villa-perla.it\/da\/oplev-eleven30-morgenmad-og-frokost\/\" aria-label=\"Read more about Oplev Eleven30 &#8211; Morgenmad og frokost\" tabindex=\"-1\" >\n\t\t\tL\u00e6s mere \"\t\t<\/a>\n\n\t\t\t\t<\/div>\n\t\t\t\t<\/article>\n\t\t\t\t<article class=\"elementor-post elementor-grid-item post-16384 post type-post status-publish format-standard has-post-thumbnail hentry category-villa-perla tag-at-gore\" role=\"listitem\">\n\t\t\t\t<a class=\"elementor-post__thumbnail__link\" href=\"https:\/\/villa-perla.it\/da\/hvad-skal-man-lave-omkring-villa-perla-piemonte-om-efteraaret\/\" tabindex=\"-1\" >\n\t\t\t<div class=\"elementor-post__thumbnail\"><img loading=\"lazy\" decoding=\"async\" width=\"300\" height=\"225\" src=\"https:\/\/villa-perla.it\/wp-content\/uploads\/2023\/03\/villa-perla-piemonte-what-to-do-in-autumn-300x225.jpg\" class=\"attachment-medium size-medium wp-image-16027\" alt=\"\" srcset=\"https:\/\/villa-perla.it\/wp-content\/uploads\/2023\/03\/villa-perla-piemonte-what-to-do-in-autumn-300x225.jpg 300w, https:\/\/villa-perla.it\/wp-content\/uploads\/2023\/03\/villa-perla-piemonte-what-to-do-in-autumn-1024x768.jpg 1024w, https:\/\/villa-perla.it\/wp-content\/uploads\/2023\/03\/villa-perla-piemonte-what-to-do-in-autumn-768x576.jpg 768w, https:\/\/villa-perla.it\/wp-content\/uploads\/2023\/03\/villa-perla-piemonte-what-to-do-in-autumn-1536x1152.jpg 1536w, https:\/\/villa-perla.it\/wp-content\/uploads\/2023\/03\/villa-perla-piemonte-what-to-do-in-autumn-2048x1536.jpg 2048w\" sizes=\"(max-width: 300px) 100vw, 300px\" \/><\/div>\n\t\t<\/a>\n\t\t\t\t<div class=\"elementor-post__text\">\n\t\t\t\t<h3 class=\"elementor-post__title\">\n\t\t\t<a href=\"https:\/\/villa-perla.it\/da\/hvad-skal-man-lave-omkring-villa-perla-piemonte-om-efteraaret\/\" >\n\t\t\t\tHvad skal man lave omkring Villa Perla Piemonte om efter\u00e5ret?\t\t\t<\/a>\n\t\t<\/h3>\n\t\t\t\t<div class=\"elementor-post__meta-data\">\n\t\t\t\t\t<span class=\"elementor-post-date\">\n\t\t\t1. september 2024\t\t<\/span>\n\t\t\t\t<\/div>\n\t\t\n\t\t<a class=\"elementor-post__read-more\" href=\"https:\/\/villa-perla.it\/da\/hvad-skal-man-lave-omkring-villa-perla-piemonte-om-efteraaret\/\" aria-label=\"Read more about Hvad skal man lave omkring Villa Perla Piemonte om efter\u00e5ret?\" tabindex=\"-1\" >\n\t\t\tL\u00e6s mere \"\t\t<\/a>\n\n\t\t\t\t<\/div>\n\t\t\t\t<\/article>\n\t\t\t\t<\/div>\n\t\t\n\t\t\t\t\t\t<\/div>\n\t\t\t\t<\/div>\n\t\t\t\t<section class=\"elementor-section elementor-inner-section elementor-element elementor-element-7ae351a elementor-section-boxed elementor-section-height-default elementor-section-height-default\" data-id=\"7ae351a\" data-element_type=\"section\" data-e-type=\"section\" data-settings=\"{&quot;background_background&quot;:&quot;classic&quot;,&quot;jet_parallax_layout_list&quot;:[]}\">\n\t\t\t\t\t\t<div class=\"elementor-container elementor-column-gap-default\">\n\t\t\t\t\t<div class=\"elementor-column elementor-col-100 elementor-inner-column elementor-element elementor-element-9ea2a5a\" data-id=\"9ea2a5a\" data-element_type=\"column\" data-e-type=\"column\" data-settings=\"{&quot;background_background&quot;:&quot;classic&quot;}\">\n\t\t\t<div class=\"elementor-widget-wrap elementor-element-populated\">\n\t\t\t\t\t\t<div class=\"elementor-element elementor-element-5f31892 elementor-widget elementor-widget-heading\" data-id=\"5f31892\" data-element_type=\"widget\" data-e-type=\"widget\" data-widget_type=\"heading.default\">\n\t\t\t\t<div class=\"elementor-widget-container\">\n\t\t\t\t\t<h2 class=\"elementor-heading-title elementor-size-default\">Tilmeld dig vores <br>m\u00e5nedlige nyhedsbrev<\/h2>\t\t\t\t<\/div>\n\t\t\t\t<\/div>\n\t\t\t\t<div class=\"elementor-element elementor-element-1eb4117 elementor-widget elementor-widget-shortcode\" data-id=\"1eb4117\" data-element_type=\"widget\" data-e-type=\"widget\" data-widget_type=\"shortcode.default\">\n\t\t\t\t<div class=\"elementor-widget-container\">\n\t\t\t\t\t<script type=\"text\/javascript\" src=\"https:\/\/villa-perla.it\/wp-content\/plugins\/acymailing\/media\/js\/module.min.js?v=1082\"><\/script><script type=\"text\/javascript\">\n        if(typeof acymModule === 'undefined'){\n            var acymModule = [];\n\t\t\tacymModule['emailRegex'] = \/^[a-z0-9!#$%&\\'*+\\\/=?^_`{|}~-]+(?:\\.[a-z0-9!#$%&\\'*+\\\/=?^_`{|}~-]+)*\\@([a-z0-9-]+\\.)+[a-z0-9]{2,20}$\/i;\n\t\t\tacymModule['NAMECAPTION'] = 'Name';\n\t\t\tacymModule['NAME_MISSING'] = 'Please enter your name';\n\t\t\tacymModule['EMAILCAPTION'] = 'Email';\n\t\t\tacymModule['VALID_EMAIL'] = 'Please enter a valid e-mail address';\n\t\t\tacymModule['VALID_EMAIL_CONFIRMATION'] = 'Email field and email confirmation field must be identical';\n\t\t\tacymModule['CAPTCHA_MISSING'] = 'The captcha is invalid, please try again';\n\t\t\tacymModule['NO_LIST_SELECTED'] = 'Please select the lists you want to subscribe to';\n\t\t\tacymModule['NO_LIST_SELECTED_UNSUB'] = 'Please select the lists you want to unsubscribe from';\n            acymModule['ACCEPT_TERMS'] = 'Please check the Terms and Conditions \/ Privacy policy';\n        }\n\t\t<\/script>\t\t<div class=\"elementor-shortcode\"><div id=\"acym_fulldiv_formAcym2\" class=\"acym__subscription__form__shortcode acym__subscription__form-erase\">\n    <form action=\"https:\/\/villa-perla.it\/da\/index.php?page=acymailing_front&ctrl=frontusers&noheader=1\" id=\"formAcym2\" name=\"formAcym2\" enctype=\"multipart\/form-data\" onsubmit=\"return submitAcymForm('subscribe','formAcym2', 'acymSubmitSubForm')\"><div class=\"acym__subscription__form__fields\">\n    <div class=\"onefield fieldacy1 acyfield_text\" id=\"field_1\"><label class=\"cell margin-top-1\"><span class=\"acym__users__creation__fields__title\">Name<\/span><input autocomplete=\"name\"  name=\"user[name]\" value=\"\" data-authorized-content=\"{&quot;0&quot;:&quot;all&quot;,&quot;regex&quot;:&quot;&quot;,&quot;message&quot;:&quot;Incorrect value for the field Name&quot;}\" type=\"text\" class=\"cell\"><\/label><div class=\"acym__field__error__block\" data-acym-field-id=\"1\"><\/div><\/div><div class=\"onefield fieldacy2 acyfield_text\" id=\"field_2\"><label class=\"cell margin-top-1\"><span class=\"acym__users__creation__fields__title\">Email<\/span><input autocomplete=\"email\" id=\"email_field_477\"  name=\"user[email]\" value=\"\" data-authorized-content=\"{&quot;0&quot;:&quot;all&quot;,&quot;regex&quot;:&quot;&quot;,&quot;message&quot;:&quot;Incorrect value for the field Email&quot;}\" required type=\"email\" class=\"cell acym__user__edit__email\"><\/label><div class=\"acym__field__error__block\" data-acym-field-id=\"2\"><\/div><\/div><div class=\"acym__subscription__form__lists\">\n    <input type=\"hidden\" name=\"hiddenlists\" value=\"1\">\t<style>\n\t\t#acym_fulldiv_formAcym2 .acym__subscription__form__fields .acym__subscription__form__lists{\n\t\t\tdisplay: inline-block;\n\t\t\twidth: auto;\n\t\t\tmargin: 0 20px;\n\t\t\ttext-align: left;\n\t\t}\n\n\t\t#acym_fulldiv_formAcym2 .acym__subscription__form__fields .acym__subscription__form__lists label{\n\t\t\tdisplay: inline-block;\n\t\t\tmargin-right: 10px;\n\t\t\twidth: auto;\n\t\t}\n\n\t\t#acym_fulldiv_formAcym2 .acym__subscription__form__fields .acym__subscription__form__lists input[type=\"checkbox\"]{\n\t\t\tmargin-top: 0 !important;\n\t\t\tmargin-right: 5px;\n\t\t}\n\t<\/style>\n<\/div>\n<div class=\"acym__subscription__form__termscond\"><div class=\"onefield fieldacyterms\" id=\"field_terms_formAcym2\"><label for=\"mailingdata_terms_formAcym2\"><input id=\"mailingdata_terms_formAcym2\" class=\"checkbox\" type=\"checkbox\" name=\"terms\" title=\"Terms and conditions\"\/> I agree with the <a title=\"Terms and conditions\" href=\"https:\/\/villa-perla.it\/cookie-privacy-policy\/\" target=\"_blank\">Terms and conditions<\/a> and the <a title=\"Privacy policy\" href=\"https:\/\/villa-perla.it\/cookie-privacy-policy\/\" target=\"_blank\">Privacy policy<\/a><\/label><\/div>\n\t<style>\n\t\t.acym__subscription__form__header .acym__subscription__form__termscond,\n\t\t.acym__subscription__form__footer .acym__subscription__form__termscond{\n\t\t\tmax-width: 250px;\n\t\t}\n\n\t\t#acym_fulldiv_formAcym2 .acym__subscription__form__fields .acym__subscription__form__termscond input[type=\"checkbox\"]{\n\t\t\tmargin-top: 0 !important;\n\t\t}\n\t<\/style>\n\t<\/div>\n\t<style>\n\t\t#acym_fulldiv_formAcym2 .acym__subscription__form__fields{\n\t\t\tdisplay: flex;\n\t\t\tjustify-content: center;\n\t\t\talign-items: center\n\t\t}\n\n\t\t#acym_fulldiv_formAcym2 .acym__subscription__form__fields > *{\n\t\t\tmargin: 10px auto !important;\n\t\t}\n\t<\/style>\n<\/div>\n<div class=\"acym__subscription__form__button\">\n    \t<button type=\"submit\">\n        Subscribe\t<\/button>\n\t<style>\n\t\t#acym_fulldiv_formAcym2 .acym__subscription__form__button{\n\t\t\tdisplay: flex;\n\t\t\tjustify-content: center;\n\t\t\talign-items: center\n\t\t}\n\n\t\t#acym_fulldiv_formAcym2 .acym__subscription__form__button button{\n\t\t\tbackground-color: #000000;\n\t\t\tcolor: #ffffff;\n\t\t\tborder-width: 0px;\n\t\t\tborder-style: solid;\n\t\t\tborder-color: #000000;\n\t\t\tborder-radius: 0px;\n\t\t\tpadding: 10px 20px;\n\t\t}\n\t<\/style>\n<\/div>\n<input type=\"hidden\" name=\"ctrl\" value=\"frontusers\" \/>\n<input type=\"hidden\" name=\"task\" value=\"notask\" \/>\n<input type=\"hidden\" name=\"page\" value=\"acymailing_front\" \/>\n<input type=\"hidden\" name=\"option\" value=\"acymailing\" \/>\n<input type=\"hidden\" name=\"acy_source\" value=\"Form ID 2\">\n<input type=\"hidden\" name=\"acyformname\" value=\"formAcym2\">\n<input type=\"hidden\" name=\"acymformtype\" value=\"shortcode\">\n<input type=\"hidden\" name=\"acysubmode\" value=\"form_acym\">\n\n<input type=\"hidden\" name=\"redirect\" value=\"https:\/\/villa-perla.it\/blog\/\">\n<input type=\"hidden\" name=\"ajax\" value=\"0\">\n<input type=\"hidden\"\n\t   name=\"confirmation_message\"\n\t   value=\"Thanks a lot for subscribing to our newsletter! We will not spam your inbox!\">\n\t<\/form>\n<\/div>\n<style>\n\t#acym_fulldiv_formAcym2.acym__subscription__form__shortcode{\n\t\theight: 300px;\n\t\tmax-width: 400px;\n\t\tbackground-color: #ffffff;\n\t\tcolor: #000000 !important;\n\t\tpadding: .5rem;\n\t\ttext-align: center;\n\t\tdisplay: flex;\n\t\tjustify-content: center;\n\t\talign-items: center;\n\t\tmargin: 1rem auto;\n\t}\n\n\t#acym_fulldiv_formAcym2.acym__subscription__form__shortcode .responseContainer{\n\t\tmargin-bottom: 0 !important;\n\t\tpadding: .4rem !important;\n\t}\n\n\t#acym_fulldiv_formAcym2.acym__subscription__form__shortcode #formAcym2{\n\t\tmargin: 0;\n\t}\n\n\t#acym_fulldiv_formAcym2.acym__subscription__form__shortcode .acym__subscription__form__fields, #acym_fulldiv_formAcym2.acym__subscription__form__shortcode .acym__subscription__form__button{\n\t\tdisplay: block;\n\t\twidth: 100%;\n\t\tmargin: 1rem 0 !important;\n\t}\n\n\t#acym_fulldiv_formAcym2.acym__subscription__form__shortcode .acym__subscription__form__fields .acym__subscription__form__lists{\n\t\tdisplay: block;\n\t\twidth: 100%;\n\t\tmargin: 1rem 10px !important;\n\t}\n\n\t#acym_fulldiv_formAcym2.acym__subscription__form__shortcode .acym__subscription__form__fields > *:not(style){\n\t\tdisplay: block;\n\t}\n\n\t<\/style>\n<\/div>\n\t\t\t\t\t\t<\/div>\n\t\t\t\t<\/div>\n\t\t\t\t\t<\/div>\n\t\t<\/div>\n\t\t\t\t\t<\/div>\n\t\t<\/section>\n\t\t\t\t\t<\/div>\n\t\t<\/div>\n\t\t\t\t\t<\/div>\n\t\t<\/section>\n\t\t\t\t<section class=\"elementor-section elementor-top-section elementor-element elementor-element-7450063 elementor-section-boxed elementor-section-height-default elementor-section-height-default\" data-id=\"7450063\" data-element_type=\"section\" data-e-type=\"section\" data-settings=\"{&quot;jet_parallax_layout_list&quot;:[]}\">\n\t\t\t\t\t\t<div class=\"elementor-container elementor-column-gap-default\">\n\t\t\t\t\t<div class=\"elementor-column elementor-col-100 elementor-top-column elementor-element elementor-element-9bec65b\" data-id=\"9bec65b\" data-element_type=\"column\" data-e-type=\"column\">\n\t\t\t<div class=\"elementor-widget-wrap elementor-element-populated\">\n\t\t\t\t\t\t<div class=\"elementor-element elementor-element-8334a57 elementor-widget-divider--view-line_icon elementor-view-default elementor-widget-divider--element-align-center elementor-widget elementor-widget-divider\" data-id=\"8334a57\" data-element_type=\"widget\" data-e-type=\"widget\" data-widget_type=\"divider.default\">\n\t\t\t\t<div class=\"elementor-widget-container\">\n\t\t\t\t\t\t\t<div class=\"elementor-divider\">\n\t\t\t<span class=\"elementor-divider-separator\">\n\t\t\t\t\t\t\t<div class=\"elementor-icon elementor-divider__element\">\n\t\t\t\t\t<\/div>\n\t\t\t\t\t\t<\/span>\n\t\t<\/div>\n\t\t\t\t\t\t<\/div>\n\t\t\t\t<\/div>\n\t\t\t\t\t<\/div>\n\t\t<\/div>\n\t\t\t\t\t<\/div>\n\t\t<\/section>\n\t\t\t\t<\/div>\n\t\t","protected":false},"excerpt":{"rendered":"<p>Nyd en demonstration af drejning og formning af strakt ostemasse (mozzarella, nodini, burrata) og en smagning bagefter.<\/p>\n","protected":false},"author":5,"featured_media":16423,"comment_status":"closed","ping_status":"closed","sticky":false,"template":"elementor_header_footer","format":"standard","meta":{"_angie_page":false,"page_builder":"","footnotes":""},"categories":[260],"tags":[],"class_list":["post-16422","post","type-post","status-publish","format-standard","has-post-thumbnail","hentry","category-at-gore"],"yoast_head":"<!-- This site is optimized with the Yoast SEO plugin v27.4 - https:\/\/yoast.com\/product\/yoast-seo-wordpress\/ -->\n<title>Ostesmagning hos Caseificio &quot;Pepe 1924&quot; i Costigliole d&#039;Asti - Villa Perla | Langhe - Monferrato<\/title>\n<meta name=\"description\" content=\"Nyd en demonstration af drejning og formning af strakt ostemasse (mozzarella, nodini, burrata) og en l\u00e6kker smagspr\u00f8ve bagefter.\" \/>\n<meta name=\"robots\" content=\"index, follow, max-snippet:-1, max-image-preview:large, max-video-preview:-1\" \/>\n<link rel=\"canonical\" href=\"https:\/\/villa-perla.it\/da\/ostesmagning-hos-caseificio-pepe-1924-i-costigliole-dasti\/\" \/>\n<meta property=\"og:locale\" content=\"da_DK\" \/>\n<meta property=\"og:type\" content=\"article\" \/>\n<meta property=\"og:title\" content=\"Ostesmagning - Caseificio &quot;Pepe 1924&quot; - Costigliole d&#039;Asti\" \/>\n<meta property=\"og:description\" content=\"Nyd en demonstration af drejning og formning af strakt ostemasse (mozzarella, nodini, burrata) og en l\u00e6kker smagspr\u00f8ve bagefter.\" \/>\n<meta property=\"og:url\" content=\"https:\/\/villa-perla.it\/da\/ostesmagning-hos-caseificio-pepe-1924-i-costigliole-dasti\/\" \/>\n<meta property=\"og:site_name\" content=\"Villa Perla | Langhe - Monferrato\" \/>\n<meta property=\"article:publisher\" content=\"https:\/\/www.facebook.com\/villaperla.piemonte\" \/>\n<meta property=\"article:published_time\" content=\"2023-11-23T12:31:16+00:00\" \/>\n<meta property=\"article:modified_time\" content=\"2026-02-26T09:48:53+00:00\" \/>\n<meta property=\"og:image\" content=\"https:\/\/villa-perla.it\/wp-content\/uploads\/2023\/11\/caseificio-pepe1924-costigliole-dasti-001-300x300.jpg\" \/>\n<meta name=\"author\" content=\"Benny\" \/>\n<meta name=\"twitter:card\" content=\"summary_large_image\" \/>\n<meta name=\"twitter:title\" content=\"Ostesmagning - Caseificio &quot;Pepe 1924&quot; - Costigliole d&#039;Asti\" \/>\n<meta name=\"twitter:description\" content=\"Nyd en demonstration af drejning og formning af strakt ostemasse (mozzarella, nodini, burrata) og en l\u00e6kker smagspr\u00f8ve bagefter.\" \/>\n<meta name=\"twitter:image\" content=\"https:\/\/villa-perla.it\/wp-content\/uploads\/2023\/11\/caseificio-pepe1924-costigliole-dasti-001-1024x1024.jpg\" \/>\n<meta name=\"twitter:label1\" content=\"Skrevet af\" \/>\n\t<meta name=\"twitter:data1\" content=\"Benny\" \/>\n\t<meta name=\"twitter:label2\" content=\"Estimeret l\u00e6setid\" \/>\n\t<meta name=\"twitter:data2\" content=\"1 minut\" \/>\n<script type=\"application\/ld+json\" class=\"yoast-schema-graph\">{\"@context\":\"https:\\\/\\\/schema.org\",\"@graph\":[{\"@type\":\"Article\",\"@id\":\"https:\\\/\\\/villa-perla.it\\\/da\\\/ostesmagning-hos-caseificio-pepe-1924-i-costigliole-dasti\\\/#article\",\"isPartOf\":{\"@id\":\"https:\\\/\\\/villa-perla.it\\\/da\\\/ostesmagning-hos-caseificio-pepe-1924-i-costigliole-dasti\\\/\"},\"author\":{\"name\":\"Benny\",\"@id\":\"https:\\\/\\\/villa-perla.it\\\/da\\\/#\\\/schema\\\/person\\\/50b32b6cf17bc1cd8759ed65996c029a\"},\"headline\":\"Ostesmagning hos Caseificio &#8220;Pepe 1924&#8221; i Costigliole d&#8217;Asti\",\"datePublished\":\"2023-11-23T12:31:16+00:00\",\"dateModified\":\"2026-02-26T09:48:53+00:00\",\"mainEntityOfPage\":{\"@id\":\"https:\\\/\\\/villa-perla.it\\\/da\\\/ostesmagning-hos-caseificio-pepe-1924-i-costigliole-dasti\\\/\"},\"wordCount\":307,\"publisher\":{\"@id\":\"https:\\\/\\\/villa-perla.it\\\/da\\\/#organization\"},\"image\":{\"@id\":\"https:\\\/\\\/villa-perla.it\\\/da\\\/ostesmagning-hos-caseificio-pepe-1924-i-costigliole-dasti\\\/#primaryimage\"},\"thumbnailUrl\":\"https:\\\/\\\/villa-perla.it\\\/wp-content\\\/uploads\\\/2023\\\/11\\\/caseificio-pepe1924-costigliole-dasti-001.webp\",\"articleSection\":[\"AT G\u00d8RE\"],\"inLanguage\":\"da-DK\"},{\"@type\":\"WebPage\",\"@id\":\"https:\\\/\\\/villa-perla.it\\\/da\\\/ostesmagning-hos-caseificio-pepe-1924-i-costigliole-dasti\\\/\",\"url\":\"https:\\\/\\\/villa-perla.it\\\/da\\\/ostesmagning-hos-caseificio-pepe-1924-i-costigliole-dasti\\\/\",\"name\":\"Ostesmagning hos Caseificio \\\"Pepe 1924\\\" i Costigliole d'Asti - Villa Perla | Langhe - Monferrato\",\"isPartOf\":{\"@id\":\"https:\\\/\\\/villa-perla.it\\\/da\\\/#website\"},\"primaryImageOfPage\":{\"@id\":\"https:\\\/\\\/villa-perla.it\\\/da\\\/ostesmagning-hos-caseificio-pepe-1924-i-costigliole-dasti\\\/#primaryimage\"},\"image\":{\"@id\":\"https:\\\/\\\/villa-perla.it\\\/da\\\/ostesmagning-hos-caseificio-pepe-1924-i-costigliole-dasti\\\/#primaryimage\"},\"thumbnailUrl\":\"https:\\\/\\\/villa-perla.it\\\/wp-content\\\/uploads\\\/2023\\\/11\\\/caseificio-pepe1924-costigliole-dasti-001.webp\",\"datePublished\":\"2023-11-23T12:31:16+00:00\",\"dateModified\":\"2026-02-26T09:48:53+00:00\",\"description\":\"Nyd en demonstration af drejning og formning af strakt ostemasse (mozzarella, nodini, burrata) og en l\u00e6kker smagspr\u00f8ve bagefter.\",\"breadcrumb\":{\"@id\":\"https:\\\/\\\/villa-perla.it\\\/da\\\/ostesmagning-hos-caseificio-pepe-1924-i-costigliole-dasti\\\/#breadcrumb\"},\"inLanguage\":\"da-DK\",\"potentialAction\":[{\"@type\":\"ReadAction\",\"target\":[\"https:\\\/\\\/villa-perla.it\\\/da\\\/ostesmagning-hos-caseificio-pepe-1924-i-costigliole-dasti\\\/\"]}]},{\"@type\":\"ImageObject\",\"inLanguage\":\"da-DK\",\"@id\":\"https:\\\/\\\/villa-perla.it\\\/da\\\/ostesmagning-hos-caseificio-pepe-1924-i-costigliole-dasti\\\/#primaryimage\",\"url\":\"https:\\\/\\\/villa-perla.it\\\/wp-content\\\/uploads\\\/2023\\\/11\\\/caseificio-pepe1924-costigliole-dasti-001.webp\",\"contentUrl\":\"https:\\\/\\\/villa-perla.it\\\/wp-content\\\/uploads\\\/2023\\\/11\\\/caseificio-pepe1924-costigliole-dasti-001.webp\",\"width\":1440,\"height\":1440},{\"@type\":\"BreadcrumbList\",\"@id\":\"https:\\\/\\\/villa-perla.it\\\/da\\\/ostesmagning-hos-caseificio-pepe-1924-i-costigliole-dasti\\\/#breadcrumb\",\"itemListElement\":[{\"@type\":\"ListItem\",\"position\":1,\"name\":\"Home\",\"item\":\"https:\\\/\\\/villa-perla.it\\\/da\\\/\"},{\"@type\":\"ListItem\",\"position\":2,\"name\":\"Ostesmagning hos Caseificio &#8220;Pepe 1924&#8221; i Costigliole d&#8217;Asti\"}]},{\"@type\":\"WebSite\",\"@id\":\"https:\\\/\\\/villa-perla.it\\\/da\\\/#website\",\"url\":\"https:\\\/\\\/villa-perla.it\\\/da\\\/\",\"name\":\"Villa Perla | Langhe - Monferrato\",\"description\":\"Your private holiday house in Piemonte\",\"publisher\":{\"@id\":\"https:\\\/\\\/villa-perla.it\\\/da\\\/#organization\"},\"alternateName\":\"Villa Perla |\",\"potentialAction\":[{\"@type\":\"SearchAction\",\"target\":{\"@type\":\"EntryPoint\",\"urlTemplate\":\"https:\\\/\\\/villa-perla.it\\\/da\\\/?s={search_term_string}\"},\"query-input\":{\"@type\":\"PropertyValueSpecification\",\"valueRequired\":true,\"valueName\":\"search_term_string\"}}],\"inLanguage\":\"da-DK\"},{\"@type\":\"Organization\",\"@id\":\"https:\\\/\\\/villa-perla.it\\\/da\\\/#organization\",\"name\":\"Villa Perla Piemonte\",\"alternateName\":\"Villa Perla Piemonte\",\"url\":\"https:\\\/\\\/villa-perla.it\\\/da\\\/\",\"logo\":{\"@type\":\"ImageObject\",\"inLanguage\":\"da-DK\",\"@id\":\"https:\\\/\\\/villa-perla.it\\\/da\\\/#\\\/schema\\\/logo\\\/image\\\/\",\"url\":\"https:\\\/\\\/villa-perla.it\\\/wp-content\\\/uploads\\\/2021\\\/11\\\/villa-perla-piemone-logo-transparant-400-x-100-px.svg\",\"contentUrl\":\"https:\\\/\\\/villa-perla.it\\\/wp-content\\\/uploads\\\/2021\\\/11\\\/villa-perla-piemone-logo-transparant-400-x-100-px.svg\",\"caption\":\"Villa Perla Piemonte\"},\"image\":{\"@id\":\"https:\\\/\\\/villa-perla.it\\\/da\\\/#\\\/schema\\\/logo\\\/image\\\/\"},\"sameAs\":[\"https:\\\/\\\/www.facebook.com\\\/villaperla.piemonte\",\"https:\\\/\\\/www.instagram.com\\\/villaperla_piemonte\"]},{\"@type\":\"Person\",\"@id\":\"https:\\\/\\\/villa-perla.it\\\/da\\\/#\\\/schema\\\/person\\\/50b32b6cf17bc1cd8759ed65996c029a\",\"name\":\"Benny\",\"image\":{\"@type\":\"ImageObject\",\"inLanguage\":\"da-DK\",\"@id\":\"https:\\\/\\\/secure.gravatar.com\\\/avatar\\\/8bf9ac5b4d9ade86173c485647bdda279bf9bdd5088a0fdc4cefeb2f82d5588c?s=96&d=mm&r=g\",\"url\":\"https:\\\/\\\/secure.gravatar.com\\\/avatar\\\/8bf9ac5b4d9ade86173c485647bdda279bf9bdd5088a0fdc4cefeb2f82d5588c?s=96&d=mm&r=g\",\"contentUrl\":\"https:\\\/\\\/secure.gravatar.com\\\/avatar\\\/8bf9ac5b4d9ade86173c485647bdda279bf9bdd5088a0fdc4cefeb2f82d5588c?s=96&d=mm&r=g\",\"caption\":\"Benny\"},\"url\":\"https:\\\/\\\/villa-perla.it\\\/da\\\/author\\\/benny\\\/\"}]}<\/script>\n<!-- \/ Yoast SEO plugin. -->","yoast_head_json":{"title":"Ostesmagning hos Caseificio \"Pepe 1924\" i Costigliole d'Asti - Villa Perla | Langhe - Monferrato","description":"Nyd en demonstration af drejning og formning af strakt ostemasse (mozzarella, nodini, burrata) og en l\u00e6kker smagspr\u00f8ve bagefter.","robots":{"index":"index","follow":"follow","max-snippet":"max-snippet:-1","max-image-preview":"max-image-preview:large","max-video-preview":"max-video-preview:-1"},"canonical":"https:\/\/villa-perla.it\/da\/ostesmagning-hos-caseificio-pepe-1924-i-costigliole-dasti\/","og_locale":"da_DK","og_type":"article","og_title":"Ostesmagning - Caseificio \"Pepe 1924\" - Costigliole d'Asti","og_description":"Nyd en demonstration af drejning og formning af strakt ostemasse (mozzarella, nodini, burrata) og en l\u00e6kker smagspr\u00f8ve bagefter.","og_url":"https:\/\/villa-perla.it\/da\/ostesmagning-hos-caseificio-pepe-1924-i-costigliole-dasti\/","og_site_name":"Villa Perla | Langhe - Monferrato","article_publisher":"https:\/\/www.facebook.com\/villaperla.piemonte","article_published_time":"2023-11-23T12:31:16+00:00","article_modified_time":"2026-02-26T09:48:53+00:00","og_image":[{"url":"https:\/\/villa-perla.it\/wp-content\/uploads\/2023\/11\/caseificio-pepe1924-costigliole-dasti-001-300x300.jpg","type":"","width":"","height":""}],"author":"Benny","twitter_card":"summary_large_image","twitter_title":"Ostesmagning - Caseificio \"Pepe 1924\" - Costigliole d'Asti","twitter_description":"Nyd en demonstration af drejning og formning af strakt ostemasse (mozzarella, nodini, burrata) og en l\u00e6kker smagspr\u00f8ve bagefter.","twitter_image":"https:\/\/villa-perla.it\/wp-content\/uploads\/2023\/11\/caseificio-pepe1924-costigliole-dasti-001-1024x1024.jpg","twitter_misc":{"Skrevet af":"Benny","Estimeret l\u00e6setid":"1 minut"},"schema":{"@context":"https:\/\/schema.org","@graph":[{"@type":"Article","@id":"https:\/\/villa-perla.it\/da\/ostesmagning-hos-caseificio-pepe-1924-i-costigliole-dasti\/#article","isPartOf":{"@id":"https:\/\/villa-perla.it\/da\/ostesmagning-hos-caseificio-pepe-1924-i-costigliole-dasti\/"},"author":{"name":"Benny","@id":"https:\/\/villa-perla.it\/da\/#\/schema\/person\/50b32b6cf17bc1cd8759ed65996c029a"},"headline":"Ostesmagning hos Caseificio &#8220;Pepe 1924&#8221; i Costigliole d&#8217;Asti","datePublished":"2023-11-23T12:31:16+00:00","dateModified":"2026-02-26T09:48:53+00:00","mainEntityOfPage":{"@id":"https:\/\/villa-perla.it\/da\/ostesmagning-hos-caseificio-pepe-1924-i-costigliole-dasti\/"},"wordCount":307,"publisher":{"@id":"https:\/\/villa-perla.it\/da\/#organization"},"image":{"@id":"https:\/\/villa-perla.it\/da\/ostesmagning-hos-caseificio-pepe-1924-i-costigliole-dasti\/#primaryimage"},"thumbnailUrl":"https:\/\/villa-perla.it\/wp-content\/uploads\/2023\/11\/caseificio-pepe1924-costigliole-dasti-001.webp","articleSection":["AT G\u00d8RE"],"inLanguage":"da-DK"},{"@type":"WebPage","@id":"https:\/\/villa-perla.it\/da\/ostesmagning-hos-caseificio-pepe-1924-i-costigliole-dasti\/","url":"https:\/\/villa-perla.it\/da\/ostesmagning-hos-caseificio-pepe-1924-i-costigliole-dasti\/","name":"Ostesmagning hos Caseificio \"Pepe 1924\" i Costigliole d'Asti - Villa Perla | Langhe - Monferrato","isPartOf":{"@id":"https:\/\/villa-perla.it\/da\/#website"},"primaryImageOfPage":{"@id":"https:\/\/villa-perla.it\/da\/ostesmagning-hos-caseificio-pepe-1924-i-costigliole-dasti\/#primaryimage"},"image":{"@id":"https:\/\/villa-perla.it\/da\/ostesmagning-hos-caseificio-pepe-1924-i-costigliole-dasti\/#primaryimage"},"thumbnailUrl":"https:\/\/villa-perla.it\/wp-content\/uploads\/2023\/11\/caseificio-pepe1924-costigliole-dasti-001.webp","datePublished":"2023-11-23T12:31:16+00:00","dateModified":"2026-02-26T09:48:53+00:00","description":"Nyd en demonstration af drejning og formning af strakt ostemasse (mozzarella, nodini, burrata) og en l\u00e6kker smagspr\u00f8ve bagefter.","breadcrumb":{"@id":"https:\/\/villa-perla.it\/da\/ostesmagning-hos-caseificio-pepe-1924-i-costigliole-dasti\/#breadcrumb"},"inLanguage":"da-DK","potentialAction":[{"@type":"ReadAction","target":["https:\/\/villa-perla.it\/da\/ostesmagning-hos-caseificio-pepe-1924-i-costigliole-dasti\/"]}]},{"@type":"ImageObject","inLanguage":"da-DK","@id":"https:\/\/villa-perla.it\/da\/ostesmagning-hos-caseificio-pepe-1924-i-costigliole-dasti\/#primaryimage","url":"https:\/\/villa-perla.it\/wp-content\/uploads\/2023\/11\/caseificio-pepe1924-costigliole-dasti-001.webp","contentUrl":"https:\/\/villa-perla.it\/wp-content\/uploads\/2023\/11\/caseificio-pepe1924-costigliole-dasti-001.webp","width":1440,"height":1440},{"@type":"BreadcrumbList","@id":"https:\/\/villa-perla.it\/da\/ostesmagning-hos-caseificio-pepe-1924-i-costigliole-dasti\/#breadcrumb","itemListElement":[{"@type":"ListItem","position":1,"name":"Home","item":"https:\/\/villa-perla.it\/da\/"},{"@type":"ListItem","position":2,"name":"Ostesmagning hos Caseificio &#8220;Pepe 1924&#8221; i Costigliole d&#8217;Asti"}]},{"@type":"WebSite","@id":"https:\/\/villa-perla.it\/da\/#website","url":"https:\/\/villa-perla.it\/da\/","name":"Villa Perla | Langhe - Monferrato","description":"Your private holiday house in Piemonte","publisher":{"@id":"https:\/\/villa-perla.it\/da\/#organization"},"alternateName":"Villa Perla |","potentialAction":[{"@type":"SearchAction","target":{"@type":"EntryPoint","urlTemplate":"https:\/\/villa-perla.it\/da\/?s={search_term_string}"},"query-input":{"@type":"PropertyValueSpecification","valueRequired":true,"valueName":"search_term_string"}}],"inLanguage":"da-DK"},{"@type":"Organization","@id":"https:\/\/villa-perla.it\/da\/#organization","name":"Villa Perla Piemonte","alternateName":"Villa Perla Piemonte","url":"https:\/\/villa-perla.it\/da\/","logo":{"@type":"ImageObject","inLanguage":"da-DK","@id":"https:\/\/villa-perla.it\/da\/#\/schema\/logo\/image\/","url":"https:\/\/villa-perla.it\/wp-content\/uploads\/2021\/11\/villa-perla-piemone-logo-transparant-400-x-100-px.svg","contentUrl":"https:\/\/villa-perla.it\/wp-content\/uploads\/2021\/11\/villa-perla-piemone-logo-transparant-400-x-100-px.svg","caption":"Villa Perla Piemonte"},"image":{"@id":"https:\/\/villa-perla.it\/da\/#\/schema\/logo\/image\/"},"sameAs":["https:\/\/www.facebook.com\/villaperla.piemonte","https:\/\/www.instagram.com\/villaperla_piemonte"]},{"@type":"Person","@id":"https:\/\/villa-perla.it\/da\/#\/schema\/person\/50b32b6cf17bc1cd8759ed65996c029a","name":"Benny","image":{"@type":"ImageObject","inLanguage":"da-DK","@id":"https:\/\/secure.gravatar.com\/avatar\/8bf9ac5b4d9ade86173c485647bdda279bf9bdd5088a0fdc4cefeb2f82d5588c?s=96&d=mm&r=g","url":"https:\/\/secure.gravatar.com\/avatar\/8bf9ac5b4d9ade86173c485647bdda279bf9bdd5088a0fdc4cefeb2f82d5588c?s=96&d=mm&r=g","contentUrl":"https:\/\/secure.gravatar.com\/avatar\/8bf9ac5b4d9ade86173c485647bdda279bf9bdd5088a0fdc4cefeb2f82d5588c?s=96&d=mm&r=g","caption":"Benny"},"url":"https:\/\/villa-perla.it\/da\/author\/benny\/"}]}},"_links":{"self":[{"href":"https:\/\/villa-perla.it\/da\/wp-json\/wp\/v2\/posts\/16422","targetHints":{"allow":["GET"]}}],"collection":[{"href":"https:\/\/villa-perla.it\/da\/wp-json\/wp\/v2\/posts"}],"about":[{"href":"https:\/\/villa-perla.it\/da\/wp-json\/wp\/v2\/types\/post"}],"author":[{"embeddable":true,"href":"https:\/\/villa-perla.it\/da\/wp-json\/wp\/v2\/users\/5"}],"replies":[{"embeddable":true,"href":"https:\/\/villa-perla.it\/da\/wp-json\/wp\/v2\/comments?post=16422"}],"version-history":[{"count":9,"href":"https:\/\/villa-perla.it\/da\/wp-json\/wp\/v2\/posts\/16422\/revisions"}],"predecessor-version":[{"id":19443,"href":"https:\/\/villa-perla.it\/da\/wp-json\/wp\/v2\/posts\/16422\/revisions\/19443"}],"wp:featuredmedia":[{"embeddable":true,"href":"https:\/\/villa-perla.it\/da\/wp-json\/wp\/v2\/media\/16423"}],"wp:attachment":[{"href":"https:\/\/villa-perla.it\/da\/wp-json\/wp\/v2\/media?parent=16422"}],"wp:term":[{"taxonomy":"category","embeddable":true,"href":"https:\/\/villa-perla.it\/da\/wp-json\/wp\/v2\/categories?post=16422"},{"taxonomy":"post_tag","embeddable":true,"href":"https:\/\/villa-perla.it\/da\/wp-json\/wp\/v2\/tags?post=16422"}],"curies":[{"name":"wp","href":"https:\/\/api.w.org\/{rel}","templated":true}]}}