{"id":16417,"date":"2024-02-20T14:48:21","date_gmt":"2024-02-20T13:48:21","guid":{"rendered":"https:\/\/villa-perla.it\/yoga-i-villa-perla-eller-i-vinmarkerne\/"},"modified":"2026-03-11T11:32:07","modified_gmt":"2026-03-11T10:32:07","slug":"yoga-i-villa-perla-eller-i-vinmarkerne","status":"publish","type":"post","link":"https:\/\/villa-perla.it\/da\/yoga-i-villa-perla-eller-i-vinmarkerne\/","title":{"rendered":"Yoga i Villa Perla eller i vinmarkerne"},"content":{"rendered":"\t\t<div data-elementor-type=\"wp-post\" data-elementor-id=\"16417\" class=\"elementor elementor-16417 elementor-13656\" data-elementor-post-type=\"post\">\n\t\t\t\t\t\t<section class=\"elementor-section elementor-top-section elementor-element elementor-element-7fa312db elementor-section-height-min-height elementor-section-boxed elementor-section-height-default elementor-section-items-middle\" data-id=\"7fa312db\" data-element_type=\"section\" data-e-type=\"section\" data-settings=\"{&quot;background_background&quot;:&quot;classic&quot;,&quot;jet_parallax_layout_list&quot;:[]}\">\n\t\t\t\t\t\t\t<div class=\"elementor-background-overlay\"><\/div>\n\t\t\t\t\t\t\t<div class=\"elementor-container elementor-column-gap-default\">\n\t\t\t\t\t<div class=\"elementor-column elementor-col-100 elementor-top-column elementor-element elementor-element-3c0b06ae\" data-id=\"3c0b06ae\" data-element_type=\"column\" data-e-type=\"column\">\n\t\t\t<div class=\"elementor-widget-wrap elementor-element-populated\">\n\t\t\t\t\t\t<div class=\"elementor-element elementor-element-beb884d elementor-widget elementor-widget-heading\" data-id=\"beb884d\" data-element_type=\"widget\" data-e-type=\"widget\" data-widget_type=\"heading.default\">\n\t\t\t\t<div class=\"elementor-widget-container\">\n\t\t\t\t\t<h2 class=\"elementor-heading-title elementor-size-default\">Yoga i vinmarkerne<\/h2>\t\t\t\t<\/div>\n\t\t\t\t<\/div>\n\t\t\t\t<div class=\"elementor-element elementor-element-85bcd45 elementor-widget elementor-widget-image\" data-id=\"85bcd45\" data-element_type=\"widget\" data-e-type=\"widget\" data-widget_type=\"image.default\">\n\t\t\t\t<div class=\"elementor-widget-container\">\n\t\t\t\t\t\t\t\t\t\t\t\t\t\t\t\t<a href=\"https:\/\/yogaejoy.com\/book-a-class-2\" target=\"_blank\">\n\t\t\t\t\t\t\t<img decoding=\"async\" src=\"https:\/\/villa-perla.it\/wp-content\/uploads\/elementor\/thumbs\/yoga-and-joy-bianco@4x-8-rjpuqhyy5h7foqyeshpzobroxxzq2mg7u0qpvn1yme.webp\" title=\"yoga-and-joy-bianco@4x-8\" alt=\"yoga-and-joy-bianco@4x-8\" loading=\"lazy\" \/>\t\t\t\t\t\t\t\t<\/a>\n\t\t\t\t\t\t\t\t\t\t\t\t\t\t\t<\/div>\n\t\t\t\t<\/div>\n\t\t\t\t\t<\/div>\n\t\t<\/div>\n\t\t\t\t\t<\/div>\n\t\t<\/section>\n\t\t\t\t<section class=\"elementor-section elementor-top-section elementor-element elementor-element-1d601740 elementor-section-boxed elementor-section-height-default elementor-section-height-default\" data-id=\"1d601740\" data-element_type=\"section\" data-e-type=\"section\" data-settings=\"{&quot;jet_parallax_layout_list&quot;:[]}\">\n\t\t\t\t\t\t<div class=\"elementor-container elementor-column-gap-default\">\n\t\t\t\t\t<div class=\"elementor-column elementor-col-100 elementor-top-column elementor-element elementor-element-f143613\" data-id=\"f143613\" data-element_type=\"column\" data-e-type=\"column\">\n\t\t\t<div class=\"elementor-widget-wrap elementor-element-populated\">\n\t\t\t\t\t\t<div class=\"elementor-element elementor-element-87c0605 elementor-widget elementor-widget-text-editor\" data-id=\"87c0605\" data-element_type=\"widget\" data-e-type=\"widget\" data-widget_type=\"text-editor.default\">\n\t\t\t\t<div class=\"elementor-widget-container\">\n\t\t\t\t\t\t\t\t\t<div class=\"\" data-block=\"true\" data-editor=\"9n81r\" data-offset-key=\"am1s2-0-0\"><div class=\"_1mf _1mj\" data-offset-key=\"am1s2-0-0\"><span data-offset-key=\"am1s2-0-0\">Har du altid haft lyst til at pr\u00f8ve <b>yoga<\/b> i en professionel, men mere privat atmosf\u00e6re?  <\/span><\/div><div class=\"_1mf _1mj\" data-offset-key=\"am1s2-0-0\"><span data-offset-key=\"am1s2-0-0\">Eller har du allerede dyrket yoga i et stykke tid og vil gerne l\u00e6re mere, men du booker aldrig timerne p\u00e5 grund af manglende tid?  <img decoding=\"async\" class=\"emoji\" role=\"img\" draggable=\"false\" src=\"https:\/\/s.w.org\/images\/core\/emoji\/14.0.0\/svg\/1f9d8-200d-2640-fe0f.svg\" alt=\"\ud83e\uddd8\u200d\u2640\ufe0f\"><\/span><\/div><\/div><div class=\"\" data-block=\"true\" data-editor=\"9n81r\" data-offset-key=\"9e7f1-0-0\"><div class=\"_1mf _1mj\" data-offset-key=\"9e7f1-0-0\"><span data-offset-key=\"9e7f1-0-0\"> <\/span><\/div><\/div><div class=\"\" data-block=\"true\" data-editor=\"9n81r\" data-offset-key=\"764du-0-0\"><h2 class=\"_1mf _1mj\" data-offset-key=\"764du-0-0\"><span data-offset-key=\"764du-0-0\">M\u00f8d vores private engelsktalende yogainstrukt\u00f8r Alice!  <\/span><\/h2><p class=\"_1mf _1mj\" data-offset-key=\"764du-0-0\"><span data-offset-key=\"764du-0-0\">Licenseret instrukt\u00f8r i Viniyasa yoga og Hatha Yoga.  <\/span><\/p><p class=\"_1mf _1mj\" data-offset-key=\"764du-0-0\"><span data-offset-key=\"764du-0-0\">Mere info nedenfor i brochuren, og du beh\u00f8ver ikke bekymre dig om materialer; m\u00e5tter og andre n\u00f8dvendige ting vil blive stillet til r\u00e5dighed.<\/span><\/p><div class=\"_1mf _1mj\" data-offset-key=\"764du-0-0\"><span data-offset-key=\"764du-0-0\"> <\/span><\/div><div class=\"_1mf _1mj\" data-offset-key=\"764du-0-0\"><span data-offset-key=\"764du-0-0\">Alice kommer til Villa Perla efter anmodning, og du kan booke lektioner direkte.<\/span><\/div><div class=\"_1mf _1mj\" data-offset-key=\"764du-0-0\"><span data-offset-key=\"764du-0-0\">via hjemmesiden <a href=\"https:\/\/yogaejoy.com\/\" target=\"_blank\" rel=\"noopener\">https:\/\/yogaejoy.com\/ <\/a><\/span>eller ved at sende en e-mail til <a href=\"mailto:yogaejoy@gmail.com\" target=\"_blank\" rel=\"noopener\">yogaejoy@gmail.com.<\/a><\/div><div class=\"_1mf _1mj\" data-offset-key=\"764du-0-0\">Du kan ogs\u00e5 ringe eller whatsappe:<\/div><p><a href=\"ring:+393397724985\">+39 339\/7724985<\/a><\/p><\/div><div class=\"\" data-block=\"true\" data-editor=\"9n81r\" data-offset-key=\"fvt7n-0-0\"><div class=\"_1mf _1mj\" data-offset-key=\"fvt7n-0-0\"><span data-offset-key=\"fvt7n-0-0\"> <\/span><\/div><\/div><div class=\"\" data-block=\"true\" data-editor=\"9n81r\" data-offset-key=\"eha02-0-0\"><div class=\"_1mf _1mj\" data-offset-key=\"eha02-0-0\"><span data-offset-key=\"eha02-0-0\">Findes der et bedre sted at starte eller forts\u00e6tte en sund livsstil end p\u00e5 din ferie?  <\/span><\/div><div class=\"_1mf _1mj\" data-offset-key=\"eha02-0-0\"><span data-offset-key=\"eha02-0-0\">Forestil dig at rulle din m\u00e5tte ud med vores endel\u00f8se udsigt og fuglene, der synger lykkeligt omkring dig tidligt om morgenen&#8230;  <img decoding=\"async\" class=\"emoji\" role=\"img\" draggable=\"false\" src=\"https:\/\/s.w.org\/images\/core\/emoji\/14.0.0\/svg\/1f98b.svg\" alt=\"\ud83e\udd8b\"><\/span><\/div><\/div>\t\t\t\t\t\t\t\t<\/div>\n\t\t\t\t<\/div>\n\t\t\t\t<section class=\"elementor-section elementor-inner-section elementor-element elementor-element-7a5677eb elementor-section-boxed elementor-section-height-default elementor-section-height-default\" data-id=\"7a5677eb\" data-element_type=\"section\" data-e-type=\"section\" data-settings=\"{&quot;jet_parallax_layout_list&quot;:[]}\">\n\t\t\t\t\t\t<div class=\"elementor-container elementor-column-gap-default\">\n\t\t\t\t\t<div class=\"elementor-column elementor-col-100 elementor-inner-column elementor-element elementor-element-1f1fe1df\" data-id=\"1f1fe1df\" data-element_type=\"column\" data-e-type=\"column\">\n\t\t\t<div class=\"elementor-widget-wrap elementor-element-populated\">\n\t\t\t\t\t\t<div class=\"elementor-element elementor-element-7cd45918 elementor-widget elementor-widget-button\" data-id=\"7cd45918\" data-element_type=\"widget\" data-e-type=\"widget\" data-widget_type=\"button.default\">\n\t\t\t\t<div class=\"elementor-widget-container\">\n\t\t\t\t\t\t\t\t\t<div class=\"elementor-button-wrapper\">\n\t\t\t\t\t<a class=\"elementor-button elementor-button-link elementor-size-sm\" href=\"https:\/\/yogaejoy.com\/\" target=\"_blank\">\n\t\t\t\t\t\t<span class=\"elementor-button-content-wrapper\">\n\t\t\t\t\t\t\t\t\t<span class=\"elementor-button-text\">G\u00c5 TIL HJEMMESIDEN<\/span>\n\t\t\t\t\t<\/span>\n\t\t\t\t\t<\/a>\n\t\t\t\t<\/div>\n\t\t\t\t\t\t\t\t<\/div>\n\t\t\t\t<\/div>\n\t\t\t\t<div class=\"elementor-element elementor-element-636e8e2 elementor-shape-rounded elementor-grid-0 e-grid-align-center elementor-widget elementor-widget-social-icons\" data-id=\"636e8e2\" data-element_type=\"widget\" data-e-type=\"widget\" data-widget_type=\"social-icons.default\">\n\t\t\t\t<div class=\"elementor-widget-container\">\n\t\t\t\t\t\t\t<div class=\"elementor-social-icons-wrapper elementor-grid\" role=\"list\">\n\t\t\t\t\t\t\t<span class=\"elementor-grid-item\" role=\"listitem\">\n\t\t\t\t\t<a class=\"elementor-icon elementor-social-icon elementor-social-icon-facebook elementor-repeater-item-8b857ab\" href=\"https:\/\/www.facebook.com\/yogaejoy\" target=\"_blank\">\n\t\t\t\t\t\t<span class=\"elementor-screen-only\">Facebook<\/span>\n\t\t\t\t\t\t<svg aria-hidden=\"true\" class=\"e-font-icon-svg e-fab-facebook\" viewBox=\"0 0 512 512\" xmlns=\"http:\/\/www.w3.org\/2000\/svg\"><path d=\"M504 256C504 119 393 8 256 8S8 119 8 256c0 123.78 90.69 226.38 209.25 245V327.69h-63V256h63v-54.64c0-62.15 37-96.48 93.67-96.48 27.14 0 55.52 4.84 55.52 4.84v61h-31.28c-30.8 0-40.41 19.12-40.41 38.73V256h68.78l-11 71.69h-57.78V501C413.31 482.38 504 379.78 504 256z\"><\/path><\/svg>\t\t\t\t\t<\/a>\n\t\t\t\t<\/span>\n\t\t\t\t\t\t\t<span class=\"elementor-grid-item\" role=\"listitem\">\n\t\t\t\t\t<a class=\"elementor-icon elementor-social-icon elementor-social-icon-instagram elementor-repeater-item-95e6acc\" href=\"https:\/\/www.instagram.com\/yogaejoy_aliceicardi\/\" target=\"_blank\">\n\t\t\t\t\t\t<span class=\"elementor-screen-only\">Instagram<\/span>\n\t\t\t\t\t\t<svg aria-hidden=\"true\" class=\"e-font-icon-svg e-fab-instagram\" viewBox=\"0 0 448 512\" xmlns=\"http:\/\/www.w3.org\/2000\/svg\"><path d=\"M224.1 141c-63.6 0-114.9 51.3-114.9 114.9s51.3 114.9 114.9 114.9S339 319.5 339 255.9 287.7 141 224.1 141zm0 189.6c-41.1 0-74.7-33.5-74.7-74.7s33.5-74.7 74.7-74.7 74.7 33.5 74.7 74.7-33.6 74.7-74.7 74.7zm146.4-194.3c0 14.9-12 26.8-26.8 26.8-14.9 0-26.8-12-26.8-26.8s12-26.8 26.8-26.8 26.8 12 26.8 26.8zm76.1 27.2c-1.7-35.9-9.9-67.7-36.2-93.9-26.2-26.2-58-34.4-93.9-36.2-37-2.1-147.9-2.1-184.9 0-35.8 1.7-67.6 9.9-93.9 36.1s-34.4 58-36.2 93.9c-2.1 37-2.1 147.9 0 184.9 1.7 35.9 9.9 67.7 36.2 93.9s58 34.4 93.9 36.2c37 2.1 147.9 2.1 184.9 0 35.9-1.7 67.7-9.9 93.9-36.2 26.2-26.2 34.4-58 36.2-93.9 2.1-37 2.1-147.8 0-184.8zM398.8 388c-7.8 19.6-22.9 34.7-42.6 42.6-29.5 11.7-99.5 9-132.1 9s-102.7 2.6-132.1-9c-19.6-7.8-34.7-22.9-42.6-42.6-11.7-29.5-9-99.5-9-132.1s-2.6-102.7 9-132.1c7.8-19.6 22.9-34.7 42.6-42.6 29.5-11.7 99.5-9 132.1-9s102.7-2.6 132.1 9c19.6 7.8 34.7 22.9 42.6 42.6 11.7 29.5 9 99.5 9 132.1s2.7 102.7-9 132.1z\"><\/path><\/svg>\t\t\t\t\t<\/a>\n\t\t\t\t<\/span>\n\t\t\t\t\t<\/div>\n\t\t\t\t\t\t<\/div>\n\t\t\t\t<\/div>\n\t\t\t\t\t<\/div>\n\t\t<\/div>\n\t\t\t\t\t<\/div>\n\t\t<\/section>\n\t\t\t\t<section class=\"elementor-section elementor-inner-section elementor-element elementor-element-5ae63ad0 elementor-section-boxed elementor-section-height-default elementor-section-height-default\" data-id=\"5ae63ad0\" data-element_type=\"section\" data-e-type=\"section\" data-settings=\"{&quot;jet_parallax_layout_list&quot;:[]}\">\n\t\t\t\t\t\t<div class=\"elementor-container elementor-column-gap-default\">\n\t\t\t\t\t<div class=\"elementor-column elementor-col-50 elementor-inner-column elementor-element elementor-element-3bcde46a\" data-id=\"3bcde46a\" data-element_type=\"column\" data-e-type=\"column\" data-settings=\"{&quot;background_background&quot;:&quot;classic&quot;}\">\n\t\t\t<div class=\"elementor-widget-wrap elementor-element-populated\">\n\t\t\t\t\t\t<div class=\"elementor-element elementor-element-459ffa77 gallery-spacing-custom elementor-widget elementor-widget-image-gallery\" data-id=\"459ffa77\" data-element_type=\"widget\" data-e-type=\"widget\" data-widget_type=\"image-gallery.default\">\n\t\t\t\t<div class=\"elementor-widget-container\">\n\t\t\t\t\t\t\t<div class=\"elementor-image-gallery\">\n\t\t\t<div id='gallery-1' class='gallery galleryid-16417 gallery-columns-2 gallery-size-full'><figure class='gallery-item'>\n\t\t\t<div class='gallery-icon portrait'>\n\t\t\t\t<a data-elementor-open-lightbox=\"yes\" data-elementor-lightbox-slideshow=\"459ffa77\" data-elementor-lightbox-title=\"Villa Perla Piemonte - Yoga in the Vineyards\" data-elementor-lightbox-description=\"Villa Perla Piemonte - Yoga in the Vineyards\" data-e-action-hash=\"#elementor-action%3Aaction%3Dlightbox%26settings%3DeyJpZCI6MTYwMTksInVybCI6Imh0dHBzOlwvXC92aWxsYS1wZXJsYS5pdFwvd3AtY29udGVudFwvdXBsb2Fkc1wvMjAyM1wvMDdcL1lPR0FfV0VCLTQyLndlYnAiLCJzbGlkZXNob3ciOiI0NTlmZmE3NyJ9\" href='https:\/\/villa-perla.it\/wp-content\/uploads\/2023\/07\/YOGA_WEB-42.webp'><img fetchpriority=\"high\" decoding=\"async\" width=\"1197\" height=\"1800\" src=\"https:\/\/villa-perla.it\/wp-content\/uploads\/2023\/07\/YOGA_WEB-42.webp\" class=\"attachment-full size-full\" alt=\"\" aria-describedby=\"gallery-1-16019\" \/><\/a>\n\t\t\t<\/div>\n\t\t\t\t<figcaption class='wp-caption-text gallery-caption' id='gallery-1-16019'>\n\t\t\t\tVilla Perla Piemonte &#8211; Yoga in the Vineyards\n\t\t\t\t<\/figcaption><\/figure><figure class='gallery-item'>\n\t\t\t<div class='gallery-icon portrait'>\n\t\t\t\t<a data-elementor-open-lightbox=\"yes\" data-elementor-lightbox-slideshow=\"459ffa77\" data-elementor-lightbox-title=\"YOGA_WEB-48\" data-elementor-lightbox-description=\"Villa Perla Piemonte - Yoga in the Vineyards\" data-e-action-hash=\"#elementor-action%3Aaction%3Dlightbox%26settings%3DeyJpZCI6MTYwMTgsInVybCI6Imh0dHBzOlwvXC92aWxsYS1wZXJsYS5pdFwvd3AtY29udGVudFwvdXBsb2Fkc1wvMjAyM1wvMDdcL1lPR0FfV0VCLTQ4LndlYnAiLCJzbGlkZXNob3ciOiI0NTlmZmE3NyJ9\" href='https:\/\/villa-perla.it\/wp-content\/uploads\/2023\/07\/YOGA_WEB-48.webp'><img decoding=\"async\" width=\"1198\" height=\"1800\" src=\"https:\/\/villa-perla.it\/wp-content\/uploads\/2023\/07\/YOGA_WEB-48.webp\" class=\"attachment-full size-full\" alt=\"\" \/><\/a>\n\t\t\t<\/div><\/figure><figure class='gallery-item'>\n\t\t\t<div class='gallery-icon portrait'>\n\t\t\t\t<a data-elementor-open-lightbox=\"yes\" data-elementor-lightbox-slideshow=\"459ffa77\" data-elementor-lightbox-title=\"YOGA_WEB-51\" data-elementor-lightbox-description=\"Villa Perla Piemonte - Yoga in the Vineyards\" data-e-action-hash=\"#elementor-action%3Aaction%3Dlightbox%26settings%3DeyJpZCI6MTYwMTcsInVybCI6Imh0dHBzOlwvXC92aWxsYS1wZXJsYS5pdFwvd3AtY29udGVudFwvdXBsb2Fkc1wvMjAyM1wvMDdcL1lPR0FfV0VCLTUxLndlYnAiLCJzbGlkZXNob3ciOiI0NTlmZmE3NyJ9\" href='https:\/\/villa-perla.it\/wp-content\/uploads\/2023\/07\/YOGA_WEB-51.webp'><img decoding=\"async\" width=\"1198\" height=\"1800\" src=\"https:\/\/villa-perla.it\/wp-content\/uploads\/2023\/07\/YOGA_WEB-51.webp\" class=\"attachment-full size-full\" alt=\"\" \/><\/a>\n\t\t\t<\/div><\/figure><figure class='gallery-item'>\n\t\t\t<div class='gallery-icon portrait'>\n\t\t\t\t<a data-elementor-open-lightbox=\"yes\" data-elementor-lightbox-slideshow=\"459ffa77\" data-elementor-lightbox-title=\"YOGA_WEB-58\" data-elementor-lightbox-description=\"Villa Perla Piemonte - Yoga in the Vineyards\" data-e-action-hash=\"#elementor-action%3Aaction%3Dlightbox%26settings%3DeyJpZCI6MTEwMjksInVybCI6Imh0dHBzOlwvXC92aWxsYS1wZXJsYS5pdFwvd3AtY29udGVudFwvdXBsb2Fkc1wvMjAyM1wvMDdcL1lPR0FfV0VCLTU4LTEud2VicCIsInNsaWRlc2hvdyI6IjQ1OWZmYTc3In0%3D\" href='https:\/\/villa-perla.it\/wp-content\/uploads\/2023\/07\/YOGA_WEB-58-1.webp'><img loading=\"lazy\" decoding=\"async\" width=\"1198\" height=\"1800\" src=\"https:\/\/villa-perla.it\/wp-content\/uploads\/2023\/07\/YOGA_WEB-58-1.webp\" class=\"attachment-full size-full\" alt=\"\" srcset=\"https:\/\/villa-perla.it\/wp-content\/uploads\/2023\/07\/YOGA_WEB-58-1.webp 1198w, https:\/\/villa-perla.it\/wp-content\/uploads\/2023\/07\/YOGA_WEB-58-1-200x300.webp 200w, https:\/\/villa-perla.it\/wp-content\/uploads\/2023\/07\/YOGA_WEB-58-1-682x1024.webp 682w, https:\/\/villa-perla.it\/wp-content\/uploads\/2023\/07\/YOGA_WEB-58-1-768x1154.webp 768w, https:\/\/villa-perla.it\/wp-content\/uploads\/2023\/07\/YOGA_WEB-58-1-1022x1536.webp 1022w\" sizes=\"(max-width: 1198px) 100vw, 1198px\" \/><\/a>\n\t\t\t<\/div><\/figure>\n\t\t<\/div>\n\t\t<\/div>\n\t\t\t\t\t\t<\/div>\n\t\t\t\t<\/div>\n\t\t\t\t\t<\/div>\n\t\t<\/div>\n\t\t\t\t<div class=\"elementor-column elementor-col-50 elementor-inner-column elementor-element elementor-element-3f9a4cb9\" data-id=\"3f9a4cb9\" data-element_type=\"column\" data-e-type=\"column\" data-settings=\"{&quot;background_background&quot;:&quot;classic&quot;}\">\n\t\t\t<div class=\"elementor-widget-wrap elementor-element-populated\">\n\t\t\t\t\t\t<div class=\"elementor-element elementor-element-1a5134f4 elementor-widget elementor-widget-image\" data-id=\"1a5134f4\" data-element_type=\"widget\" data-e-type=\"widget\" data-widget_type=\"image.default\">\n\t\t\t\t<div class=\"elementor-widget-container\">\n\t\t\t\t\t\t\t\t\t\t\t\t\t\t\t\t<a href=\"https:\/\/villa-perla.it\/wp-content\/uploads\/2023\/07\/brochure-stili-di-yoga-eng_1-rev.png\" data-elementor-open-lightbox=\"yes\" data-elementor-lightbox-title=\"brochure stili di yoga eng_1-rev\" data-e-action-hash=\"#elementor-action%3Aaction%3Dlightbox%26settings%3DeyJpZCI6MTYwMTYsInVybCI6Imh0dHBzOlwvXC92aWxsYS1wZXJsYS5pdFwvd3AtY29udGVudFwvdXBsb2Fkc1wvMjAyM1wvMDdcL2Jyb2NodXJlLXN0aWxpLWRpLXlvZ2EtZW5nXzEtcmV2LndlYnAifQ%3D%3D\">\n\t\t\t\t\t\t\t<img loading=\"lazy\" decoding=\"async\" width=\"724\" height=\"1024\" src=\"https:\/\/villa-perla.it\/wp-content\/uploads\/2023\/07\/brochure-stili-di-yoga-eng_1-rev-724x1024.png\" class=\"attachment-large size-large wp-image-16016\" alt=\"\" srcset=\"https:\/\/villa-perla.it\/wp-content\/uploads\/2023\/07\/brochure-stili-di-yoga-eng_1-rev-724x1024.png 724w, https:\/\/villa-perla.it\/wp-content\/uploads\/2023\/07\/brochure-stili-di-yoga-eng_1-rev-212x300.png 212w, https:\/\/villa-perla.it\/wp-content\/uploads\/2023\/07\/brochure-stili-di-yoga-eng_1-rev-768x1086.png 768w, https:\/\/villa-perla.it\/wp-content\/uploads\/2023\/07\/brochure-stili-di-yoga-eng_1-rev-1086x1536.png 1086w, https:\/\/villa-perla.it\/wp-content\/uploads\/2023\/07\/brochure-stili-di-yoga-eng_1-rev.png 1241w\" sizes=\"(max-width: 724px) 100vw, 724px\" \/>\t\t\t\t\t\t\t\t<\/a>\n\t\t\t\t\t\t\t\t\t\t\t\t\t\t\t<\/div>\n\t\t\t\t<\/div>\n\t\t\t\t\t<\/div>\n\t\t<\/div>\n\t\t\t\t\t<\/div>\n\t\t<\/section>\n\t\t\t\t\t<\/div>\n\t\t<\/div>\n\t\t\t\t\t<\/div>\n\t\t<\/section>\n\t\t\t\t<section class=\"elementor-section elementor-top-section elementor-element elementor-element-674f5775 elementor-hidden-desktop elementor-hidden-tablet elementor-hidden-mobile elementor-section-boxed elementor-section-height-default elementor-section-height-default\" data-id=\"674f5775\" data-element_type=\"section\" data-e-type=\"section\" data-settings=\"{&quot;jet_parallax_layout_list&quot;:[]}\">\n\t\t\t\t\t\t<div class=\"elementor-container elementor-column-gap-default\">\n\t\t\t\t\t<div class=\"elementor-column elementor-col-100 elementor-top-column elementor-element elementor-element-7d87366\" data-id=\"7d87366\" data-element_type=\"column\" data-e-type=\"column\">\n\t\t\t<div class=\"elementor-widget-wrap elementor-element-populated\">\n\t\t\t\t\t\t<div class=\"elementor-element elementor-element-3a91353e elementor-widget elementor-widget-heading\" data-id=\"3a91353e\" data-element_type=\"widget\" data-e-type=\"widget\" data-widget_type=\"heading.default\">\n\t\t\t\t<div class=\"elementor-widget-container\">\n\t\t\t\t\t<h1 class=\"elementor-heading-title elementor-size-default\">Book nu<\/h1>\t\t\t\t<\/div>\n\t\t\t\t<\/div>\n\t\t\t\t<div class=\"elementor-element elementor-element-2561c13e elementor-button-align-center elementor-widget elementor-widget-form\" data-id=\"2561c13e\" data-element_type=\"widget\" data-e-type=\"widget\" data-settings=\"{&quot;step_next_label&quot;:&quot;N\\u00e6ste&quot;,&quot;step_previous_label&quot;:&quot;Tidligere&quot;,&quot;button_width&quot;:&quot;100&quot;,&quot;step_type&quot;:&quot;number_text&quot;,&quot;step_icon_shape&quot;:&quot;circle&quot;}\" data-widget_type=\"form.default\">\n\t\t\t\t<div class=\"elementor-widget-container\">\n\t\t\t\t\t\t\t<form class=\"elementor-form\" method=\"post\" name=\"Book vinsmagning - bestil vin\" aria-label=\"Book vinsmagning - bestil vin\">\n\t\t\t<input type=\"hidden\" name=\"post_id\" value=\"16417\"\/>\n\t\t\t<input type=\"hidden\" name=\"form_id\" value=\"2561c13e\"\/>\n\t\t\t<input type=\"hidden\" name=\"referer_title\" value=\"Villa Perla | Langhe &#8211; Monferrato\" \/>\n\n\t\t\t\n\t\t\t<div class=\"elementor-form-fields-wrapper elementor-labels-above\">\n\t\t\t\t\t\t\t\t<div class=\"elementor-field-type-text elementor-field-group elementor-column elementor-field-group-name elementor-col-50 elementor-field-required\">\n\t\t\t\t\t\t\t\t\t\t\t\t<label for=\"form-field-name\" class=\"elementor-field-label\">\n\t\t\t\t\t\t\t\tNavn\t\t\t\t\t\t\t<\/label>\n\t\t\t\t\t\t\t\t\t\t\t\t\t\t<input size=\"1\" type=\"text\" name=\"form_fields[name]\" id=\"form-field-name\" class=\"elementor-field elementor-size-md  elementor-field-textual\" placeholder=\"Indtast dit fornavn\" required=\"required\">\n\t\t\t\t\t\t\t\t\t\t\t<\/div>\n\t\t\t\t\t\t\t\t<div class=\"elementor-field-type-text\">\n\t\t\t\t\t<input size=\"1\" type=\"text\" name=\"form_fields[field_e755898]\" id=\"form-field-field_e755898\" class=\"elementor-field elementor-size-md \" style=\"display:none !important;\">\t\t\t\t<\/div>\n\t\t\t\t\t\t\t\t<div class=\"elementor-field-type-text elementor-field-group elementor-column elementor-field-group-email elementor-col-50 elementor-field-required\">\n\t\t\t\t\t\t\t\t\t\t\t\t<label for=\"form-field-email\" class=\"elementor-field-label\">\n\t\t\t\t\t\t\t\tEfternavn\t\t\t\t\t\t\t<\/label>\n\t\t\t\t\t\t\t\t\t\t\t\t\t\t<input size=\"1\" type=\"text\" name=\"form_fields[email]\" id=\"form-field-email\" class=\"elementor-field elementor-size-md  elementor-field-textual\" placeholder=\"Indtast dit efternavn\" required=\"required\">\n\t\t\t\t\t\t\t\t\t\t\t<\/div>\n\t\t\t\t\t\t\t\t<div class=\"elementor-field-type-email elementor-field-group elementor-column elementor-field-group-3kxrmft elementor-col-50 elementor-field-required\">\n\t\t\t\t\t\t\t\t\t\t\t\t<label for=\"form-field-3kxrmft\" class=\"elementor-field-label\">\n\t\t\t\t\t\t\t\tE-mail\t\t\t\t\t\t\t<\/label>\n\t\t\t\t\t\t\t\t\t\t\t\t\t\t<input size=\"1\" type=\"email\" name=\"form_fields[3kxrmft]\" id=\"form-field-3kxrmft\" class=\"elementor-field elementor-size-md  elementor-field-textual\" placeholder=\"Indtast din e-mailadresse\" required=\"required\">\n\t\t\t\t\t\t\t\t\t\t\t<\/div>\n\t\t\t\t\t\t\t\t<div class=\"elementor-field-type-text\">\n\t\t\t\t\t<input size=\"1\" type=\"text\" name=\"form_fields[field_7f8b5bb]\" id=\"form-field-field_7f8b5bb\" class=\"elementor-field elementor-size-md \" style=\"display:none !important;\">\t\t\t\t<\/div>\n\t\t\t\t\t\t\t\t<div class=\"elementor-field-type-tel elementor-field-group elementor-column elementor-field-group-cpt3f1i elementor-col-40 elementor-field-required\">\n\t\t\t\t\t\t\t\t\t\t\t\t<label for=\"form-field-cpt3f1i\" class=\"elementor-field-label\">\n\t\t\t\t\t\t\t\tTelefon\t\t\t\t\t\t\t<\/label>\n\t\t\t\t\t\t\t\t<input size=\"1\" type=\"tel\" name=\"form_fields[cpt3f1i]\" id=\"form-field-cpt3f1i\" class=\"elementor-field elementor-size-md  elementor-field-textual\" placeholder=\"Indtast dit telefonnummer\" required=\"required\" pattern=\"[0-9()#&amp;+*-=.]+\" title=\"Kun tal og telefonkarakterer (#,-,*, o.s.v.) accepteres.\">\n\n\t\t\t\t\t\t<\/div>\n\t\t\t\t\t\t\t\t<div class=\"elementor-field-type-checkbox elementor-field-group elementor-column elementor-field-group-field_9932562 elementor-col-100\">\n\t\t\t\t\t\t\t\t\t\t\t\t<label for=\"form-field-field_9932562\" class=\"elementor-field-label\">\n\t\t\t\t\t\t\t\tJeg vil gerne\t\t\t\t\t\t\t<\/label>\n\t\t\t\t\t\t<div class=\"elementor-field-subgroup  \"><span class=\"elementor-field-option\"><input type=\"checkbox\" value=\"Organiser en vinsmagning\" id=\"form-field-field_9932562-0\" name=\"form_fields[field_9932562][]\"> <label for=\"form-field-field_9932562-0\">Organiser en vinsmagning<\/label><\/span><span class=\"elementor-field-option\"><input type=\"checkbox\" value=\"Bestil vin\" id=\"form-field-field_9932562-1\" name=\"form_fields[field_9932562][]\"> <label for=\"form-field-field_9932562-1\">Bestil vin<\/label><\/span><\/div>\t\t\t\t<\/div>\n\t\t\t\t\t\t\t\t<div class=\"elementor-field-type-date elementor-field-group elementor-column elementor-field-group-field_5af6b17 elementor-col-100 elementor-field-required\">\n\t\t\t\t\t\t\t\t\t\t\t\t<label for=\"form-field-field_5af6b17\" class=\"elementor-field-label\">\n\t\t\t\t\t\t\t\tSkriv datoen, eller klik p\u00e5 kalenderikonet\t\t\t\t\t\t\t<\/label>\n\t\t\t\t\t\t\n\t\t<input type=\"date\" name=\"form_fields[field_5af6b17]\" id=\"form-field-field_5af6b17\" class=\"elementor-field elementor-size-md  elementor-field-textual elementor-date-field elementor-use-native\" required=\"required\" pattern=\"[0-9]{4}-[0-9]{2}-[0-9]{2}\" min=\"2023-05-01\" max=\"2023-12-31\">\n\t\t\t\t\t\t<\/div>\n\t\t\t\t\t\t\t\t<div class=\"elementor-field-type-recaptcha_v3 elementor-field-group elementor-column elementor-field-group-field_3062d9a elementor-col-100 recaptcha_v3-bottomright\">\n\t\t\t\t\t<div class=\"elementor-field\" id=\"form-field-field_3062d9a\"><div class=\"elementor-g-recaptcha\" data-sitekey=\"6LcEeuwcAAAAAPd1HKXpcwMpUnZxG7x3W2vbk5jv\" data-type=\"v3\" data-action=\"Form\" data-badge=\"bottomright\" data-size=\"invisible\"><\/div><\/div>\t\t\t\t<\/div>\n\t\t\t\t\t\t\t\t<div class=\"elementor-field-type-textarea elementor-field-group elementor-column elementor-field-group-field_9e65155 elementor-col-100\">\n\t\t\t\t\t\t\t\t\t\t\t\t<label for=\"form-field-field_9e65155\" class=\"elementor-field-label\">\n\t\t\t\t\t\t\t\tMere information:\t\t\t\t\t\t\t<\/label>\n\t\t\t\t\t\t<textarea class=\"elementor-field-textual elementor-field  elementor-size-md\" name=\"form_fields[field_9e65155]\" id=\"form-field-field_9e65155\" rows=\"6\" placeholder=\"Skriv dine yderligere sp\u00f8rgsm\u00e5l\/bem\u00e6rkninger her\"><\/textarea>\t\t\t\t<\/div>\n\t\t\t\t\t\t\t\t<div class=\"elementor-field-group elementor-column elementor-field-type-submit elementor-col-100 e-form__buttons\">\n\t\t\t\t\t<button class=\"elementor-button elementor-size-md\" type=\"submit\">\n\t\t\t\t\t\t<span class=\"elementor-button-content-wrapper\">\n\t\t\t\t\t\t\t\t\t\t\t\t\t\t\t\t\t\t\t\t\t\t<span class=\"elementor-button-text\">Send<\/span>\n\t\t\t\t\t\t\t\t\t\t\t\t\t<\/span>\n\t\t\t\t\t<\/button>\n\t\t\t\t<\/div>\n\t\t\t<\/div>\n\t\t<\/form>\n\t\t\t\t\t\t<\/div>\n\t\t\t\t<\/div>\n\t\t\t\t\t<\/div>\n\t\t<\/div>\n\t\t\t\t\t<\/div>\n\t\t<\/section>\n\t\t\t\t<\/div>\n\t\t","protected":false},"excerpt":{"rendered":"<p>Har du altid haft lyst til at pr\u00f8ve kr\u00e6fter med yoga i en professionel, men mere privat atmosf\u00e6re? Eller har du allerede dyrket yoga i et stykke tid og vil gerne l\u00e6re mere, men du booker aldrig timerne p\u00e5 grund af manglende tid? M\u00f8d vores private engelsktalende yogainstrukt\u00f8r Alice!  <\/p>\n","protected":false},"author":5,"featured_media":16019,"comment_status":"closed","ping_status":"closed","sticky":false,"template":"","format":"standard","meta":{"_angie_page":false,"page_builder":"","footnotes":""},"categories":[260],"tags":[],"class_list":["post-16417","post","type-post","status-publish","format-standard","has-post-thumbnail","hentry","category-at-gore"],"yoast_head":"<!-- This site is optimized with the Yoast SEO plugin v27.5 - https:\/\/yoast.com\/product\/yoast-seo-wordpress\/ -->\n<title>Yoga i Villa Perla eller i vinmarkerne - Villa Perla | Langhe - Monferrato<\/title>\n<meta name=\"description\" content=\"Har du altid haft lyst til at pr\u00f8ve yoga i en professionel, men mere privat atmosf\u00e6re? Dyrker du allerede yoga? Vores engelsktalende yogal\u00e6rer kommer til Villa Perla...\" \/>\n<meta name=\"robots\" content=\"index, follow, max-snippet:-1, max-image-preview:large, max-video-preview:-1\" \/>\n<link rel=\"canonical\" href=\"https:\/\/villa-perla.it\/da\/yoga-i-villa-perla-eller-i-vinmarkerne\/\" \/>\n<meta property=\"og:locale\" content=\"da_DK\" \/>\n<meta property=\"og:type\" content=\"article\" \/>\n<meta property=\"og:title\" content=\"Yoga i Villa Perla eller i vinmarkerne - Villa Perla | Langhe - Monferrato\" \/>\n<meta property=\"og:description\" content=\"Har du altid haft lyst til at pr\u00f8ve yoga i en professionel, men mere privat atmosf\u00e6re? Dyrker du allerede yoga? Vores engelsktalende yogal\u00e6rer kommer til Villa Perla...\" \/>\n<meta property=\"og:url\" content=\"https:\/\/villa-perla.it\/da\/yoga-i-villa-perla-eller-i-vinmarkerne\/\" \/>\n<meta property=\"og:site_name\" content=\"Villa Perla | Langhe - Monferrato\" \/>\n<meta property=\"article:publisher\" content=\"https:\/\/www.facebook.com\/villaperla.piemonte\" \/>\n<meta property=\"article:published_time\" content=\"2024-02-20T13:48:21+00:00\" \/>\n<meta property=\"article:modified_time\" content=\"2026-03-11T10:32:07+00:00\" \/>\n<meta property=\"og:image\" content=\"https:\/\/villa-perla.it\/wp-content\/uploads\/2023\/07\/YOGA_WEB-42.webp\" \/>\n\t<meta property=\"og:image:width\" content=\"1197\" \/>\n\t<meta property=\"og:image:height\" content=\"1800\" \/>\n\t<meta property=\"og:image:type\" content=\"image\/jpeg\" \/>\n<meta name=\"author\" content=\"Benny\" \/>\n<meta name=\"twitter:card\" content=\"summary_large_image\" \/>\n<meta name=\"twitter:label1\" content=\"Skrevet af\" \/>\n\t<meta name=\"twitter:data1\" content=\"Benny\" \/>\n\t<meta name=\"twitter:label2\" content=\"Estimeret l\u00e6setid\" \/>\n\t<meta name=\"twitter:data2\" content=\"1 minut\" \/>\n<script type=\"application\/ld+json\" class=\"yoast-schema-graph\">{\"@context\":\"https:\\\/\\\/schema.org\",\"@graph\":[{\"@type\":\"Article\",\"@id\":\"https:\\\/\\\/villa-perla.it\\\/da\\\/yoga-i-villa-perla-eller-i-vinmarkerne\\\/#article\",\"isPartOf\":{\"@id\":\"https:\\\/\\\/villa-perla.it\\\/da\\\/yoga-i-villa-perla-eller-i-vinmarkerne\\\/\"},\"author\":{\"name\":\"Benny\",\"@id\":\"https:\\\/\\\/villa-perla.it\\\/da\\\/#\\\/schema\\\/person\\\/50b32b6cf17bc1cd8759ed65996c029a\"},\"headline\":\"Yoga i Villa Perla eller i vinmarkerne\",\"datePublished\":\"2024-02-20T13:48:21+00:00\",\"dateModified\":\"2026-03-11T10:32:07+00:00\",\"mainEntityOfPage\":{\"@id\":\"https:\\\/\\\/villa-perla.it\\\/da\\\/yoga-i-villa-perla-eller-i-vinmarkerne\\\/\"},\"wordCount\":186,\"publisher\":{\"@id\":\"https:\\\/\\\/villa-perla.it\\\/da\\\/#organization\"},\"image\":{\"@id\":\"https:\\\/\\\/villa-perla.it\\\/da\\\/yoga-i-villa-perla-eller-i-vinmarkerne\\\/#primaryimage\"},\"thumbnailUrl\":\"https:\\\/\\\/villa-perla.it\\\/wp-content\\\/uploads\\\/2023\\\/07\\\/YOGA_WEB-42.webp\",\"articleSection\":[\"AT G\u00d8RE\"],\"inLanguage\":\"da-DK\"},{\"@type\":\"WebPage\",\"@id\":\"https:\\\/\\\/villa-perla.it\\\/da\\\/yoga-i-villa-perla-eller-i-vinmarkerne\\\/\",\"url\":\"https:\\\/\\\/villa-perla.it\\\/da\\\/yoga-i-villa-perla-eller-i-vinmarkerne\\\/\",\"name\":\"Yoga i Villa Perla eller i vinmarkerne - Villa Perla | Langhe - Monferrato\",\"isPartOf\":{\"@id\":\"https:\\\/\\\/villa-perla.it\\\/da\\\/#website\"},\"primaryImageOfPage\":{\"@id\":\"https:\\\/\\\/villa-perla.it\\\/da\\\/yoga-i-villa-perla-eller-i-vinmarkerne\\\/#primaryimage\"},\"image\":{\"@id\":\"https:\\\/\\\/villa-perla.it\\\/da\\\/yoga-i-villa-perla-eller-i-vinmarkerne\\\/#primaryimage\"},\"thumbnailUrl\":\"https:\\\/\\\/villa-perla.it\\\/wp-content\\\/uploads\\\/2023\\\/07\\\/YOGA_WEB-42.webp\",\"datePublished\":\"2024-02-20T13:48:21+00:00\",\"dateModified\":\"2026-03-11T10:32:07+00:00\",\"description\":\"Har du altid haft lyst til at pr\u00f8ve yoga i en professionel, men mere privat atmosf\u00e6re? Dyrker du allerede yoga? Vores engelsktalende yogal\u00e6rer kommer til Villa Perla...\",\"breadcrumb\":{\"@id\":\"https:\\\/\\\/villa-perla.it\\\/da\\\/yoga-i-villa-perla-eller-i-vinmarkerne\\\/#breadcrumb\"},\"inLanguage\":\"da-DK\",\"potentialAction\":[{\"@type\":\"ReadAction\",\"target\":[\"https:\\\/\\\/villa-perla.it\\\/da\\\/yoga-i-villa-perla-eller-i-vinmarkerne\\\/\"]}]},{\"@type\":\"ImageObject\",\"inLanguage\":\"da-DK\",\"@id\":\"https:\\\/\\\/villa-perla.it\\\/da\\\/yoga-i-villa-perla-eller-i-vinmarkerne\\\/#primaryimage\",\"url\":\"https:\\\/\\\/villa-perla.it\\\/wp-content\\\/uploads\\\/2023\\\/07\\\/YOGA_WEB-42.webp\",\"contentUrl\":\"https:\\\/\\\/villa-perla.it\\\/wp-content\\\/uploads\\\/2023\\\/07\\\/YOGA_WEB-42.webp\",\"width\":1197,\"height\":1800,\"caption\":\"Villa Perla Piemonte - Yoga in the Vineyards\"},{\"@type\":\"BreadcrumbList\",\"@id\":\"https:\\\/\\\/villa-perla.it\\\/da\\\/yoga-i-villa-perla-eller-i-vinmarkerne\\\/#breadcrumb\",\"itemListElement\":[{\"@type\":\"ListItem\",\"position\":1,\"name\":\"Home\",\"item\":\"https:\\\/\\\/villa-perla.it\\\/da\\\/\"},{\"@type\":\"ListItem\",\"position\":2,\"name\":\"Yoga i Villa Perla eller i vinmarkerne\"}]},{\"@type\":\"WebSite\",\"@id\":\"https:\\\/\\\/villa-perla.it\\\/da\\\/#website\",\"url\":\"https:\\\/\\\/villa-perla.it\\\/da\\\/\",\"name\":\"Villa Perla | Langhe - Monferrato\",\"description\":\"Your private holiday house in Piemonte\",\"publisher\":{\"@id\":\"https:\\\/\\\/villa-perla.it\\\/da\\\/#organization\"},\"alternateName\":\"Villa Perla |\",\"potentialAction\":[{\"@type\":\"SearchAction\",\"target\":{\"@type\":\"EntryPoint\",\"urlTemplate\":\"https:\\\/\\\/villa-perla.it\\\/da\\\/?s={search_term_string}\"},\"query-input\":{\"@type\":\"PropertyValueSpecification\",\"valueRequired\":true,\"valueName\":\"search_term_string\"}}],\"inLanguage\":\"da-DK\"},{\"@type\":\"Organization\",\"@id\":\"https:\\\/\\\/villa-perla.it\\\/da\\\/#organization\",\"name\":\"Villa Perla Piemonte\",\"alternateName\":\"Villa Perla Piemonte\",\"url\":\"https:\\\/\\\/villa-perla.it\\\/da\\\/\",\"logo\":{\"@type\":\"ImageObject\",\"inLanguage\":\"da-DK\",\"@id\":\"https:\\\/\\\/villa-perla.it\\\/da\\\/#\\\/schema\\\/logo\\\/image\\\/\",\"url\":\"https:\\\/\\\/villa-perla.it\\\/wp-content\\\/uploads\\\/2021\\\/11\\\/villa-perla-piemone-logo-transparant-400-x-100-px.svg\",\"contentUrl\":\"https:\\\/\\\/villa-perla.it\\\/wp-content\\\/uploads\\\/2021\\\/11\\\/villa-perla-piemone-logo-transparant-400-x-100-px.svg\",\"caption\":\"Villa Perla Piemonte\"},\"image\":{\"@id\":\"https:\\\/\\\/villa-perla.it\\\/da\\\/#\\\/schema\\\/logo\\\/image\\\/\"},\"sameAs\":[\"https:\\\/\\\/www.facebook.com\\\/villaperla.piemonte\",\"https:\\\/\\\/www.instagram.com\\\/villaperla_piemonte\"]},{\"@type\":\"Person\",\"@id\":\"https:\\\/\\\/villa-perla.it\\\/da\\\/#\\\/schema\\\/person\\\/50b32b6cf17bc1cd8759ed65996c029a\",\"name\":\"Benny\",\"image\":{\"@type\":\"ImageObject\",\"inLanguage\":\"da-DK\",\"@id\":\"https:\\\/\\\/secure.gravatar.com\\\/avatar\\\/8bf9ac5b4d9ade86173c485647bdda279bf9bdd5088a0fdc4cefeb2f82d5588c?s=96&d=mm&r=g\",\"url\":\"https:\\\/\\\/secure.gravatar.com\\\/avatar\\\/8bf9ac5b4d9ade86173c485647bdda279bf9bdd5088a0fdc4cefeb2f82d5588c?s=96&d=mm&r=g\",\"contentUrl\":\"https:\\\/\\\/secure.gravatar.com\\\/avatar\\\/8bf9ac5b4d9ade86173c485647bdda279bf9bdd5088a0fdc4cefeb2f82d5588c?s=96&d=mm&r=g\",\"caption\":\"Benny\"},\"url\":\"https:\\\/\\\/villa-perla.it\\\/da\\\/author\\\/benny\\\/\"}]}<\/script>\n<!-- \/ Yoast SEO plugin. -->","yoast_head_json":{"title":"Yoga i Villa Perla eller i vinmarkerne - Villa Perla | Langhe - Monferrato","description":"Har du altid haft lyst til at pr\u00f8ve yoga i en professionel, men mere privat atmosf\u00e6re? Dyrker du allerede yoga? Vores engelsktalende yogal\u00e6rer kommer til Villa Perla...","robots":{"index":"index","follow":"follow","max-snippet":"max-snippet:-1","max-image-preview":"max-image-preview:large","max-video-preview":"max-video-preview:-1"},"canonical":"https:\/\/villa-perla.it\/da\/yoga-i-villa-perla-eller-i-vinmarkerne\/","og_locale":"da_DK","og_type":"article","og_title":"Yoga i Villa Perla eller i vinmarkerne - Villa Perla | Langhe - Monferrato","og_description":"Har du altid haft lyst til at pr\u00f8ve yoga i en professionel, men mere privat atmosf\u00e6re? Dyrker du allerede yoga? Vores engelsktalende yogal\u00e6rer kommer til Villa Perla...","og_url":"https:\/\/villa-perla.it\/da\/yoga-i-villa-perla-eller-i-vinmarkerne\/","og_site_name":"Villa Perla | Langhe - Monferrato","article_publisher":"https:\/\/www.facebook.com\/villaperla.piemonte","article_published_time":"2024-02-20T13:48:21+00:00","article_modified_time":"2026-03-11T10:32:07+00:00","og_image":[{"width":1197,"height":1800,"url":"https:\/\/villa-perla.it\/wp-content\/uploads\/2023\/07\/YOGA_WEB-42.webp","type":"image\/jpeg"}],"author":"Benny","twitter_card":"summary_large_image","twitter_misc":{"Skrevet af":"Benny","Estimeret l\u00e6setid":"1 minut"},"schema":{"@context":"https:\/\/schema.org","@graph":[{"@type":"Article","@id":"https:\/\/villa-perla.it\/da\/yoga-i-villa-perla-eller-i-vinmarkerne\/#article","isPartOf":{"@id":"https:\/\/villa-perla.it\/da\/yoga-i-villa-perla-eller-i-vinmarkerne\/"},"author":{"name":"Benny","@id":"https:\/\/villa-perla.it\/da\/#\/schema\/person\/50b32b6cf17bc1cd8759ed65996c029a"},"headline":"Yoga i Villa Perla eller i vinmarkerne","datePublished":"2024-02-20T13:48:21+00:00","dateModified":"2026-03-11T10:32:07+00:00","mainEntityOfPage":{"@id":"https:\/\/villa-perla.it\/da\/yoga-i-villa-perla-eller-i-vinmarkerne\/"},"wordCount":186,"publisher":{"@id":"https:\/\/villa-perla.it\/da\/#organization"},"image":{"@id":"https:\/\/villa-perla.it\/da\/yoga-i-villa-perla-eller-i-vinmarkerne\/#primaryimage"},"thumbnailUrl":"https:\/\/villa-perla.it\/wp-content\/uploads\/2023\/07\/YOGA_WEB-42.webp","articleSection":["AT G\u00d8RE"],"inLanguage":"da-DK"},{"@type":"WebPage","@id":"https:\/\/villa-perla.it\/da\/yoga-i-villa-perla-eller-i-vinmarkerne\/","url":"https:\/\/villa-perla.it\/da\/yoga-i-villa-perla-eller-i-vinmarkerne\/","name":"Yoga i Villa Perla eller i vinmarkerne - Villa Perla | Langhe - Monferrato","isPartOf":{"@id":"https:\/\/villa-perla.it\/da\/#website"},"primaryImageOfPage":{"@id":"https:\/\/villa-perla.it\/da\/yoga-i-villa-perla-eller-i-vinmarkerne\/#primaryimage"},"image":{"@id":"https:\/\/villa-perla.it\/da\/yoga-i-villa-perla-eller-i-vinmarkerne\/#primaryimage"},"thumbnailUrl":"https:\/\/villa-perla.it\/wp-content\/uploads\/2023\/07\/YOGA_WEB-42.webp","datePublished":"2024-02-20T13:48:21+00:00","dateModified":"2026-03-11T10:32:07+00:00","description":"Har du altid haft lyst til at pr\u00f8ve yoga i en professionel, men mere privat atmosf\u00e6re? Dyrker du allerede yoga? Vores engelsktalende yogal\u00e6rer kommer til Villa Perla...","breadcrumb":{"@id":"https:\/\/villa-perla.it\/da\/yoga-i-villa-perla-eller-i-vinmarkerne\/#breadcrumb"},"inLanguage":"da-DK","potentialAction":[{"@type":"ReadAction","target":["https:\/\/villa-perla.it\/da\/yoga-i-villa-perla-eller-i-vinmarkerne\/"]}]},{"@type":"ImageObject","inLanguage":"da-DK","@id":"https:\/\/villa-perla.it\/da\/yoga-i-villa-perla-eller-i-vinmarkerne\/#primaryimage","url":"https:\/\/villa-perla.it\/wp-content\/uploads\/2023\/07\/YOGA_WEB-42.webp","contentUrl":"https:\/\/villa-perla.it\/wp-content\/uploads\/2023\/07\/YOGA_WEB-42.webp","width":1197,"height":1800,"caption":"Villa Perla Piemonte - Yoga in the Vineyards"},{"@type":"BreadcrumbList","@id":"https:\/\/villa-perla.it\/da\/yoga-i-villa-perla-eller-i-vinmarkerne\/#breadcrumb","itemListElement":[{"@type":"ListItem","position":1,"name":"Home","item":"https:\/\/villa-perla.it\/da\/"},{"@type":"ListItem","position":2,"name":"Yoga i Villa Perla eller i vinmarkerne"}]},{"@type":"WebSite","@id":"https:\/\/villa-perla.it\/da\/#website","url":"https:\/\/villa-perla.it\/da\/","name":"Villa Perla | Langhe - Monferrato","description":"Your private holiday house in Piemonte","publisher":{"@id":"https:\/\/villa-perla.it\/da\/#organization"},"alternateName":"Villa Perla |","potentialAction":[{"@type":"SearchAction","target":{"@type":"EntryPoint","urlTemplate":"https:\/\/villa-perla.it\/da\/?s={search_term_string}"},"query-input":{"@type":"PropertyValueSpecification","valueRequired":true,"valueName":"search_term_string"}}],"inLanguage":"da-DK"},{"@type":"Organization","@id":"https:\/\/villa-perla.it\/da\/#organization","name":"Villa Perla Piemonte","alternateName":"Villa Perla Piemonte","url":"https:\/\/villa-perla.it\/da\/","logo":{"@type":"ImageObject","inLanguage":"da-DK","@id":"https:\/\/villa-perla.it\/da\/#\/schema\/logo\/image\/","url":"https:\/\/villa-perla.it\/wp-content\/uploads\/2021\/11\/villa-perla-piemone-logo-transparant-400-x-100-px.svg","contentUrl":"https:\/\/villa-perla.it\/wp-content\/uploads\/2021\/11\/villa-perla-piemone-logo-transparant-400-x-100-px.svg","caption":"Villa Perla Piemonte"},"image":{"@id":"https:\/\/villa-perla.it\/da\/#\/schema\/logo\/image\/"},"sameAs":["https:\/\/www.facebook.com\/villaperla.piemonte","https:\/\/www.instagram.com\/villaperla_piemonte"]},{"@type":"Person","@id":"https:\/\/villa-perla.it\/da\/#\/schema\/person\/50b32b6cf17bc1cd8759ed65996c029a","name":"Benny","image":{"@type":"ImageObject","inLanguage":"da-DK","@id":"https:\/\/secure.gravatar.com\/avatar\/8bf9ac5b4d9ade86173c485647bdda279bf9bdd5088a0fdc4cefeb2f82d5588c?s=96&d=mm&r=g","url":"https:\/\/secure.gravatar.com\/avatar\/8bf9ac5b4d9ade86173c485647bdda279bf9bdd5088a0fdc4cefeb2f82d5588c?s=96&d=mm&r=g","contentUrl":"https:\/\/secure.gravatar.com\/avatar\/8bf9ac5b4d9ade86173c485647bdda279bf9bdd5088a0fdc4cefeb2f82d5588c?s=96&d=mm&r=g","caption":"Benny"},"url":"https:\/\/villa-perla.it\/da\/author\/benny\/"}]}},"_links":{"self":[{"href":"https:\/\/villa-perla.it\/da\/wp-json\/wp\/v2\/posts\/16417","targetHints":{"allow":["GET"]}}],"collection":[{"href":"https:\/\/villa-perla.it\/da\/wp-json\/wp\/v2\/posts"}],"about":[{"href":"https:\/\/villa-perla.it\/da\/wp-json\/wp\/v2\/types\/post"}],"author":[{"embeddable":true,"href":"https:\/\/villa-perla.it\/da\/wp-json\/wp\/v2\/users\/5"}],"replies":[{"embeddable":true,"href":"https:\/\/villa-perla.it\/da\/wp-json\/wp\/v2\/comments?post=16417"}],"version-history":[{"count":6,"href":"https:\/\/villa-perla.it\/da\/wp-json\/wp\/v2\/posts\/16417\/revisions"}],"predecessor-version":[{"id":19718,"href":"https:\/\/villa-perla.it\/da\/wp-json\/wp\/v2\/posts\/16417\/revisions\/19718"}],"wp:featuredmedia":[{"embeddable":true,"href":"https:\/\/villa-perla.it\/da\/wp-json\/wp\/v2\/media\/16019"}],"wp:attachment":[{"href":"https:\/\/villa-perla.it\/da\/wp-json\/wp\/v2\/media?parent=16417"}],"wp:term":[{"taxonomy":"category","embeddable":true,"href":"https:\/\/villa-perla.it\/da\/wp-json\/wp\/v2\/categories?post=16417"},{"taxonomy":"post_tag","embeddable":true,"href":"https:\/\/villa-perla.it\/da\/wp-json\/wp\/v2\/tags?post=16417"}],"curies":[{"name":"wp","href":"https:\/\/api.w.org\/{rel}","templated":true}]}}