{"id":16397,"date":"2024-07-10T13:02:25","date_gmt":"2024-07-10T11:02:25","guid":{"rendered":"https:\/\/villa-perla.it\/inspirerende-rejsecitater-om-at-rejse-generelt-italien-og-piemonte\/"},"modified":"2024-12-12T15:31:48","modified_gmt":"2024-12-12T14:31:48","slug":"inspirerende-rejsecitater-om-at-rejse-generelt-italien-og-piemonte","status":"publish","type":"post","link":"https:\/\/villa-perla.it\/da\/inspirerende-rejsecitater-om-at-rejse-generelt-italien-og-piemonte\/","title":{"rendered":"Inspirerende rejsecitater om at rejse generelt, Italien og Piemonte"},"content":{"rendered":"\t\t<div data-elementor-type=\"wp-post\" data-elementor-id=\"16397\" class=\"elementor elementor-16397 elementor-14661\" data-elementor-post-type=\"post\">\n\t\t\t\t\t\t<section class=\"elementor-section elementor-top-section elementor-element elementor-element-7fa312db elementor-section-height-min-height elementor-section-boxed elementor-section-height-default elementor-section-items-middle\" data-id=\"7fa312db\" data-element_type=\"section\" data-e-type=\"section\" data-settings=\"{&quot;background_background&quot;:&quot;classic&quot;,&quot;jet_parallax_layout_list&quot;:[]}\">\n\t\t\t\t\t\t\t<div class=\"elementor-background-overlay\"><\/div>\n\t\t\t\t\t\t\t<div class=\"elementor-container elementor-column-gap-default\">\n\t\t\t\t\t<div class=\"elementor-column elementor-col-100 elementor-top-column elementor-element elementor-element-3c0b06ae\" data-id=\"3c0b06ae\" data-element_type=\"column\" data-e-type=\"column\">\n\t\t\t<div class=\"elementor-widget-wrap elementor-element-populated\">\n\t\t\t\t\t\t<div class=\"elementor-element elementor-element-beb884d elementor-widget elementor-widget-heading\" data-id=\"beb884d\" data-element_type=\"widget\" data-e-type=\"widget\" data-widget_type=\"heading.default\">\n\t\t\t\t<div class=\"elementor-widget-container\">\n\t\t\t\t\t<h1 class=\"elementor-heading-title elementor-size-default\">Inspirerende rejsecitater om at rejse generelt, <br>Italien og Piemonte<\/h1>\t\t\t\t<\/div>\n\t\t\t\t<\/div>\n\t\t\t\t\t<\/div>\n\t\t<\/div>\n\t\t\t\t\t<\/div>\n\t\t<\/section>\n\t\t\t\t<section class=\"elementor-section elementor-top-section elementor-element elementor-element-d5e2dea elementor-section-boxed elementor-section-height-default elementor-section-height-default\" data-id=\"d5e2dea\" data-element_type=\"section\" data-e-type=\"section\" data-settings=\"{&quot;jet_parallax_layout_list&quot;:[{&quot;_id&quot;:&quot;8b0c4e9&quot;,&quot;jet_parallax_layout_image&quot;:{&quot;url&quot;:&quot;&quot;,&quot;id&quot;:&quot;&quot;,&quot;size&quot;:&quot;&quot;},&quot;jet_parallax_layout_image_tablet&quot;:{&quot;url&quot;:&quot;&quot;,&quot;id&quot;:&quot;&quot;,&quot;size&quot;:&quot;&quot;},&quot;jet_parallax_layout_image_mobile&quot;:{&quot;url&quot;:&quot;&quot;,&quot;id&quot;:&quot;&quot;,&quot;size&quot;:&quot;&quot;},&quot;jet_parallax_layout_speed&quot;:{&quot;unit&quot;:&quot;%&quot;,&quot;size&quot;:50,&quot;sizes&quot;:[]},&quot;jet_parallax_layout_type&quot;:&quot;scroll&quot;,&quot;jet_parallax_layout_direction&quot;:&quot;1&quot;,&quot;jet_parallax_layout_fx_direction&quot;:null,&quot;jet_parallax_layout_z_index&quot;:&quot;&quot;,&quot;jet_parallax_layout_bg_x&quot;:50,&quot;jet_parallax_layout_bg_x_tablet&quot;:&quot;&quot;,&quot;jet_parallax_layout_bg_x_mobile&quot;:&quot;&quot;,&quot;jet_parallax_layout_bg_y&quot;:50,&quot;jet_parallax_layout_bg_y_tablet&quot;:&quot;&quot;,&quot;jet_parallax_layout_bg_y_mobile&quot;:&quot;&quot;,&quot;jet_parallax_layout_bg_size&quot;:&quot;auto&quot;,&quot;jet_parallax_layout_bg_size_tablet&quot;:&quot;&quot;,&quot;jet_parallax_layout_bg_size_mobile&quot;:&quot;&quot;,&quot;jet_parallax_layout_animation_prop&quot;:&quot;transform&quot;,&quot;jet_parallax_layout_on&quot;:[&quot;desktop&quot;,&quot;tablet&quot;]}]}\">\n\t\t\t\t\t\t<div class=\"elementor-container elementor-column-gap-default\">\n\t\t\t\t\t<div class=\"elementor-column elementor-col-50 elementor-top-column elementor-element elementor-element-7dd1b63\" data-id=\"7dd1b63\" data-element_type=\"column\" data-e-type=\"column\">\n\t\t\t<div class=\"elementor-widget-wrap elementor-element-populated\">\n\t\t\t\t\t\t<div class=\"elementor-element elementor-element-1f267fc elementor-hidden-mobile elementor-post-navigation-borders-yes elementor-widget elementor-widget-post-navigation\" data-id=\"1f267fc\" data-element_type=\"widget\" data-e-type=\"widget\" data-widget_type=\"post-navigation.default\">\n\t\t\t\t<div class=\"elementor-widget-container\">\n\t\t\t\t\t\t\t<div class=\"elementor-post-navigation\" role=\"navigation\" aria-label=\"Indl\u00e6g navigation\">\n\t\t\t<div class=\"elementor-post-navigation__prev elementor-post-navigation__link\">\n\t\t\t\t<a href=\"https:\/\/villa-perla.it\/da\/hvad-man-kan-lave-omkring-villa-perla-piemonte-i-juli-august\/\" rel=\"prev\"><span class=\"post-navigation__arrow-wrapper post-navigation__arrow-prev\"><svg aria-hidden=\"true\" class=\"e-font-icon-svg e-fas-angle-left\" viewBox=\"0 0 256 512\" xmlns=\"http:\/\/www.w3.org\/2000\/svg\"><path d=\"M31.7 239l136-136c9.4-9.4 24.6-9.4 33.9 0l22.6 22.6c9.4 9.4 9.4 24.6 0 33.9L127.9 256l96.4 96.4c9.4 9.4 9.4 24.6 0 33.9L201.7 409c-9.4 9.4-24.6 9.4-33.9 0l-136-136c-9.5-9.4-9.5-24.6-.1-34z\"><\/path><\/svg><span class=\"elementor-screen-only\">Tidligere<\/span><\/span><span class=\"elementor-post-navigation__link__prev\"><span class=\"post-navigation__prev--label\">Tidligere<\/span><span class=\"post-navigation__prev--title\">Hvad man kan lave omkring Villa Perla Piemonte i juli &amp; august<\/span><\/span><\/a>\t\t\t<\/div>\n\t\t\t\t\t\t\t<div class=\"elementor-post-navigation__separator-wrapper\">\n\t\t\t\t\t<div class=\"elementor-post-navigation__separator\"><\/div>\n\t\t\t\t<\/div>\n\t\t\t\t\t\t<div class=\"elementor-post-navigation__next elementor-post-navigation__link\">\n\t\t\t\t<a href=\"https:\/\/villa-perla.it\/da\/villa-perla-dagstur-1-neive-alba-barolo-canelli\/\" rel=\"next\"><span class=\"elementor-post-navigation__link__next\"><span class=\"post-navigation__next--label\">N\u00e6ste<\/span><span class=\"post-navigation__next--title\">Villa Perla dagstur 1: Neive, Alba, Barolo &amp; Canelli<\/span><\/span><span class=\"post-navigation__arrow-wrapper post-navigation__arrow-next\"><svg aria-hidden=\"true\" class=\"e-font-icon-svg e-fas-angle-right\" viewBox=\"0 0 256 512\" xmlns=\"http:\/\/www.w3.org\/2000\/svg\"><path d=\"M224.3 273l-136 136c-9.4 9.4-24.6 9.4-33.9 0l-22.6-22.6c-9.4-9.4-9.4-24.6 0-33.9l96.4-96.4-96.4-96.4c-9.4-9.4-9.4-24.6 0-33.9L54.3 103c9.4-9.4 24.6-9.4 33.9 0l136 136c9.5 9.4 9.5 24.6.1 34z\"><\/path><\/svg><span class=\"elementor-screen-only\">N\u00e6ste<\/span><\/span><\/a>\t\t\t<\/div>\n\t\t<\/div>\n\t\t\t\t\t\t<\/div>\n\t\t\t\t<\/div>\n\t\t\t\t<div class=\"elementor-element elementor-element-8efeb84 elementor-widget elementor-widget-heading\" data-id=\"8efeb84\" data-element_type=\"widget\" data-e-type=\"widget\" data-widget_type=\"heading.default\">\n\t\t\t\t<div class=\"elementor-widget-container\">\n\t\t\t\t\t<h2 class=\"elementor-heading-title elementor-size-default\">Et par rejsecitater til at inspirere dig<\/h2>\t\t\t\t<\/div>\n\t\t\t\t<\/div>\n\t\t\t\t<div class=\"elementor-element elementor-element-69ada53 elementor-share-buttons--view-icon elementor-share-buttons--skin-minimal elementor-share-buttons--color-custom elementor-share-buttons--shape-square elementor-grid-0 elementor-widget elementor-widget-share-buttons\" data-id=\"69ada53\" data-element_type=\"widget\" data-e-type=\"widget\" data-widget_type=\"share-buttons.default\">\n\t\t\t\t<div class=\"elementor-widget-container\">\n\t\t\t\t\t\t\t<div class=\"elementor-grid\" role=\"list\">\n\t\t\t\t\t\t\t\t<div class=\"elementor-grid-item\" role=\"listitem\">\n\t\t\t\t\t\t<div class=\"elementor-share-btn elementor-share-btn_whatsapp\" role=\"button\" tabindex=\"0\" aria-label=\"Del p\u00e5 whatsapp\">\n\t\t\t\t\t\t\t\t\t\t\t\t\t\t\t<span class=\"elementor-share-btn__icon\">\n\t\t\t\t\t\t\t\t<svg aria-hidden=\"true\" class=\"e-font-icon-svg e-fab-whatsapp\" viewBox=\"0 0 448 512\" xmlns=\"http:\/\/www.w3.org\/2000\/svg\"><path d=\"M380.9 97.1C339 55.1 283.2 32 223.9 32c-122.4 0-222 99.6-222 222 0 39.1 10.2 77.3 29.6 111L0 480l117.7-30.9c32.4 17.7 68.9 27 106.1 27h.1c122.3 0 224.1-99.6 224.1-222 0-59.3-25.2-115-67.1-157zm-157 341.6c-33.2 0-65.7-8.9-94-25.7l-6.7-4-69.8 18.3L72 359.2l-4.4-7c-18.5-29.4-28.2-63.3-28.2-98.2 0-101.7 82.8-184.5 184.6-184.5 49.3 0 95.6 19.2 130.4 54.1 34.8 34.9 56.2 81.2 56.1 130.5 0 101.8-84.9 184.6-186.6 184.6zm101.2-138.2c-5.5-2.8-32.8-16.2-37.9-18-5.1-1.9-8.8-2.8-12.5 2.8-3.7 5.6-14.3 18-17.6 21.8-3.2 3.7-6.5 4.2-12 1.4-32.6-16.3-54-29.1-75.5-66-5.7-9.8 5.7-9.1 16.3-30.3 1.8-3.7.9-6.9-.5-9.7-1.4-2.8-12.5-30.1-17.1-41.2-4.5-10.8-9.1-9.3-12.5-9.5-3.2-.2-6.9-.2-10.6-.2-3.7 0-9.7 1.4-14.8 6.9-5.1 5.6-19.4 19-19.4 46.3 0 27.3 19.9 53.7 22.6 57.4 2.8 3.7 39.1 59.7 94.8 83.8 35.2 15.2 49 16.5 66.6 13.9 10.7-1.6 32.8-13.4 37.4-26.4 4.6-13 4.6-24.1 3.2-26.4-1.3-2.5-5-3.9-10.5-6.6z\"><\/path><\/svg>\t\t\t\t\t\t\t<\/span>\n\t\t\t\t\t\t\t\t\t\t\t\t\t\t\t\t\t\t\t\t<\/div>\n\t\t\t\t\t<\/div>\n\t\t\t\t\t\t\t\t\t<div class=\"elementor-grid-item\" role=\"listitem\">\n\t\t\t\t\t\t<div class=\"elementor-share-btn elementor-share-btn_facebook\" role=\"button\" tabindex=\"0\" aria-label=\"Del p\u00e5 facebook\">\n\t\t\t\t\t\t\t\t\t\t\t\t\t\t\t<span class=\"elementor-share-btn__icon\">\n\t\t\t\t\t\t\t\t<svg aria-hidden=\"true\" class=\"e-font-icon-svg e-fab-facebook\" viewBox=\"0 0 512 512\" xmlns=\"http:\/\/www.w3.org\/2000\/svg\"><path d=\"M504 256C504 119 393 8 256 8S8 119 8 256c0 123.78 90.69 226.38 209.25 245V327.69h-63V256h63v-54.64c0-62.15 37-96.48 93.67-96.48 27.14 0 55.52 4.84 55.52 4.84v61h-31.28c-30.8 0-40.41 19.12-40.41 38.73V256h68.78l-11 71.69h-57.78V501C413.31 482.38 504 379.78 504 256z\"><\/path><\/svg>\t\t\t\t\t\t\t<\/span>\n\t\t\t\t\t\t\t\t\t\t\t\t\t\t\t\t\t\t\t\t<\/div>\n\t\t\t\t\t<\/div>\n\t\t\t\t\t\t\t\t\t<div class=\"elementor-grid-item\" role=\"listitem\">\n\t\t\t\t\t\t<div class=\"elementor-share-btn elementor-share-btn_linkedin\" role=\"button\" tabindex=\"0\" aria-label=\"Del p\u00e5 linkedin\">\n\t\t\t\t\t\t\t\t\t\t\t\t\t\t\t<span class=\"elementor-share-btn__icon\">\n\t\t\t\t\t\t\t\t<svg aria-hidden=\"true\" class=\"e-font-icon-svg e-fab-linkedin\" viewBox=\"0 0 448 512\" xmlns=\"http:\/\/www.w3.org\/2000\/svg\"><path d=\"M416 32H31.9C14.3 32 0 46.5 0 64.3v383.4C0 465.5 14.3 480 31.9 480H416c17.6 0 32-14.5 32-32.3V64.3c0-17.8-14.4-32.3-32-32.3zM135.4 416H69V202.2h66.5V416zm-33.2-243c-21.3 0-38.5-17.3-38.5-38.5S80.9 96 102.2 96c21.2 0 38.5 17.3 38.5 38.5 0 21.3-17.2 38.5-38.5 38.5zm282.1 243h-66.4V312c0-24.8-.5-56.7-34.5-56.7-34.6 0-39.9 27-39.9 54.9V416h-66.4V202.2h63.7v29.2h.9c8.9-16.8 30.6-34.5 62.9-34.5 67.2 0 79.7 44.3 79.7 101.9V416z\"><\/path><\/svg>\t\t\t\t\t\t\t<\/span>\n\t\t\t\t\t\t\t\t\t\t\t\t\t\t\t\t\t\t\t\t<\/div>\n\t\t\t\t\t<\/div>\n\t\t\t\t\t\t<\/div>\n\t\t\t\t\t\t<\/div>\n\t\t\t\t<\/div>\n\t\t\t\t<div class=\"elementor-element elementor-element-e4211e0 elementor-widget__width-initial elementor-widget elementor-widget-text-editor\" data-id=\"e4211e0\" data-element_type=\"widget\" data-e-type=\"widget\" data-widget_type=\"text-editor.default\">\n\t\t\t\t<div class=\"elementor-widget-container\">\n\t\t\t\t\t\t\t\t\t<p><span style=\"font-weight: 400;\">Rejser har evnen til at inspirere og forvandle os, mens vi flygter fra de daglige pligter. Her er et par inspirerende rejsecitater :-). <\/span><\/p>\n<ul>\n<li><span style=\"font-weight: 400;\">  &#8220;At rejse &#8211; det g\u00f8r dig m\u00e5ll\u00f8s, og s\u00e5 bliver du til en historiefort\u00e6ller.&#8221; &#8211; Ibn Battuta<\/span><\/li>\n<\/ul>\n<ul>\n<li><span style=\"font-weight: 400;\">  &#8220;Verden er en bog, og de, der ikke rejser, l\u00e6ser kun \u00e9n side.&#8221; &#8211; Sankt Augustin<\/span><\/li>\n<\/ul>\n<ul>\n<li><span style=\"font-weight: 400;\">  &#8220;Rejs langt nok, og du m\u00f8der dig selv.&#8221; &#8211; David Mitchell<\/span><\/li>\n<\/ul>\n<ul>\n<li><span style=\"font-weight: 400;\">  &#8220;At rejse er at tage p\u00e5 en rejse ind i sig selv.&#8221; &#8211; Danny Kaye<\/span><\/li>\n<\/ul>\n<ul>\n<li><span style=\"font-weight: 400;\">  &#8220;Eventyr er det hele v\u00e6rd.&#8221; &#8211; \u00c6sop<\/span><\/li>\n<\/ul>\n<ul>\n<li><span style=\"font-weight: 400;\">  &#8220;At rejse g\u00f8r en beskeden. Man ser, hvor lille en plads man indtager i verden.&#8221; &#8211; Gustave Flaubert<\/span><\/li>\n<\/ul>\n<ul>\n<li><span style=\"font-weight: 400;\">  &#8220;Livet er kort, og verden er stor. Jo f\u00f8r du begynder at udforske den, jo bedre.&#8221; &#8211; Simon Ravn<\/span><\/li>\n<\/ul>\n<ul>\n<li><span style=\"font-weight: 400;\">  &#8220;En rejse p\u00e5 tusind kilometer begynder med et enkelt skridt.&#8221; &#8211; Lao Tzu<\/span><\/li>\n<\/ul>\n<ul>\n<li><span style=\"font-weight: 400;\">  &#8220;Ikke alle, der vandrer, er fortabte.&#8221; &#8211; J.R.R. Tolkien<\/span><\/li>\n<li><span style=\"font-weight: 400;\">  &#8220;Vi rejser ikke for at flygte fra livet, men for at livet ikke skal flygte fra os.&#8221; &#8211; Anonym<\/span><\/li>\n<\/ul>\n<p><strong>Vil du tilf\u00f8je nogle af dine favoritter til denne liste? Det g\u00f8r vi med gl\u00e6de! Send dem ind via <a href=\"mailto:info@villa-perla.it\">info@villa-perla.it!<\/a>  <\/strong><\/p>\n<p>Vil du gerne l\u00e6se flere citater om Italien eller endnu mere specifikt Piemonte? S\u00e5 er vi klar: <\/p>\n\t\t\t\t\t\t\t\t<\/div>\n\t\t\t\t<\/div>\n\t\t\t\t<div class=\"elementor-element elementor-element-a0967aa elementor-widget__width-initial elementor-widget elementor-widget-text-editor\" data-id=\"a0967aa\" data-element_type=\"widget\" data-e-type=\"widget\" data-widget_type=\"text-editor.default\">\n\t\t\t\t<div class=\"elementor-widget-container\">\n\t\t\t\t\t\t\t\t\t<h1><span style=\"font-weight: 400;\">De bedste rejsecitater om Italien generelt<\/span><\/h1>\n<p><span style=\"font-weight: 400;\">Italien, et land med sk\u00f8nhed, rig historie og det bedste k\u00f8kken, har inspireret utallige rejsende og forfattere gennem \u00e5rhundreder.  <\/span><\/p>\n<h4><strong>Det romantiske Italien<\/strong><\/h4>\n<ul>\n<li><span style=\"font-weight: 400;\">  &#8220;Italien er en dr\u00f8m, der bliver ved med at vende tilbage resten af livet.&#8221; &#8211; Anna Akhmatova<\/span><\/li>\n<li><span style=\"font-weight: 400;\">  &#8220;\u00c5bn mit hjerte, og du vil se &#8216;Italien&#8217; indgraveret i det.&#8221; &#8211; Robert Browning<\/span><\/li>\n<li><span style=\"font-weight: 400;\">  &#8220;Italien bliver aldrig et normalt land. Fordi Italien er Italien. Hvis vi var et normalt land, ville vi ikke have Rom. Vi ville ikke have Firenze. Vi ville ikke have det vidunder, som Venedig er.&#8221; &#8211; Matteo Renzi<\/span><\/li>\n<li><span style=\"font-weight: 400;\">  &#8220;Du m\u00e5 f\u00e5 universet, hvis jeg m\u00e5 f\u00e5 Italien.&#8221; &#8211; Giuseppe Verdi<\/span><\/li>\n<li><span style=\"font-weight: 400;\">  &#8220;At rejse er \u00f8del\u00e6ggelsen af al lykke! Man kan ikke se p\u00e5 en bygning, n\u00e5r man har set Italien.&#8221; &#8211; Fanny Burney<\/span><\/li>\n<li><span style=\"font-weight: 400;\">  &#8220;Venedig er som at spise en hel \u00e6ske chokoladelik\u00f8r p\u00e5 \u00e9n gang.&#8221; &#8211; Truman Capote<\/span><\/li>\n<li><span style=\"font-weight: 400;\">  &#8220;Italien, det land, hvor en mands f\u00f8rste k\u00e6rlighed og anden mor er hans eget spejlbillede.&#8221; &#8211; Henry James<\/span><\/li>\n<li><span style=\"font-weight: 400;\">  &#8220;Min forestilling om himlen er stadig at k\u00f8re rundt p\u00e5 grusvejene i Umbrien og Toscana og v\u00e6re helt fortabt.&#8221; &#8211; Frances Mayes<\/span><\/li>\n<\/ul>\n<h4> <\/h4>\n<h4><strong>Det historiske Italien<\/strong><\/h4>\n<ul>\n<li><span style=\"font-weight: 400;\">  &#8220;Italien er et geografisk udtryk.&#8221; &#8211; Fyrst Metternich<\/span><\/li>\n<li><span style=\"font-weight: 400;\">  &#8220;Skaberen skabte Italien efter tegninger fra Michelangelo.&#8221; &#8211; Mark Twain<\/span><\/li>\n<li><span style=\"font-weight: 400;\">  &#8220;I Italien f\u00f8jer de arbejde og liv til mad og vin.&#8221; &#8211; Robin Leach<\/span><\/li>\n<li><span style=\"font-weight: 400;\">  &#8220;Italien har fantastisk mad, fantastisk mode og fantastisk kultur.&#8221; &#8211; Donald Trump<\/span><\/li>\n<li><span style=\"font-weight: 400;\">  &#8220;Italien er et land, som enhver mand b\u00f8r elske \u00e9n gang.&#8221; &#8211; Ernest Hemingway<\/span><\/li>\n<li><span style=\"font-weight: 400;\">  &#8220;Alt ved Firenze synes at v\u00e6re farvet med en mild violet farve, som fortyndet vin.&#8221; &#8211; Henry James<\/span><\/li>\n<li><span style=\"font-weight: 400;\">  &#8220;Rom er ekkoernes by, illusionernes by og l\u00e6ngslens by.&#8221; &#8211; Giotto di Bondone<\/span><\/li>\n<\/ul>\n<h4> <\/h4>\n<h4><strong>Det kulinariske Italien<\/strong><\/h4>\n<ul>\n<li><span style=\"font-weight: 400;\">  &#8220;I Italien er mad en kunstform.&#8221; &#8211; Anthony Bourdain<\/span><\/li>\n<li><span style=\"font-weight: 400;\">  &#8220;Italiens mest ber\u00f8mte ingrediens er k\u00e6rlighed.&#8221; &#8211; Antonio Carluccio<\/span><\/li>\n<li><span style=\"font-weight: 400;\">  &#8220;Problemet med at spise italiensk mad er, at man fem-seks dage senere er sulten igen.&#8221; &#8211; George Miller<\/span><\/li>\n<li><span style=\"font-weight: 400;\">  &#8220;Livet er en kombination af magi og pasta.&#8221; &#8211; Federico Fellini<\/span><\/li>\n<li><span style=\"font-weight: 400;\">  &#8220;En af de allerbedste ting ved livet er, at vi regelm\u00e6ssigt m\u00e5 stoppe, hvad vi end laver, og bruge vores opm\u00e6rksomhed p\u00e5 at spise.&#8221; &#8211; Luciano Pavarotti<\/span><\/li>\n<li><span style=\"font-weight: 400;\">  &#8220;Italien er en dr\u00f8m, der bliver ved med at vende tilbage resten af livet.&#8221; &#8211; Anna Akhmatova<\/span><\/li>\n<li><span style=\"font-weight: 400;\">  &#8220;Intet er mere nyttigt end vin til at styrke kroppen og ogs\u00e5 mere skadeligt for vores forn\u00f8jelse, hvis der ikke er m\u00e5dehold.&#8221; &#8211; Plinius den \u00c6ldre<\/span><\/li>\n<\/ul>\n<h4> <\/h4>\n<h4><strong>Inspirerende Italien<\/strong><\/h4>\n<ul>\n<li><span style=\"font-weight: 400;\">  &#8220;Italien er en dr\u00f8m, der f\u00e5r dig til at blive forelsket igen og igen.&#8221; &#8211; Anonym<\/span><\/li>\n<li><span style=\"font-weight: 400;\">  &#8220;Italien er et land med stor sk\u00f8nhed og rig kultur, fuld af inspiration og romantik.&#8221; &#8211; Anonym<\/span><\/li>\n<li><span style=\"font-weight: 400;\">  &#8220;Italien har en evne til at stj\u00e6le dit hjerte og din sj\u00e6l.&#8221; &#8211; Anonym<\/span><\/li>\n<li><span style=\"font-weight: 400;\">  &#8220;I Italien mister man aldrig sin f\u00f8lelse af forundring.&#8221; &#8211; Anonym<\/span><\/li>\n<li><span style=\"font-weight: 400;\">  &#8220;Italien er et land, der v\u00e6kker sanserne og s\u00e6tter gang i fantasien.&#8221; &#8211; Anonym<\/span><\/li>\n<li><span style=\"font-weight: 400;\">  &#8220;Det smukke ved Italien er, at der er noget for enhver smag.&#8221; &#8211; Anonym<\/span><\/li>\n<li><span style=\"font-weight: 400;\">  &#8220;Italien er ikke bare et sted, det er en f\u00f8lelse.&#8221; &#8211; Anonym<\/span><\/li>\n<li><span style=\"font-weight: 400;\">  &#8220;Italien er et land, der taler til dit hjerte.&#8221; &#8211; Anonym<\/span><\/li>\n<li><span style=\"font-weight: 400;\">  &#8220;Italien er et sted, hvor historie, kunst og kultur m\u00f8des for at skabe noget virkelig magisk.&#8221; &#8211; Anonym<\/span><\/li>\n<li><span style=\"font-weight: 400;\">  &#8220;Italien er et sted, der f\u00e5r dig til at f\u00f8le dig levende.&#8221; &#8211; Anonym<\/span><\/li>\n<\/ul>\n<h4> <\/h4>\n<h4><strong>Kunstnerisk Italien<\/strong><\/h4>\n<ul>\n<li><span style=\"font-weight: 400;\">  &#8220;Italien er en dr\u00f8m, der inspirerer b\u00e5de kunstnere og digtere.&#8221; &#8211; Anonym<\/span><\/li>\n<li><span style=\"font-weight: 400;\">  &#8220;I Italien er der kunst overalt, hvor man kigger.&#8221; &#8211; Anonym<\/span><\/li>\n<li><span style=\"font-weight: 400;\">  &#8220;Italien er et sted, hvor kreativitet og lidenskab m\u00f8des for at skabe noget smukt.&#8221; &#8211; Anonym<\/span><\/li>\n<li><span style=\"font-weight: 400;\">  &#8220;Italien er et sted, hvor man kan finde inspiration rundt om hvert hj\u00f8rne.&#8221; &#8211; Anonym<\/span><\/li>\n<li><span style=\"font-weight: 400;\">  &#8220;Italien er et sted, hvor kunst og kultur er en integreret del af hverdagen.&#8221; &#8211; Anonym<\/span><\/li>\n<li><span style=\"font-weight: 400;\">  &#8220;Italien er et land, der s\u00e6tter sk\u00f8nhed og kreativitet over alt andet.&#8221; &#8211; Anonym<\/span><\/li>\n<li><span style=\"font-weight: 400;\">  &#8220;Italien er et sted, hvor fortid og nutid m\u00f8des for at skabe noget helt unikt.&#8221; &#8211; Anonym<\/span><\/li>\n<\/ul>\n<h4> <\/h4>\n<h4><strong>Det kulturelle Italien<\/strong><\/h4>\n<ul>\n<li><span style=\"font-weight: 400;\">  &#8220;Italien er et sted, hvor det gamle og det nye lever sammen i perfekt harmoni.&#8221; &#8211; Anonym<\/span><\/li>\n<li><span style=\"font-weight: 400;\">  &#8220;Italien er et land, der v\u00e6rds\u00e6tter familie og f\u00e6llesskab.&#8221; &#8211; Anonym<\/span><\/li>\n<li><span style=\"font-weight: 400;\">  &#8220;Italien er et sted, hvor man kan m\u00e6rke folks varme og g\u00e6stfrihed.&#8221; &#8211; Anonym<\/span><\/li>\n<li><span style=\"font-weight: 400;\">  &#8220;Italien er et land, der har dyb respekt for sin fortid.&#8221; &#8211; Anonym<\/span><\/li>\n<li><span style=\"font-weight: 400;\">  &#8220;Italien er et sted, hvor man kan finde sk\u00f8nhed i de mest simple ting.&#8221; &#8211; Anonym<\/span><\/li>\n<\/ul>\n<h4> <\/h4>\n<h4><strong>Det natursk\u00f8nne Italien<\/strong><\/h4>\n<ul>\n<li><span style=\"font-weight: 400;\">  &#8220;Italien er et land med fantastiske landskaber og betagende udsigter.&#8221; &#8211; Anonym<\/span><\/li>\n<li><span style=\"font-weight: 400;\">  &#8220;Italien er et sted, hvor natur og sk\u00f8nhed m\u00f8des i perfekt harmoni.&#8221; &#8211; Anonym<\/span><\/li>\n<li><span style=\"font-weight: 400;\">  &#8220;Italien er et sted, hvor du kan fortabe dig i landskabets sk\u00f8nhed.&#8221; &#8211; Anonym<\/span><\/li>\n<li><span style=\"font-weight: 400;\">  &#8220;Italien er et land med en naturlig sk\u00f8nhed, der er uovertruffen.&#8221; &#8211; Anonym<\/span><\/li>\n<li><span style=\"font-weight: 400;\">  &#8220;Italien er et sted, hvor man kan finde inspiration i omgivelsernes sk\u00f8nhed.&#8221; &#8211; Anonym<\/span><\/li>\n<li><span style=\"font-weight: 400;\">  &#8220;Italien er et land med en tidl\u00f8s sk\u00f8nhed.&#8221; &#8211; Anonym<\/span><\/li>\n<li><span style=\"font-weight: 400;\">  &#8220;Italien er et sted, hvor man kan finde fred og ro.&#8221; &#8211; Anonym<\/span><\/li>\n<\/ul>\n<h4> <\/h4>\n<h4><strong>Eventyrligt Italien<\/strong><\/h4>\n<ul>\n<li><span style=\"font-weight: 400;\">  &#8220;Italien er et sted, hvor du kan finde sp\u00e6nding og eventyr rundt om hvert hj\u00f8rne.&#8221; &#8211; Anonym<\/span><\/li>\n<li><span style=\"font-weight: 400;\">  &#8220;Italien er et land, der har noget for enhver smag.&#8221; &#8211; Anonym<\/span><\/li>\n<li><span style=\"font-weight: 400;\">  &#8220;Italien er et sted, hvor du kan opleve sp\u00e6ndingen ved at g\u00e5 p\u00e5 opdagelse.&#8221; &#8211; Anonym<\/span><\/li>\n<li><span style=\"font-weight: 400;\">  &#8220;Italien er et sted, hvor man kan g\u00e5 p\u00e5 opdagelse i sig selv.&#8221; &#8211; Anonym<\/span><\/li>\n<li><span style=\"font-weight: 400;\">  &#8220;Italien er et land med eventyrlyst.&#8221; &#8211; Anonym<\/span><\/li>\n<li><span style=\"font-weight: 400;\">  &#8220;Italien er et land, der har en f\u00f8lelse af forundring og sp\u00e6nding.&#8221; &#8211; Anonym<\/span><\/li>\n<li><span style=\"font-weight: 400;\">  &#8220;Italien er et sted, hvor man kan finde gl\u00e6de i de enkle forn\u00f8jelser.&#8221; &#8211; Anonym<\/span><\/li>\n<\/ul>\n\t\t\t\t\t\t\t\t<\/div>\n\t\t\t\t<\/div>\n\t\t\t\t<div class=\"elementor-element elementor-element-74b6489 elementor-widget__width-initial elementor-widget elementor-widget-text-editor\" data-id=\"74b6489\" data-element_type=\"widget\" data-e-type=\"widget\" data-widget_type=\"text-editor.default\">\n\t\t\t\t<div class=\"elementor-widget-container\">\n\t\t\t\t\t\t\t\t\t<h1>Rejsecitater om Piemonte<\/h1>\n<p><span style=\"font-weight: 400;\">I det nordvestlige hj\u00f8rne af Italien finder du Piemonte (eller Piemont). En region med fantastiske landskaber, en rig historie og kulinariske skatte. Fra de gr\u00f8nne vinmarker til de majest\u00e6tiske Alper er Piemonte et sted, der betager enhver rejsendes hjerte og sj\u00e6l. Her er nogle inspirerende rejsecitater om Piemontes sk\u00f8nhed og tiltr\u00e6kningskraft.   <\/span><\/p>\n<\/p>\n<h4><strong>Essensen af Piemonte<\/strong><\/h4>\n<ul>\n<li><span style=\"font-weight: 400;\">  &#8220;Piemonte er en skjult perle, et sted, hvor bjergene m\u00f8der vinmarkerne, og fortiden smelter sammen med nutiden.&#8221; &#8211; Anonym<\/span><\/li>\n<li><span style=\"font-weight: 400;\">  &#8220;I Piemonte fort\u00e6ller hvert hj\u00f8rne en historie, og hvert landskab tegner et billede af tidl\u00f8s sk\u00f8nhed.&#8221; &#8211; Anonym<\/span><\/li>\n<li><span style=\"font-weight: 400;\">  &#8220;At bes\u00f8ge Piemonte er at tr\u00e6de ind i en verden af elegance, tradition og naturlig pragt.&#8221; &#8211; Anonym<\/span><\/li>\n<li><span style=\"font-weight: 400;\">  &#8220;Piemonte er en symfoni af smag, farver og f\u00f8lelser, et sted, hvor hvert \u00f8jeblik er en fejring af livet.&#8221; &#8211; Anonym<\/span><\/li>\n<li><span style=\"font-weight: 400;\">  &#8220;I hjertet af Piemonte finder man ikke bare en region, men en livsstil, der er gennemsyret af historie og indhyllet i naturens favntag.&#8221; &#8211; Anonym<\/span><\/li>\n<li><span style=\"font-weight: 400;\">  &#8220;Piemontes landskaber er poesi i bev\u00e6gelse med b\u00f8lgende bakker, majest\u00e6tiske bjerge og vinmarker, der str\u00e6kker sig til horisonten.&#8221; &#8211; Anonym<\/span><\/li>\n<li><span style=\"font-weight: 400;\">  &#8220;Piemonte er et sted, hvor tiden g\u00e5r langsommere, og hvor hver dag f\u00f8les som en side fra en smuk historiebog.&#8221; &#8211; Anonym<\/span><\/li>\n<li><span style=\"font-weight: 400;\">  &#8220;Charmen ved Piemonte ligger i dets enkelhed, dets autentiske smage og dets varme, im\u00f8dekommende mennesker.&#8221; &#8211; Anonym<\/span><\/li>\n<li><span style=\"font-weight: 400;\">  &#8220;Piemonte er ikke bare en destination; det er en oplevelse, der r\u00f8rer ved sj\u00e6len og efterlader et varigt indtryk.&#8221; &#8211; Anonym<\/span><\/li>\n<li><span style=\"font-weight: 400;\">  &#8220;I Piemonte er luften fyldt med duften af vinmarker, smagen af tradition og l\u00f8ftet om uforglemmelige minder.&#8221; &#8211; Anonym  <\/span><\/li>\n<\/ul>\n<h4> <\/h4>\n<h4><strong>Kulinariske l\u00e6kkerier i Piemonte<\/strong><\/h4>\n<ul>\n<li><span style=\"font-weight: 400;\">  &#8220;I Piemonte er mad ikke bare n\u00e6ring; det er en kunstform, en lidenskab og en livsstil.&#8221; &#8211; Anonym<\/span><\/li>\n<li><span style=\"font-weight: 400;\">  &#8220;Piemonte er stedet, hvor verdens fineste vine og rigeste smagsoplevelser m\u00f8des i perfekt harmoni.&#8221; &#8211; Anonym<\/span><\/li>\n<li><span style=\"font-weight: 400;\">  &#8220;K\u00f8kkenet i Piemonte er en rejse gennem tiden, hvor hver ret fort\u00e6ller en historie om tradition og innovation.&#8221; &#8211; Anonym<\/span><\/li>\n<li><span style=\"font-weight: 400;\">  &#8220;At smage p\u00e5 maden i Piemonte er at smage p\u00e5 essensen af landet, \u00e5rstiderne og de mennesker, der dyrker det.&#8221; &#8211; Anonym<\/span><\/li>\n<li><span style=\"font-weight: 400;\">  &#8220;Piemontes kulinariske skatte er et vidnesbyrd om regionens k\u00e6rlighed til god mad og godt selskab.&#8221; &#8211; Anonym<\/span><\/li>\n<li><span style=\"font-weight: 400;\">  &#8220;Fra tr\u00f8fler til Barolo er Piemonte et paradis for b\u00e5de madelskere og vinentusiaster.&#8221; &#8211; Anonym<\/span><\/li>\n<li><span style=\"font-weight: 400;\">  &#8220;I Piemonte er hvert m\u00e5ltid en fejring af regionens rige landbrugsarv og kulinariske fortr\u00e6ffeligheder.&#8221; &#8211; Anonym<\/span><\/li>\n<li><span style=\"font-weight: 400;\">  &#8220;Piemontes vinmarker er ikke bare et syn for guderne, de er ogs\u00e5 f\u00f8destedet for nogle af verdens mest uds\u00f8gte vine.&#8221; &#8211; Anonym<\/span><\/li>\n<li><span style=\"font-weight: 400;\">  &#8220;At spise i Piemonte er at opleve en symfoni af smage, der danser p\u00e5 ganen og bliver h\u00e6ngende i hukommelsen.&#8221; &#8211; Anonym<\/span><\/li>\n<li><span style=\"font-weight: 400;\">  &#8220;Piemonte&#8217;s mad og vin er et vidnesbyrd om regionens dedikation til kvalitet, tradition og gl\u00e6den ved at dele gode stunder.&#8221; &#8211; Anonym<\/span><\/li>\n<\/ul>\n<h4> <\/h4>\n<h4><strong>Den naturlige sk\u00f8nhed i Piemonte<\/strong><\/h4>\n<ul>\n<li><span style=\"font-weight: 400;\">  &#8220;Piemontes landskaber er et mesterv\u00e6rk, malet med naturens farver og indrammet af Alpernes majest\u00e6t.&#8221; &#8211; Anonym<\/span><\/li>\n<li><span style=\"font-weight: 400;\">  &#8220;I Piemonte st\u00e5r bjergene som tavse vogtere og vogter over dalene og vinmarkerne nedenfor.&#8221; &#8211; Anonym<\/span><\/li>\n<li><span style=\"font-weight: 400;\">  &#8220;Sk\u00f8nheden i Piemonte findes i de b\u00f8lgende bakker, de rolige s\u00f8er og det evigt skiftende spil mellem lys og skygge.&#8221; &#8211; Anonym<\/span><\/li>\n<li><span style=\"font-weight: 400;\">  &#8220;Piemontes naturlige sk\u00f8nhed er en konstant p\u00e5mindelse om den harmoni, der findes mellem menneske og natur.&#8221; &#8211; Anonym<\/span><\/li>\n<li><span style=\"font-weight: 400;\">  &#8220;I Piemonte maler \u00e5rstiderne landskabet med deres egen unikke palet og skaber en scene af evig sk\u00f8nhed.&#8221; &#8211; Anonym<\/span><\/li>\n<li><span style=\"font-weight: 400;\">  &#8220;Charmen ved Piemonte ligger i de forskellige landskaber, fra Alpernes barske tinder til Langhes blide skr\u00e5ninger.&#8221; &#8211; Anonym<\/span><\/li>\n<li><span style=\"font-weight: 400;\">  &#8220;Piemonte er et sted, hvor natur og tradition m\u00f8des og skaber et landskab af uovertruffen sk\u00f8nhed.&#8221; &#8211; Anonym<\/span><\/li>\n<li><span style=\"font-weight: 400;\">  &#8220;I hjertet af Piemonte kan man finde fred, ro og en dyb forbindelse til den naturlige verden.&#8221; &#8211; Anonym<\/span><\/li>\n<li><span style=\"font-weight: 400;\">  &#8220;Piemontes sk\u00f8nhed ligger ikke kun i landskaberne, men i den m\u00e5de, landet og dets mennesker har formet hinanden p\u00e5 gennem tiden.&#8221; &#8211; Anonym<\/span><\/li>\n<li><span style=\"font-weight: 400;\">  &#8220;At g\u00e5 gennem bakkerne i Piemonte er at rejse gennem et levende l\u00e6rred af naturens fineste arbejde.&#8221; &#8211; Anonym<\/span><\/li>\n<\/ul>\n<h4> <\/h4>\n<h4><strong>Den rige historie i Piemonte<\/strong><\/h4>\n<ul>\n<li><span style=\"font-weight: 400;\">  &#8220;Piemontes historie er skrevet i dets slotte, dets gamle byer og de traditioner, der har overlevet tidens tand.&#8221; &#8211; Anonym<\/span><\/li>\n<li><span style=\"font-weight: 400;\">  &#8220;I Piemonte har hver sten en historie, og hver by er et kapitel i regionens rige historie.&#8221; &#8211; Anonym<\/span><\/li>\n<li><span style=\"font-weight: 400;\">  &#8220;Piemontes fortid er et t\u00e6ppe af kulturer, traditioner og begivenheder, der har formet dets unikke identitet.&#8221; &#8211; Anonym<\/span><\/li>\n<li><span style=\"font-weight: 400;\">  &#8220;Historien om Piemonte er en rejse gennem tiden, hvor fortid og nutid lever sammen i harmoni.&#8221; &#8211; Anonym<\/span><\/li>\n<li><span style=\"font-weight: 400;\">  &#8220;I Piemonte kan man h\u00f8re historiens ekko i de brostensbelagte gader og de gamle mure i byerne.&#8221; &#8211; Anonym<\/span><\/li>\n<li><span style=\"font-weight: 400;\">  &#8220;Piemontes historiske steder er ikke bare levn fra fortiden; de er levende minder, der bliver ved med at inspirere.&#8221; &#8211; Anonym<\/span><\/li>\n<li><span style=\"font-weight: 400;\">  &#8220;Charmen ved Piemontes historie ligger i dens evne til at blande det gamle med det nye og skabe et rigt og levende kulturelt t\u00e6ppe.&#8221; &#8211; Anonym<\/span><\/li>\n<li><span style=\"font-weight: 400;\">  &#8220;Piemontes slotte og paladser er mindelser om en svunden tid og st\u00e5r stolt som symboler p\u00e5 regionens arv.&#8221; &#8211; Anonym<\/span><\/li>\n<li><span style=\"font-weight: 400;\">  &#8220;At udforske Piemontes historie er at afd\u00e6kke de lag af tid, der har formet dets unikke karakter.&#8221; &#8211; Anonym<\/span><\/li>\n<li><span style=\"font-weight: 400;\">  &#8220;Piemontes historiske skatte er et vidnesbyrd om regionens vedvarende arv og tidl\u00f8se tiltr\u00e6kningskraft.&#8221; &#8211; Anonym<\/span><\/li>\n<\/ul>\n<h4> <\/h4>\n<h4><strong>Befolkningen i Piemonte<\/strong><\/h4>\n<ul>\n<li><span style=\"font-weight: 400;\">  &#8220;Den sande \u00e5nd i Piemonte findes i befolkningen, hvis varme og g\u00e6stfrihed er lige s\u00e5 indbydende som regionen selv.&#8221; &#8211; Anonym<\/span><\/li>\n<li><span style=\"font-weight: 400;\">  &#8220;I Piemonte er menneskene lige s\u00e5 rige p\u00e5 karakter, som landet er p\u00e5 sk\u00f8nhed.&#8221; &#8211; Anonym<\/span><\/li>\n<li><span style=\"font-weight: 400;\">  &#8220;Piemontes indbyggere er regionens hjerte og sj\u00e6l, som bringer dens traditioner og kultur til live.&#8221; &#8211; Anonym<\/span><\/li>\n<li><span style=\"font-weight: 400;\">  &#8220;Befolkningen i Piemonte er stolte forvaltere af deres arv og altid ivrige efter at dele deres historier og traditioner.&#8221; &#8211; Anonym<\/span><\/li>\n<li><span style=\"font-weight: 400;\">  &#8220;I Piemonte er f\u00e6llesskabsf\u00f8lelsen lige s\u00e5 st\u00e6rk som de b\u00e5nd, der knytter landet til dets folk.&#8221; &#8211; Anonym<\/span><\/li>\n<li><span style=\"font-weight: 400;\">  &#8220;Charmen ved Piemonte ligger ikke kun i landskaberne, men ogs\u00e5 i folks varme og gener\u00f8sitet.&#8221; &#8211; Anonym<\/span><\/li>\n<li><span style=\"font-weight: 400;\">  &#8220;Piemontes befolkning er en afspejling af selve regionen: modstandsdygtig, im\u00f8dekommende og dybt forankret i traditioner.&#8221; &#8211; Anonym<\/span><\/li>\n<li><span style=\"font-weight: 400;\">  &#8220;I Piemonte matches folks g\u00e6stfrihed kun af sk\u00f8nheden i det land, de kalder deres hjem.&#8221; &#8211; Anonym<\/span><\/li>\n<li><span style=\"font-weight: 400;\">  &#8220;Den sande essens af Piemonte findes i hverdagslivet hos de mennesker, der med stolthed f\u00f8rer regionens traditioner videre.&#8221; &#8211; Anonym<\/span><\/li>\n<li><span style=\"font-weight: 400;\">  &#8220;Piemontes indbyggere er sj\u00e6lens vogtere, og deres historier og smil v\u00e6ver stoffet i denne fortryllende region.&#8221; &#8211; Anonym<\/span><\/li>\n<\/ul>\n<div> <\/div>\n<p><span style=\"font-weight: 400;\">Piemonte er en region, der rummer det bedste af Italien: betagende landskaber og rig historie til det verdenskendte k\u00f8kken og varmhjertede mennesker. Disse citater er gode til at indfange, hvad der g\u00f8r Piemonte til s\u00e5dan et s\u00e6rligt sted for mange mennesker over hele verden.   <\/span><\/p>\n<p><span style=\"font-weight: 400;\">Uanset om du planl\u00e6gger dit n\u00e6ste eventyr eller bare dagdr\u00f8mmer, s\u00e5 lad disse ord inspirere dig til din egen rejse til denne del af verden.  <\/span><\/p>\n<p><span style=\"font-weight: 400;\">Vil du gerne bes\u00f8ge denne s\u00e6rlige region i Norditalien med din familie eller dine venner?<\/span><\/p>\n\t\t\t\t\t\t\t\t<\/div>\n\t\t\t\t<\/div>\n\t\t\t\t<div class=\"elementor-element elementor-element-026c802 elementor-widget elementor-widget-text-editor\" data-id=\"026c802\" data-element_type=\"widget\" data-e-type=\"widget\" data-widget_type=\"text-editor.default\">\n\t\t\t\t<div class=\"elementor-widget-container\">\n\t\t\t\t\t\t\t\t\t<p>Tag et kig p\u00e5 vores hjemmeside!<\/p><p>Vores private feriehus <b>Villa Perla Piemonte<\/b> i n\u00e6rheden af Asti er tilg\u00e6ngeligt hele \u00e5ret rundt og har plads til 12 personer.<\/p>\n<p>Med sin private have med swimmingpool og panoramaudsigt over vinmarkerne er det ideelt til 8 voksne og 4 b\u00f8rn.<\/p>\n<p>Vi tilbyder boxspring-senge af h\u00f8j kvalitet i 4 rummelige sovev\u00e6relser, heraf 2 store familiev\u00e6relser, og 3 komfortable badev\u00e6relser.&nbsp;<\/p>\n<p>Tjek vores tilg\u00e6ngelighed lige her i vores <a href=\"https:\/\/villa-perla.it\/da\/tilgaengelighed-og-bookinger\/\"><strong>bookingv\u00e6rkt\u00f8j.<\/strong><\/a><\/p>\t\t\t\t\t\t\t\t<\/div>\n\t\t\t\t<\/div>\n\t\t\t\t<div class=\"elementor-element elementor-element-181008f elementor-widget elementor-widget-text-editor\" data-id=\"181008f\" data-element_type=\"widget\" data-e-type=\"widget\" data-widget_type=\"text-editor.default\">\n\t\t\t\t<div class=\"elementor-widget-container\">\n\t\t\t\t\t\t\t\t\t<h3 style=\"text-align: center;\">Har du forslag, feedback eller sp\u00f8rgsm\u00e5l?<\/h3>\n<p style=\"text-align: center;\">Send os en whatsapp via hjemmesiden, eller send os en e-mail direkte via <strong><a href=\"mailto:info@villa-perla.it\" rel=\"noopener\">info@villa-perla.it!<\/a><\/strong><\/p>\n\t\t\t\t\t\t\t\t<\/div>\n\t\t\t\t<\/div>\n\t\t\t\t<div class=\"elementor-element elementor-element-e3fa494 elementor-shape-circle e-grid-align-mobile-left elementor-grid-0 e-grid-align-center elementor-widget elementor-widget-social-icons\" data-id=\"e3fa494\" data-element_type=\"widget\" data-e-type=\"widget\" data-widget_type=\"social-icons.default\">\n\t\t\t\t<div class=\"elementor-widget-container\">\n\t\t\t\t\t\t\t<div class=\"elementor-social-icons-wrapper elementor-grid\" role=\"list\">\n\t\t\t\t\t\t\t<span class=\"elementor-grid-item\" role=\"listitem\">\n\t\t\t\t\t<a class=\"elementor-icon elementor-social-icon elementor-social-icon-facebook elementor-repeater-item-f6b06db\" href=\"https:\/\/www.facebook.com\/villaperla.piemonte\" target=\"_blank\">\n\t\t\t\t\t\t<span class=\"elementor-screen-only\">Facebook<\/span>\n\t\t\t\t\t\t<svg aria-hidden=\"true\" class=\"e-font-icon-svg e-fab-facebook\" viewBox=\"0 0 512 512\" xmlns=\"http:\/\/www.w3.org\/2000\/svg\"><path d=\"M504 256C504 119 393 8 256 8S8 119 8 256c0 123.78 90.69 226.38 209.25 245V327.69h-63V256h63v-54.64c0-62.15 37-96.48 93.67-96.48 27.14 0 55.52 4.84 55.52 4.84v61h-31.28c-30.8 0-40.41 19.12-40.41 38.73V256h68.78l-11 71.69h-57.78V501C413.31 482.38 504 379.78 504 256z\"><\/path><\/svg>\t\t\t\t\t<\/a>\n\t\t\t\t<\/span>\n\t\t\t\t\t\t\t<span class=\"elementor-grid-item\" role=\"listitem\">\n\t\t\t\t\t<a class=\"elementor-icon elementor-social-icon elementor-social-icon-instagram elementor-repeater-item-a2ff72c\" href=\"https:\/\/www.instagram.com\/villaperla_piemonte\/\" target=\"_blank\">\n\t\t\t\t\t\t<span class=\"elementor-screen-only\">Instagram<\/span>\n\t\t\t\t\t\t<svg aria-hidden=\"true\" class=\"e-font-icon-svg e-fab-instagram\" viewBox=\"0 0 448 512\" xmlns=\"http:\/\/www.w3.org\/2000\/svg\"><path d=\"M224.1 141c-63.6 0-114.9 51.3-114.9 114.9s51.3 114.9 114.9 114.9S339 319.5 339 255.9 287.7 141 224.1 141zm0 189.6c-41.1 0-74.7-33.5-74.7-74.7s33.5-74.7 74.7-74.7 74.7 33.5 74.7 74.7-33.6 74.7-74.7 74.7zm146.4-194.3c0 14.9-12 26.8-26.8 26.8-14.9 0-26.8-12-26.8-26.8s12-26.8 26.8-26.8 26.8 12 26.8 26.8zm76.1 27.2c-1.7-35.9-9.9-67.7-36.2-93.9-26.2-26.2-58-34.4-93.9-36.2-37-2.1-147.9-2.1-184.9 0-35.8 1.7-67.6 9.9-93.9 36.1s-34.4 58-36.2 93.9c-2.1 37-2.1 147.9 0 184.9 1.7 35.9 9.9 67.7 36.2 93.9s58 34.4 93.9 36.2c37 2.1 147.9 2.1 184.9 0 35.9-1.7 67.7-9.9 93.9-36.2 26.2-26.2 34.4-58 36.2-93.9 2.1-37 2.1-147.8 0-184.8zM398.8 388c-7.8 19.6-22.9 34.7-42.6 42.6-29.5 11.7-99.5 9-132.1 9s-102.7 2.6-132.1-9c-19.6-7.8-34.7-22.9-42.6-42.6-11.7-29.5-9-99.5-9-132.1s-2.6-102.7 9-132.1c7.8-19.6 22.9-34.7 42.6-42.6 29.5-11.7 99.5-9 132.1-9s102.7-2.6 132.1 9c19.6 7.8 34.7 22.9 42.6 42.6 11.7 29.5 9 99.5 9 132.1s2.7 102.7-9 132.1z\"><\/path><\/svg>\t\t\t\t\t<\/a>\n\t\t\t\t<\/span>\n\t\t\t\t\t\t\t<span class=\"elementor-grid-item\" role=\"listitem\">\n\t\t\t\t\t<a class=\"elementor-icon elementor-social-icon elementor-social-icon-map-marker elementor-repeater-item-7277edf\" href=\"https:\/\/www.google.com\/maps\/place\/Villa+Perla\/@44.7595632,8.2185547,17z\/data=!3m1!4b1!4m5!3m4!1s0x0:0xf09321bd6bf80e73!8m2!3d44.75771!4d8.21878?cid=17335236488123125363&#038;_ga=2.265434311.939802128.1637484377-58352316.1629196357&#038;shorturl=1\" target=\"_blank\">\n\t\t\t\t\t\t<span class=\"elementor-screen-only\">Map-marker<\/span>\n\t\t\t\t\t\t<svg aria-hidden=\"true\" class=\"e-font-icon-svg e-fas-map-marker\" viewBox=\"0 0 384 512\" xmlns=\"http:\/\/www.w3.org\/2000\/svg\"><path d=\"M172.268 501.67C26.97 291.031 0 269.413 0 192 0 85.961 85.961 0 192 0s192 85.961 192 192c0 77.413-26.97 99.031-172.268 309.67-9.535 13.774-29.93 13.773-39.464 0z\"><\/path><\/svg>\t\t\t\t\t<\/a>\n\t\t\t\t<\/span>\n\t\t\t\t\t<\/div>\n\t\t\t\t\t\t<\/div>\n\t\t\t\t<\/div>\n\t\t\t\t\t<\/div>\n\t\t<\/div>\n\t\t\t\t<div class=\"elementor-column elementor-col-50 elementor-top-column elementor-element elementor-element-9be66b3\" data-id=\"9be66b3\" data-element_type=\"column\" data-e-type=\"column\" data-settings=\"{&quot;background_background&quot;:&quot;classic&quot;}\">\n\t\t\t<div class=\"elementor-widget-wrap elementor-element-populated\">\n\t\t\t\t\t\t<div class=\"elementor-element elementor-element-bd3baa7 elementor-widget elementor-widget-heading\" data-id=\"bd3baa7\" data-element_type=\"widget\" data-e-type=\"widget\" data-widget_type=\"heading.default\">\n\t\t\t\t<div class=\"elementor-widget-container\">\n\t\t\t\t\t<h2 class=\"elementor-heading-title elementor-size-default\">L\u00e6s ogs\u00e5:<\/h2>\t\t\t\t<\/div>\n\t\t\t\t<\/div>\n\t\t\t\t<div class=\"elementor-element elementor-element-52c546e elementor-grid-1 elementor-posts--align-center elementor-grid-tablet-2 elementor-grid-mobile-1 elementor-posts--thumbnail-top elementor-widget elementor-widget-posts\" data-id=\"52c546e\" data-element_type=\"widget\" data-e-type=\"widget\" data-settings=\"{&quot;classic_columns&quot;:&quot;1&quot;,&quot;classic_columns_tablet&quot;:&quot;2&quot;,&quot;classic_columns_mobile&quot;:&quot;1&quot;,&quot;classic_row_gap&quot;:{&quot;unit&quot;:&quot;px&quot;,&quot;size&quot;:35,&quot;sizes&quot;:[]},&quot;classic_row_gap_tablet&quot;:{&quot;unit&quot;:&quot;px&quot;,&quot;size&quot;:&quot;&quot;,&quot;sizes&quot;:[]},&quot;classic_row_gap_mobile&quot;:{&quot;unit&quot;:&quot;px&quot;,&quot;size&quot;:&quot;&quot;,&quot;sizes&quot;:[]}}\" data-widget_type=\"posts.classic\">\n\t\t\t\t<div class=\"elementor-widget-container\">\n\t\t\t\t\t\t\t<div class=\"elementor-posts-container elementor-posts elementor-posts--skin-classic elementor-grid\" role=\"list\">\n\t\t\t\t<article class=\"elementor-post elementor-grid-item post-19910 post type-post status-publish format-standard has-post-thumbnail hentry category-villa-perla tag-at-gore\" role=\"listitem\">\n\t\t\t\t<a class=\"elementor-post__thumbnail__link\" href=\"https:\/\/villa-perla.it\/da\/ev-charging-stations-close-by-villa-perla-in-piemonte-asti-area\/\" tabindex=\"-1\" >\n\t\t\t<div class=\"elementor-post__thumbnail\"><img fetchpriority=\"high\" decoding=\"async\" width=\"1920\" height=\"1080\" src=\"https:\/\/villa-perla.it\/wp-content\/uploads\/2023\/08\/villa-perla-piemonte-holiday-house-with-pool-sunrise-garden-007-2023.webp\" class=\"attachment-full size-full wp-image-19911\" alt=\"\" srcset=\"https:\/\/villa-perla.it\/wp-content\/uploads\/2023\/08\/villa-perla-piemonte-holiday-house-with-pool-sunrise-garden-007-2023.webp 1920w, https:\/\/villa-perla.it\/wp-content\/uploads\/2023\/08\/villa-perla-piemonte-holiday-house-with-pool-sunrise-garden-007-2023-300x169.webp 300w, https:\/\/villa-perla.it\/wp-content\/uploads\/2023\/08\/villa-perla-piemonte-holiday-house-with-pool-sunrise-garden-007-2023-1024x576.webp 1024w, https:\/\/villa-perla.it\/wp-content\/uploads\/2023\/08\/villa-perla-piemonte-holiday-house-with-pool-sunrise-garden-007-2023-768x432.webp 768w, https:\/\/villa-perla.it\/wp-content\/uploads\/2023\/08\/villa-perla-piemonte-holiday-house-with-pool-sunrise-garden-007-2023-1536x864.webp 1536w\" sizes=\"(max-width: 1920px) 100vw, 1920px\" \/><\/div>\n\t\t<\/a>\n\t\t\t\t<div class=\"elementor-post__text\">\n\t\t\t\t<h3 class=\"elementor-post__title\">\n\t\t\t<a href=\"https:\/\/villa-perla.it\/da\/ev-charging-stations-close-by-villa-perla-in-piemonte-asti-area\/\" >\n\t\t\t\tAlt hvad du beh\u00f8ver at vide om opladning af din elbil i n\u00e6rheden af Villa Perla i Piemonte &#8211; Asti Area\t\t\t<\/a>\n\t\t<\/h3>\n\t\t\t\t<div class=\"elementor-post__meta-data\">\n\t\t\t\t\t<span class=\"elementor-post-date\">\n\t\t\t29. april 2026\t\t<\/span>\n\t\t\t\t<\/div>\n\t\t\n\t\t<a class=\"elementor-post__read-more\" href=\"https:\/\/villa-perla.it\/da\/ev-charging-stations-close-by-villa-perla-in-piemonte-asti-area\/\" aria-label=\"Read more about Alt hvad du beh\u00f8ver at vide om opladning af din elbil i n\u00e6rheden af Villa Perla i Piemonte &#8211; Asti Area\" tabindex=\"-1\" >\n\t\t\tL\u00e6s mere \"\t\t<\/a>\n\n\t\t\t\t<\/div>\n\t\t\t\t<\/article>\n\t\t\t\t<article class=\"elementor-post elementor-grid-item post-19751 post type-post status-publish format-standard has-post-thumbnail hentry category-villa-perla tag-at-gore\" role=\"listitem\">\n\t\t\t\t<a class=\"elementor-post__thumbnail__link\" href=\"https:\/\/villa-perla.it\/da\/ophold-med-hund-paa-villa-perla-i-piemonte\/\" tabindex=\"-1\" >\n\t\t\t<div class=\"elementor-post__thumbnail\"><img decoding=\"async\" width=\"1920\" height=\"1080\" src=\"https:\/\/villa-perla.it\/wp-content\/uploads\/2024\/05\/villa-perla-piemonte-holiday-house-poolside-scaled.webp\" class=\"attachment-full size-full wp-image-19752\" alt=\"\" srcset=\"https:\/\/villa-perla.it\/wp-content\/uploads\/2024\/05\/villa-perla-piemonte-holiday-house-poolside-scaled.webp 1920w, https:\/\/villa-perla.it\/wp-content\/uploads\/2024\/05\/villa-perla-piemonte-holiday-house-poolside-300x169.webp 300w, https:\/\/villa-perla.it\/wp-content\/uploads\/2024\/05\/villa-perla-piemonte-holiday-house-poolside-1024x576.webp 1024w, https:\/\/villa-perla.it\/wp-content\/uploads\/2024\/05\/villa-perla-piemonte-holiday-house-poolside-768x432.webp 768w, https:\/\/villa-perla.it\/wp-content\/uploads\/2024\/05\/villa-perla-piemonte-holiday-house-poolside-1536x864.webp 1536w\" sizes=\"(max-width: 1920px) 100vw, 1920px\" \/><\/div>\n\t\t<\/a>\n\t\t\t\t<div class=\"elementor-post__text\">\n\t\t\t\t<h3 class=\"elementor-post__title\">\n\t\t\t<a href=\"https:\/\/villa-perla.it\/da\/ophold-med-hund-paa-villa-perla-i-piemonte\/\" >\n\t\t\t\tOphold med hund p\u00e5 Villa Perla i Piemonte\t\t\t<\/a>\n\t\t<\/h3>\n\t\t\t\t<div class=\"elementor-post__meta-data\">\n\t\t\t\t\t<span class=\"elementor-post-date\">\n\t\t\t13. april 2026\t\t<\/span>\n\t\t\t\t<\/div>\n\t\t\n\t\t<a class=\"elementor-post__read-more\" href=\"https:\/\/villa-perla.it\/da\/ophold-med-hund-paa-villa-perla-i-piemonte\/\" aria-label=\"Read more about Ophold med hund p\u00e5 Villa Perla i Piemonte\" tabindex=\"-1\" >\n\t\t\tL\u00e6s mere \"\t\t<\/a>\n\n\t\t\t\t<\/div>\n\t\t\t\t<\/article>\n\t\t\t\t<article class=\"elementor-post elementor-grid-item post-19684 post type-post status-publish format-standard has-post-thumbnail hentry category-at-gore tag-at-gore\" role=\"listitem\">\n\t\t\t\t<a class=\"elementor-post__thumbnail__link\" href=\"https:\/\/villa-perla.it\/da\/koereafstande-mellem-villa-perla-og-de-smukkeste-middelalderlandsbyer-eller-borgoer-i-piemonte\/\" tabindex=\"-1\" >\n\t\t\t<div class=\"elementor-post__thumbnail\"><img decoding=\"async\" width=\"2298\" height=\"1968\" src=\"https:\/\/villa-perla.it\/wp-content\/uploads\/2024\/08\/villa-perla-piemonte-daytrip-neive-art-featured.webp\" class=\"attachment-full size-full wp-image-16395\" alt=\"\" \/><\/div>\n\t\t<\/a>\n\t\t\t\t<div class=\"elementor-post__text\">\n\t\t\t\t<h3 class=\"elementor-post__title\">\n\t\t\t<a href=\"https:\/\/villa-perla.it\/da\/koereafstande-mellem-villa-perla-og-de-smukkeste-middelalderlandsbyer-eller-borgoer-i-piemonte\/\" >\n\t\t\t\tK\u00f8reafstande mellem Villa perla og de smukkeste middelalderlandsbyer eller borgo&#8217;er i Piemonte\t\t\t<\/a>\n\t\t<\/h3>\n\t\t\t\t<div class=\"elementor-post__meta-data\">\n\t\t\t\t\t<span class=\"elementor-post-date\">\n\t\t\t25. februar 2026\t\t<\/span>\n\t\t\t\t<\/div>\n\t\t\n\t\t<a class=\"elementor-post__read-more\" href=\"https:\/\/villa-perla.it\/da\/koereafstande-mellem-villa-perla-og-de-smukkeste-middelalderlandsbyer-eller-borgoer-i-piemonte\/\" aria-label=\"Read more about K\u00f8reafstande mellem Villa perla og de smukkeste middelalderlandsbyer eller borgo&#8217;er i Piemonte\" tabindex=\"-1\" >\n\t\t\tL\u00e6s mere \"\t\t<\/a>\n\n\t\t\t\t<\/div>\n\t\t\t\t<\/article>\n\t\t\t\t<article class=\"elementor-post elementor-grid-item post-19315 post type-post status-publish format-standard has-post-thumbnail hentry category-at-gore\" role=\"listitem\">\n\t\t\t\t<a class=\"elementor-post__thumbnail__link\" href=\"https:\/\/villa-perla.it\/da\/hjemmesider-for-sommerhuse\/\" tabindex=\"-1\" >\n\t\t\t<div class=\"elementor-post__thumbnail\"><img loading=\"lazy\" decoding=\"async\" width=\"2048\" height=\"1843\" src=\"https:\/\/villa-perla.it\/wp-content\/uploads\/2023\/08\/villa-perla-piemonte-holiday-house-with-pool-002-2023.webp\" class=\"attachment-full size-full wp-image-19362\" alt=\"Villa Perla Piemonte - dining room view\" \/><\/div>\n\t\t<\/a>\n\t\t\t\t<div class=\"elementor-post__text\">\n\t\t\t\t<h3 class=\"elementor-post__title\">\n\t\t\t<a href=\"https:\/\/villa-perla.it\/da\/hjemmesider-for-sommerhuse\/\" >\n\t\t\t\tHjemmesider for sommerhuse\t\t\t<\/a>\n\t\t<\/h3>\n\t\t\t\t<div class=\"elementor-post__meta-data\">\n\t\t\t\t\t<span class=\"elementor-post-date\">\n\t\t\t23. februar 2026\t\t<\/span>\n\t\t\t\t<\/div>\n\t\t\n\t\t<a class=\"elementor-post__read-more\" href=\"https:\/\/villa-perla.it\/da\/hjemmesider-for-sommerhuse\/\" aria-label=\"Read more about Hjemmesider for sommerhuse\" tabindex=\"-1\" >\n\t\t\tL\u00e6s mere \"\t\t<\/a>\n\n\t\t\t\t<\/div>\n\t\t\t\t<\/article>\n\t\t\t\t<article class=\"elementor-post elementor-grid-item post-19245 post type-post status-publish format-standard has-post-thumbnail hentry category-at-gore\" role=\"listitem\">\n\t\t\t\t<a class=\"elementor-post__thumbnail__link\" href=\"https:\/\/villa-perla.it\/da\/oplev-eleven30-morgenmad-og-frokost\/\" tabindex=\"-1\" >\n\t\t\t<div class=\"elementor-post__thumbnail\"><img loading=\"lazy\" decoding=\"async\" width=\"500\" height=\"500\" src=\"https:\/\/villa-perla.it\/wp-content\/uploads\/2026\/01\/eleven30-logo.webp\" class=\"attachment-full size-full wp-image-19145\" alt=\"\" \/><\/div>\n\t\t<\/a>\n\t\t\t\t<div class=\"elementor-post__text\">\n\t\t\t\t<h3 class=\"elementor-post__title\">\n\t\t\t<a href=\"https:\/\/villa-perla.it\/da\/oplev-eleven30-morgenmad-og-frokost\/\" >\n\t\t\t\tOplev Eleven30 &#8211; Morgenmad og frokost\t\t\t<\/a>\n\t\t<\/h3>\n\t\t\t\t<div class=\"elementor-post__meta-data\">\n\t\t\t\t\t<span class=\"elementor-post-date\">\n\t\t\t16. januar 2026\t\t<\/span>\n\t\t\t\t<\/div>\n\t\t\n\t\t<a class=\"elementor-post__read-more\" href=\"https:\/\/villa-perla.it\/da\/oplev-eleven30-morgenmad-og-frokost\/\" aria-label=\"Read more about Oplev Eleven30 &#8211; Morgenmad og frokost\" tabindex=\"-1\" >\n\t\t\tL\u00e6s mere \"\t\t<\/a>\n\n\t\t\t\t<\/div>\n\t\t\t\t<\/article>\n\t\t\t\t<article class=\"elementor-post elementor-grid-item post-16384 post type-post status-publish format-standard has-post-thumbnail hentry category-villa-perla tag-at-gore\" role=\"listitem\">\n\t\t\t\t<a class=\"elementor-post__thumbnail__link\" href=\"https:\/\/villa-perla.it\/da\/hvad-skal-man-lave-omkring-villa-perla-piemonte-om-efteraaret\/\" tabindex=\"-1\" >\n\t\t\t<div class=\"elementor-post__thumbnail\"><img loading=\"lazy\" decoding=\"async\" width=\"2560\" height=\"1920\" src=\"https:\/\/villa-perla.it\/wp-content\/uploads\/2023\/03\/villa-perla-piemonte-what-to-do-in-autumn-scaled.webp\" class=\"attachment-full size-full wp-image-16027\" alt=\"\" \/><\/div>\n\t\t<\/a>\n\t\t\t\t<div class=\"elementor-post__text\">\n\t\t\t\t<h3 class=\"elementor-post__title\">\n\t\t\t<a href=\"https:\/\/villa-perla.it\/da\/hvad-skal-man-lave-omkring-villa-perla-piemonte-om-efteraaret\/\" >\n\t\t\t\tHvad skal man lave omkring Villa Perla Piemonte om efter\u00e5ret?\t\t\t<\/a>\n\t\t<\/h3>\n\t\t\t\t<div class=\"elementor-post__meta-data\">\n\t\t\t\t\t<span class=\"elementor-post-date\">\n\t\t\t1. september 2024\t\t<\/span>\n\t\t\t\t<\/div>\n\t\t\n\t\t<a class=\"elementor-post__read-more\" href=\"https:\/\/villa-perla.it\/da\/hvad-skal-man-lave-omkring-villa-perla-piemonte-om-efteraaret\/\" aria-label=\"Read more about Hvad skal man lave omkring Villa Perla Piemonte om efter\u00e5ret?\" tabindex=\"-1\" >\n\t\t\tL\u00e6s mere \"\t\t<\/a>\n\n\t\t\t\t<\/div>\n\t\t\t\t<\/article>\n\t\t\t\t<article class=\"elementor-post elementor-grid-item post-16388 post type-post status-publish format-standard has-post-thumbnail hentry category-at-gore tag-at-gore\" role=\"listitem\">\n\t\t\t\t<a class=\"elementor-post__thumbnail__link\" href=\"https:\/\/villa-perla.it\/da\/villa-perla-dagstur-1-neive-alba-barolo-canelli\/\" tabindex=\"-1\" >\n\t\t\t<div class=\"elementor-post__thumbnail\"><img decoding=\"async\" width=\"2298\" height=\"1968\" src=\"https:\/\/villa-perla.it\/wp-content\/uploads\/2024\/08\/villa-perla-piemonte-daytrip-neive-art-featured.webp\" class=\"attachment-full size-full wp-image-16395\" alt=\"\" \/><\/div>\n\t\t<\/a>\n\t\t\t\t<div class=\"elementor-post__text\">\n\t\t\t\t<h3 class=\"elementor-post__title\">\n\t\t\t<a href=\"https:\/\/villa-perla.it\/da\/villa-perla-dagstur-1-neive-alba-barolo-canelli\/\" >\n\t\t\t\tVilla Perla dagstur 1: Neive, Alba, Barolo &amp; Canelli\t\t\t<\/a>\n\t\t<\/h3>\n\t\t\t\t<div class=\"elementor-post__meta-data\">\n\t\t\t\t\t<span class=\"elementor-post-date\">\n\t\t\t13. august 2024\t\t<\/span>\n\t\t\t\t<\/div>\n\t\t\n\t\t<a class=\"elementor-post__read-more\" href=\"https:\/\/villa-perla.it\/da\/villa-perla-dagstur-1-neive-alba-barolo-canelli\/\" aria-label=\"Read more about Villa Perla dagstur 1: Neive, Alba, Barolo &amp; Canelli\" tabindex=\"-1\" >\n\t\t\tL\u00e6s mere \"\t\t<\/a>\n\n\t\t\t\t<\/div>\n\t\t\t\t<\/article>\n\t\t\t\t<article class=\"elementor-post elementor-grid-item post-16397 post type-post status-publish format-standard has-post-thumbnail hentry category-villa-perla\" role=\"listitem\">\n\t\t\t\t<a class=\"elementor-post__thumbnail__link\" href=\"https:\/\/villa-perla.it\/da\/inspirerende-rejsecitater-om-at-rejse-generelt-italien-og-piemonte\/\" tabindex=\"-1\" >\n\t\t\t<div class=\"elementor-post__thumbnail\"><img loading=\"lazy\" decoding=\"async\" width=\"2560\" height=\"1440\" src=\"https:\/\/villa-perla.it\/wp-content\/uploads\/2024\/05\/villa-perla-piemonte-holiday-house-garden-pool-terrace-bbq-area-001-scaled.webp\" class=\"attachment-full size-full wp-image-16398\" alt=\"\" \/><\/div>\n\t\t<\/a>\n\t\t\t\t<div class=\"elementor-post__text\">\n\t\t\t\t<h3 class=\"elementor-post__title\">\n\t\t\t<a href=\"https:\/\/villa-perla.it\/da\/inspirerende-rejsecitater-om-at-rejse-generelt-italien-og-piemonte\/\" >\n\t\t\t\tInspirerende rejsecitater om at rejse generelt, Italien og Piemonte\t\t\t<\/a>\n\t\t<\/h3>\n\t\t\t\t<div class=\"elementor-post__meta-data\">\n\t\t\t\t\t<span class=\"elementor-post-date\">\n\t\t\t10. juli 2024\t\t<\/span>\n\t\t\t\t<\/div>\n\t\t\n\t\t<a class=\"elementor-post__read-more\" href=\"https:\/\/villa-perla.it\/da\/inspirerende-rejsecitater-om-at-rejse-generelt-italien-og-piemonte\/\" aria-label=\"Read more about Inspirerende rejsecitater om at rejse generelt, Italien og Piemonte\" tabindex=\"-1\" >\n\t\t\tL\u00e6s mere \"\t\t<\/a>\n\n\t\t\t\t<\/div>\n\t\t\t\t<\/article>\n\t\t\t\t<article class=\"elementor-post elementor-grid-item post-16400 post type-post status-publish format-standard has-post-thumbnail hentry category-villa-perla tag-at-gore\" role=\"listitem\">\n\t\t\t\t<a class=\"elementor-post__thumbnail__link\" href=\"https:\/\/villa-perla.it\/da\/hvad-man-kan-lave-omkring-villa-perla-piemonte-i-juli-august\/\" tabindex=\"-1\" >\n\t\t\t<div class=\"elementor-post__thumbnail\"><img loading=\"lazy\" decoding=\"async\" width=\"1600\" height=\"1200\" src=\"https:\/\/villa-perla.it\/wp-content\/uploads\/2024\/07\/villa-perla-piemonte-covered-terrace-bbq-area-004.webp\" class=\"attachment-full size-full wp-image-16401\" alt=\"\" \/><\/div>\n\t\t<\/a>\n\t\t\t\t<div class=\"elementor-post__text\">\n\t\t\t\t<h3 class=\"elementor-post__title\">\n\t\t\t<a href=\"https:\/\/villa-perla.it\/da\/hvad-man-kan-lave-omkring-villa-perla-piemonte-i-juli-august\/\" >\n\t\t\t\tHvad man kan lave omkring Villa Perla Piemonte i juli &amp; august\t\t\t<\/a>\n\t\t<\/h3>\n\t\t\t\t<div class=\"elementor-post__meta-data\">\n\t\t\t\t\t<span class=\"elementor-post-date\">\n\t\t\t10. juli 2024\t\t<\/span>\n\t\t\t\t<\/div>\n\t\t\n\t\t<a class=\"elementor-post__read-more\" href=\"https:\/\/villa-perla.it\/da\/hvad-man-kan-lave-omkring-villa-perla-piemonte-i-juli-august\/\" aria-label=\"Read more about Hvad man kan lave omkring Villa Perla Piemonte i juli &amp; august\" tabindex=\"-1\" >\n\t\t\tL\u00e6s mere \"\t\t<\/a>\n\n\t\t\t\t<\/div>\n\t\t\t\t<\/article>\n\t\t\t\t<article class=\"elementor-post elementor-grid-item post-16403 post type-post status-publish format-standard has-post-thumbnail hentry category-villa-perla\" role=\"listitem\">\n\t\t\t\t<a class=\"elementor-post__thumbnail__link\" href=\"https:\/\/villa-perla.it\/da\/perfekt-til-alle-aarstider-hvorfor-villa-perla-i-piemonte-er-ideel-til-arbejdsferier\/\" tabindex=\"-1\" >\n\t\t\t<div class=\"elementor-post__thumbnail\"><img loading=\"lazy\" decoding=\"async\" width=\"512\" height=\"512\" src=\"https:\/\/villa-perla.it\/wp-content\/uploads\/2023\/03\/cropped-Villa-perla-piemonte-favicon-1.webp\" class=\"attachment-full size-full wp-image-16405\" alt=\"\" \/><\/div>\n\t\t<\/a>\n\t\t\t\t<div class=\"elementor-post__text\">\n\t\t\t\t<h3 class=\"elementor-post__title\">\n\t\t\t<a href=\"https:\/\/villa-perla.it\/da\/perfekt-til-alle-aarstider-hvorfor-villa-perla-i-piemonte-er-ideel-til-arbejdsferier\/\" >\n\t\t\t\tPerfekt til alle \u00e5rstider: Hvorfor Villa Perla i Piemonte er ideel til arbejdsferier\t\t\t<\/a>\n\t\t<\/h3>\n\t\t\t\t<div class=\"elementor-post__meta-data\">\n\t\t\t\t\t<span class=\"elementor-post-date\">\n\t\t\t10. maj 2024\t\t<\/span>\n\t\t\t\t<\/div>\n\t\t\n\t\t<a class=\"elementor-post__read-more\" href=\"https:\/\/villa-perla.it\/da\/perfekt-til-alle-aarstider-hvorfor-villa-perla-i-piemonte-er-ideel-til-arbejdsferier\/\" aria-label=\"Read more about Perfekt til alle \u00e5rstider: Hvorfor Villa Perla i Piemonte er ideel til arbejdsferier\" tabindex=\"-1\" >\n\t\t\tL\u00e6s mere \"\t\t<\/a>\n\n\t\t\t\t<\/div>\n\t\t\t\t<\/article>\n\t\t\t\t<article class=\"elementor-post elementor-grid-item post-16407 post type-post status-publish format-standard has-post-thumbnail hentry category-at-gore\" role=\"listitem\">\n\t\t\t\t<a class=\"elementor-post__thumbnail__link\" href=\"https:\/\/villa-perla.it\/da\/oplev-italienske-vine-lavet-af-belgiske-landsmaend-idivini-winery\/\" tabindex=\"-1\" >\n\t\t\t<div class=\"elementor-post__thumbnail\"><img loading=\"lazy\" decoding=\"async\" width=\"1280\" height=\"835\" src=\"https:\/\/villa-perla.it\/wp-content\/uploads\/2024\/05\/IDivini-winery-Isola-dAsti-piemonte-Azienda.webp\" class=\"attachment-full size-full wp-image-16409\" alt=\"\" \/><\/div>\n\t\t<\/a>\n\t\t\t\t<div class=\"elementor-post__text\">\n\t\t\t\t<h3 class=\"elementor-post__title\">\n\t\t\t<a href=\"https:\/\/villa-perla.it\/da\/oplev-italienske-vine-lavet-af-belgiske-landsmaend-idivini-winery\/\" >\n\t\t\t\tOplev italienske vine lavet af belgiske landsm\u00e6nd &#8211; iDivini Winery\t\t\t<\/a>\n\t\t<\/h3>\n\t\t\t\t<div class=\"elementor-post__meta-data\">\n\t\t\t\t\t<span class=\"elementor-post-date\">\n\t\t\t6. maj 2024\t\t<\/span>\n\t\t\t\t<\/div>\n\t\t\n\t\t<a class=\"elementor-post__read-more\" href=\"https:\/\/villa-perla.it\/da\/oplev-italienske-vine-lavet-af-belgiske-landsmaend-idivini-winery\/\" aria-label=\"Read more about Oplev italienske vine lavet af belgiske landsm\u00e6nd &#8211; iDivini Winery\" tabindex=\"-1\" >\n\t\t\tL\u00e6s mere \"\t\t<\/a>\n\n\t\t\t\t<\/div>\n\t\t\t\t<\/article>\n\t\t\t\t<article class=\"elementor-post elementor-grid-item post-16417 post type-post status-publish format-standard has-post-thumbnail hentry category-at-gore\" role=\"listitem\">\n\t\t\t\t<a class=\"elementor-post__thumbnail__link\" href=\"https:\/\/villa-perla.it\/da\/yoga-i-villa-perla-eller-i-vinmarkerne\/\" tabindex=\"-1\" >\n\t\t\t<div class=\"elementor-post__thumbnail\"><img loading=\"lazy\" decoding=\"async\" width=\"1197\" height=\"1800\" src=\"https:\/\/villa-perla.it\/wp-content\/uploads\/2023\/07\/YOGA_WEB-42.webp\" class=\"attachment-full size-full wp-image-16019\" alt=\"\" \/><\/div>\n\t\t<\/a>\n\t\t\t\t<div class=\"elementor-post__text\">\n\t\t\t\t<h3 class=\"elementor-post__title\">\n\t\t\t<a href=\"https:\/\/villa-perla.it\/da\/yoga-i-villa-perla-eller-i-vinmarkerne\/\" >\n\t\t\t\tYoga i Villa Perla eller i vinmarkerne\t\t\t<\/a>\n\t\t<\/h3>\n\t\t\t\t<div class=\"elementor-post__meta-data\">\n\t\t\t\t\t<span class=\"elementor-post-date\">\n\t\t\t20. februar 2024\t\t<\/span>\n\t\t\t\t<\/div>\n\t\t\n\t\t<a class=\"elementor-post__read-more\" href=\"https:\/\/villa-perla.it\/da\/yoga-i-villa-perla-eller-i-vinmarkerne\/\" aria-label=\"Read more about Yoga i Villa Perla eller i vinmarkerne\" tabindex=\"-1\" >\n\t\t\tL\u00e6s mere \"\t\t<\/a>\n\n\t\t\t\t<\/div>\n\t\t\t\t<\/article>\n\t\t\t\t<\/div>\n\t\t\n\t\t\t\t\t\t<\/div>\n\t\t\t\t<\/div>\n\t\t\t\t\t<\/div>\n\t\t<\/div>\n\t\t\t\t\t<\/div>\n\t\t<\/section>\n\t\t\t\t<\/div>\n\t\t","protected":false},"excerpt":{"rendered":"<p>Nogle interessante rejsecitater om rejser generelt, Italien og Piemonte, som kan inspirere dig til din n\u00e6ste ferierejse! God forn\u00f8jelse med l\u00e6sningen! <\/p>\n","protected":false},"author":5,"featured_media":16398,"comment_status":"closed","ping_status":"closed","sticky":false,"template":"elementor_header_footer","format":"standard","meta":{"_angie_page":false,"page_builder":"","footnotes":""},"categories":[258],"tags":[],"class_list":["post-16397","post","type-post","status-publish","format-standard","has-post-thumbnail","hentry","category-villa-perla"],"yoast_head":"<!-- This site is optimized with the Yoast SEO plugin v27.5 - https:\/\/yoast.com\/product\/yoast-seo-wordpress\/ -->\n<title>Inspirerende rejsecitater om at rejse generelt, Italien og Piemonte - Villa Perla | Langhe - Monferrato<\/title>\n<meta name=\"description\" content=\"Nogle interessante rejsecitater om rejser generelt, Italien og Piemonte, som kan inspirere dig til din n\u00e6ste ferierejse! God forn\u00f8jelse med l\u00e6sningen!\" \/>\n<meta name=\"robots\" content=\"index, follow, max-snippet:-1, max-image-preview:large, max-video-preview:-1\" \/>\n<link rel=\"canonical\" href=\"https:\/\/villa-perla.it\/da\/inspirerende-rejsecitater-om-at-rejse-generelt-italien-og-piemonte\/\" \/>\n<meta property=\"og:locale\" content=\"da_DK\" \/>\n<meta property=\"og:type\" content=\"article\" \/>\n<meta property=\"og:title\" content=\"Villa Perla Piemonte | Dit feriehus i Piemonte\" \/>\n<meta property=\"og:description\" content=\"Nogle interessante rejsecitater om rejser generelt, Italien og Piemonte, som kan inspirere dig til din n\u00e6ste ferierejse! God forn\u00f8jelse med l\u00e6sningen!\" \/>\n<meta property=\"og:url\" content=\"https:\/\/villa-perla.it\/da\/inspirerende-rejsecitater-om-at-rejse-generelt-italien-og-piemonte\/\" \/>\n<meta property=\"og:site_name\" content=\"Villa Perla | Langhe - Monferrato\" \/>\n<meta property=\"article:publisher\" content=\"https:\/\/www.facebook.com\/villaperla.piemonte\" \/>\n<meta property=\"article:published_time\" content=\"2024-07-10T11:02:25+00:00\" \/>\n<meta property=\"article:modified_time\" content=\"2024-12-12T14:31:48+00:00\" \/>\n<meta property=\"og:image\" content=\"https:\/\/villa-perla.it\/wp-content\/uploads\/2023\/03\/cropped-Villa-perla-piemonte-favicon-1-300x300.png\" \/>\n<meta name=\"author\" content=\"Benny\" \/>\n<meta name=\"twitter:card\" content=\"summary_large_image\" \/>\n<meta name=\"twitter:title\" content=\"Villa Perla Piemonte | Dit feriehus i Piemonte\" \/>\n<meta name=\"twitter:description\" content=\"Nogle interessante rejsecitater om rejser generelt, Italien og Piemonte, som kan inspirere dig til din n\u00e6ste ferierejse! God forn\u00f8jelse med l\u00e6sningen!\" \/>\n<meta name=\"twitter:image\" content=\"https:\/\/villa-perla.it\/wp-content\/uploads\/2023\/03\/cropped-Villa-perla-piemonte-favicon-1.png\" \/>\n<meta name=\"twitter:label1\" content=\"Skrevet af\" \/>\n\t<meta name=\"twitter:data1\" content=\"Benny\" \/>\n\t<meta name=\"twitter:label2\" content=\"Estimeret l\u00e6setid\" \/>\n\t<meta name=\"twitter:data2\" content=\"13 minutter\" \/>\n<script type=\"application\/ld+json\" class=\"yoast-schema-graph\">{\"@context\":\"https:\\\/\\\/schema.org\",\"@graph\":[{\"@type\":\"Article\",\"@id\":\"https:\\\/\\\/villa-perla.it\\\/da\\\/inspirerende-rejsecitater-om-at-rejse-generelt-italien-og-piemonte\\\/#article\",\"isPartOf\":{\"@id\":\"https:\\\/\\\/villa-perla.it\\\/da\\\/inspirerende-rejsecitater-om-at-rejse-generelt-italien-og-piemonte\\\/\"},\"author\":{\"name\":\"Benny\",\"@id\":\"https:\\\/\\\/villa-perla.it\\\/da\\\/#\\\/schema\\\/person\\\/50b32b6cf17bc1cd8759ed65996c029a\"},\"headline\":\"Inspirerende rejsecitater om at rejse generelt, Italien og Piemonte\",\"datePublished\":\"2024-07-10T11:02:25+00:00\",\"dateModified\":\"2024-12-12T14:31:48+00:00\",\"mainEntityOfPage\":{\"@id\":\"https:\\\/\\\/villa-perla.it\\\/da\\\/inspirerende-rejsecitater-om-at-rejse-generelt-italien-og-piemonte\\\/\"},\"wordCount\":2522,\"publisher\":{\"@id\":\"https:\\\/\\\/villa-perla.it\\\/da\\\/#organization\"},\"image\":{\"@id\":\"https:\\\/\\\/villa-perla.it\\\/da\\\/inspirerende-rejsecitater-om-at-rejse-generelt-italien-og-piemonte\\\/#primaryimage\"},\"thumbnailUrl\":\"https:\\\/\\\/villa-perla.it\\\/wp-content\\\/uploads\\\/2024\\\/05\\\/villa-perla-piemonte-holiday-house-garden-pool-terrace-bbq-area-001-scaled.webp\",\"articleSection\":[\"Villa Perla\"],\"inLanguage\":\"da-DK\"},{\"@type\":\"WebPage\",\"@id\":\"https:\\\/\\\/villa-perla.it\\\/da\\\/inspirerende-rejsecitater-om-at-rejse-generelt-italien-og-piemonte\\\/\",\"url\":\"https:\\\/\\\/villa-perla.it\\\/da\\\/inspirerende-rejsecitater-om-at-rejse-generelt-italien-og-piemonte\\\/\",\"name\":\"Inspirerende rejsecitater om at rejse generelt, Italien og Piemonte - Villa Perla | Langhe - Monferrato\",\"isPartOf\":{\"@id\":\"https:\\\/\\\/villa-perla.it\\\/da\\\/#website\"},\"primaryImageOfPage\":{\"@id\":\"https:\\\/\\\/villa-perla.it\\\/da\\\/inspirerende-rejsecitater-om-at-rejse-generelt-italien-og-piemonte\\\/#primaryimage\"},\"image\":{\"@id\":\"https:\\\/\\\/villa-perla.it\\\/da\\\/inspirerende-rejsecitater-om-at-rejse-generelt-italien-og-piemonte\\\/#primaryimage\"},\"thumbnailUrl\":\"https:\\\/\\\/villa-perla.it\\\/wp-content\\\/uploads\\\/2024\\\/05\\\/villa-perla-piemonte-holiday-house-garden-pool-terrace-bbq-area-001-scaled.webp\",\"datePublished\":\"2024-07-10T11:02:25+00:00\",\"dateModified\":\"2024-12-12T14:31:48+00:00\",\"description\":\"Nogle interessante rejsecitater om rejser generelt, Italien og Piemonte, som kan inspirere dig til din n\u00e6ste ferierejse! God forn\u00f8jelse med l\u00e6sningen!\",\"breadcrumb\":{\"@id\":\"https:\\\/\\\/villa-perla.it\\\/da\\\/inspirerende-rejsecitater-om-at-rejse-generelt-italien-og-piemonte\\\/#breadcrumb\"},\"inLanguage\":\"da-DK\",\"potentialAction\":[{\"@type\":\"ReadAction\",\"target\":[\"https:\\\/\\\/villa-perla.it\\\/da\\\/inspirerende-rejsecitater-om-at-rejse-generelt-italien-og-piemonte\\\/\"]}]},{\"@type\":\"ImageObject\",\"inLanguage\":\"da-DK\",\"@id\":\"https:\\\/\\\/villa-perla.it\\\/da\\\/inspirerende-rejsecitater-om-at-rejse-generelt-italien-og-piemonte\\\/#primaryimage\",\"url\":\"https:\\\/\\\/villa-perla.it\\\/wp-content\\\/uploads\\\/2024\\\/05\\\/villa-perla-piemonte-holiday-house-garden-pool-terrace-bbq-area-001-scaled.webp\",\"contentUrl\":\"https:\\\/\\\/villa-perla.it\\\/wp-content\\\/uploads\\\/2024\\\/05\\\/villa-perla-piemonte-holiday-house-garden-pool-terrace-bbq-area-001-scaled.webp\",\"width\":2560,\"height\":1440,\"caption\":\"Villa Perla in Piemonte - Your holiday house in the hills\"},{\"@type\":\"BreadcrumbList\",\"@id\":\"https:\\\/\\\/villa-perla.it\\\/da\\\/inspirerende-rejsecitater-om-at-rejse-generelt-italien-og-piemonte\\\/#breadcrumb\",\"itemListElement\":[{\"@type\":\"ListItem\",\"position\":1,\"name\":\"Home\",\"item\":\"https:\\\/\\\/villa-perla.it\\\/da\\\/\"},{\"@type\":\"ListItem\",\"position\":2,\"name\":\"Inspirerende rejsecitater om at rejse generelt, Italien og Piemonte\"}]},{\"@type\":\"WebSite\",\"@id\":\"https:\\\/\\\/villa-perla.it\\\/da\\\/#website\",\"url\":\"https:\\\/\\\/villa-perla.it\\\/da\\\/\",\"name\":\"Villa Perla | Langhe - Monferrato\",\"description\":\"Your private holiday house in Piemonte\",\"publisher\":{\"@id\":\"https:\\\/\\\/villa-perla.it\\\/da\\\/#organization\"},\"alternateName\":\"Villa Perla |\",\"potentialAction\":[{\"@type\":\"SearchAction\",\"target\":{\"@type\":\"EntryPoint\",\"urlTemplate\":\"https:\\\/\\\/villa-perla.it\\\/da\\\/?s={search_term_string}\"},\"query-input\":{\"@type\":\"PropertyValueSpecification\",\"valueRequired\":true,\"valueName\":\"search_term_string\"}}],\"inLanguage\":\"da-DK\"},{\"@type\":\"Organization\",\"@id\":\"https:\\\/\\\/villa-perla.it\\\/da\\\/#organization\",\"name\":\"Villa Perla Piemonte\",\"alternateName\":\"Villa Perla Piemonte\",\"url\":\"https:\\\/\\\/villa-perla.it\\\/da\\\/\",\"logo\":{\"@type\":\"ImageObject\",\"inLanguage\":\"da-DK\",\"@id\":\"https:\\\/\\\/villa-perla.it\\\/da\\\/#\\\/schema\\\/logo\\\/image\\\/\",\"url\":\"https:\\\/\\\/villa-perla.it\\\/wp-content\\\/uploads\\\/2021\\\/11\\\/villa-perla-piemone-logo-transparant-400-x-100-px.svg\",\"contentUrl\":\"https:\\\/\\\/villa-perla.it\\\/wp-content\\\/uploads\\\/2021\\\/11\\\/villa-perla-piemone-logo-transparant-400-x-100-px.svg\",\"caption\":\"Villa Perla Piemonte\"},\"image\":{\"@id\":\"https:\\\/\\\/villa-perla.it\\\/da\\\/#\\\/schema\\\/logo\\\/image\\\/\"},\"sameAs\":[\"https:\\\/\\\/www.facebook.com\\\/villaperla.piemonte\",\"https:\\\/\\\/www.instagram.com\\\/villaperla_piemonte\"]},{\"@type\":\"Person\",\"@id\":\"https:\\\/\\\/villa-perla.it\\\/da\\\/#\\\/schema\\\/person\\\/50b32b6cf17bc1cd8759ed65996c029a\",\"name\":\"Benny\",\"image\":{\"@type\":\"ImageObject\",\"inLanguage\":\"da-DK\",\"@id\":\"https:\\\/\\\/secure.gravatar.com\\\/avatar\\\/8bf9ac5b4d9ade86173c485647bdda279bf9bdd5088a0fdc4cefeb2f82d5588c?s=96&d=mm&r=g\",\"url\":\"https:\\\/\\\/secure.gravatar.com\\\/avatar\\\/8bf9ac5b4d9ade86173c485647bdda279bf9bdd5088a0fdc4cefeb2f82d5588c?s=96&d=mm&r=g\",\"contentUrl\":\"https:\\\/\\\/secure.gravatar.com\\\/avatar\\\/8bf9ac5b4d9ade86173c485647bdda279bf9bdd5088a0fdc4cefeb2f82d5588c?s=96&d=mm&r=g\",\"caption\":\"Benny\"},\"url\":\"https:\\\/\\\/villa-perla.it\\\/da\\\/author\\\/benny\\\/\"}]}<\/script>\n<!-- \/ Yoast SEO plugin. -->","yoast_head_json":{"title":"Inspirerende rejsecitater om at rejse generelt, Italien og Piemonte - Villa Perla | Langhe - Monferrato","description":"Nogle interessante rejsecitater om rejser generelt, Italien og Piemonte, som kan inspirere dig til din n\u00e6ste ferierejse! God forn\u00f8jelse med l\u00e6sningen!","robots":{"index":"index","follow":"follow","max-snippet":"max-snippet:-1","max-image-preview":"max-image-preview:large","max-video-preview":"max-video-preview:-1"},"canonical":"https:\/\/villa-perla.it\/da\/inspirerende-rejsecitater-om-at-rejse-generelt-italien-og-piemonte\/","og_locale":"da_DK","og_type":"article","og_title":"Villa Perla Piemonte | Dit feriehus i Piemonte","og_description":"Nogle interessante rejsecitater om rejser generelt, Italien og Piemonte, som kan inspirere dig til din n\u00e6ste ferierejse! God forn\u00f8jelse med l\u00e6sningen!","og_url":"https:\/\/villa-perla.it\/da\/inspirerende-rejsecitater-om-at-rejse-generelt-italien-og-piemonte\/","og_site_name":"Villa Perla | Langhe - Monferrato","article_publisher":"https:\/\/www.facebook.com\/villaperla.piemonte","article_published_time":"2024-07-10T11:02:25+00:00","article_modified_time":"2024-12-12T14:31:48+00:00","og_image":[{"url":"https:\/\/villa-perla.it\/wp-content\/uploads\/2023\/03\/cropped-Villa-perla-piemonte-favicon-1-300x300.png","type":"","width":"","height":""}],"author":"Benny","twitter_card":"summary_large_image","twitter_title":"Villa Perla Piemonte | Dit feriehus i Piemonte","twitter_description":"Nogle interessante rejsecitater om rejser generelt, Italien og Piemonte, som kan inspirere dig til din n\u00e6ste ferierejse! God forn\u00f8jelse med l\u00e6sningen!","twitter_image":"https:\/\/villa-perla.it\/wp-content\/uploads\/2023\/03\/cropped-Villa-perla-piemonte-favicon-1.png","twitter_misc":{"Skrevet af":"Benny","Estimeret l\u00e6setid":"13 minutter"},"schema":{"@context":"https:\/\/schema.org","@graph":[{"@type":"Article","@id":"https:\/\/villa-perla.it\/da\/inspirerende-rejsecitater-om-at-rejse-generelt-italien-og-piemonte\/#article","isPartOf":{"@id":"https:\/\/villa-perla.it\/da\/inspirerende-rejsecitater-om-at-rejse-generelt-italien-og-piemonte\/"},"author":{"name":"Benny","@id":"https:\/\/villa-perla.it\/da\/#\/schema\/person\/50b32b6cf17bc1cd8759ed65996c029a"},"headline":"Inspirerende rejsecitater om at rejse generelt, Italien og Piemonte","datePublished":"2024-07-10T11:02:25+00:00","dateModified":"2024-12-12T14:31:48+00:00","mainEntityOfPage":{"@id":"https:\/\/villa-perla.it\/da\/inspirerende-rejsecitater-om-at-rejse-generelt-italien-og-piemonte\/"},"wordCount":2522,"publisher":{"@id":"https:\/\/villa-perla.it\/da\/#organization"},"image":{"@id":"https:\/\/villa-perla.it\/da\/inspirerende-rejsecitater-om-at-rejse-generelt-italien-og-piemonte\/#primaryimage"},"thumbnailUrl":"https:\/\/villa-perla.it\/wp-content\/uploads\/2024\/05\/villa-perla-piemonte-holiday-house-garden-pool-terrace-bbq-area-001-scaled.webp","articleSection":["Villa Perla"],"inLanguage":"da-DK"},{"@type":"WebPage","@id":"https:\/\/villa-perla.it\/da\/inspirerende-rejsecitater-om-at-rejse-generelt-italien-og-piemonte\/","url":"https:\/\/villa-perla.it\/da\/inspirerende-rejsecitater-om-at-rejse-generelt-italien-og-piemonte\/","name":"Inspirerende rejsecitater om at rejse generelt, Italien og Piemonte - Villa Perla | Langhe - Monferrato","isPartOf":{"@id":"https:\/\/villa-perla.it\/da\/#website"},"primaryImageOfPage":{"@id":"https:\/\/villa-perla.it\/da\/inspirerende-rejsecitater-om-at-rejse-generelt-italien-og-piemonte\/#primaryimage"},"image":{"@id":"https:\/\/villa-perla.it\/da\/inspirerende-rejsecitater-om-at-rejse-generelt-italien-og-piemonte\/#primaryimage"},"thumbnailUrl":"https:\/\/villa-perla.it\/wp-content\/uploads\/2024\/05\/villa-perla-piemonte-holiday-house-garden-pool-terrace-bbq-area-001-scaled.webp","datePublished":"2024-07-10T11:02:25+00:00","dateModified":"2024-12-12T14:31:48+00:00","description":"Nogle interessante rejsecitater om rejser generelt, Italien og Piemonte, som kan inspirere dig til din n\u00e6ste ferierejse! God forn\u00f8jelse med l\u00e6sningen!","breadcrumb":{"@id":"https:\/\/villa-perla.it\/da\/inspirerende-rejsecitater-om-at-rejse-generelt-italien-og-piemonte\/#breadcrumb"},"inLanguage":"da-DK","potentialAction":[{"@type":"ReadAction","target":["https:\/\/villa-perla.it\/da\/inspirerende-rejsecitater-om-at-rejse-generelt-italien-og-piemonte\/"]}]},{"@type":"ImageObject","inLanguage":"da-DK","@id":"https:\/\/villa-perla.it\/da\/inspirerende-rejsecitater-om-at-rejse-generelt-italien-og-piemonte\/#primaryimage","url":"https:\/\/villa-perla.it\/wp-content\/uploads\/2024\/05\/villa-perla-piemonte-holiday-house-garden-pool-terrace-bbq-area-001-scaled.webp","contentUrl":"https:\/\/villa-perla.it\/wp-content\/uploads\/2024\/05\/villa-perla-piemonte-holiday-house-garden-pool-terrace-bbq-area-001-scaled.webp","width":2560,"height":1440,"caption":"Villa Perla in Piemonte - Your holiday house in the hills"},{"@type":"BreadcrumbList","@id":"https:\/\/villa-perla.it\/da\/inspirerende-rejsecitater-om-at-rejse-generelt-italien-og-piemonte\/#breadcrumb","itemListElement":[{"@type":"ListItem","position":1,"name":"Home","item":"https:\/\/villa-perla.it\/da\/"},{"@type":"ListItem","position":2,"name":"Inspirerende rejsecitater om at rejse generelt, Italien og Piemonte"}]},{"@type":"WebSite","@id":"https:\/\/villa-perla.it\/da\/#website","url":"https:\/\/villa-perla.it\/da\/","name":"Villa Perla | Langhe - Monferrato","description":"Your private holiday house in Piemonte","publisher":{"@id":"https:\/\/villa-perla.it\/da\/#organization"},"alternateName":"Villa Perla |","potentialAction":[{"@type":"SearchAction","target":{"@type":"EntryPoint","urlTemplate":"https:\/\/villa-perla.it\/da\/?s={search_term_string}"},"query-input":{"@type":"PropertyValueSpecification","valueRequired":true,"valueName":"search_term_string"}}],"inLanguage":"da-DK"},{"@type":"Organization","@id":"https:\/\/villa-perla.it\/da\/#organization","name":"Villa Perla Piemonte","alternateName":"Villa Perla Piemonte","url":"https:\/\/villa-perla.it\/da\/","logo":{"@type":"ImageObject","inLanguage":"da-DK","@id":"https:\/\/villa-perla.it\/da\/#\/schema\/logo\/image\/","url":"https:\/\/villa-perla.it\/wp-content\/uploads\/2021\/11\/villa-perla-piemone-logo-transparant-400-x-100-px.svg","contentUrl":"https:\/\/villa-perla.it\/wp-content\/uploads\/2021\/11\/villa-perla-piemone-logo-transparant-400-x-100-px.svg","caption":"Villa Perla Piemonte"},"image":{"@id":"https:\/\/villa-perla.it\/da\/#\/schema\/logo\/image\/"},"sameAs":["https:\/\/www.facebook.com\/villaperla.piemonte","https:\/\/www.instagram.com\/villaperla_piemonte"]},{"@type":"Person","@id":"https:\/\/villa-perla.it\/da\/#\/schema\/person\/50b32b6cf17bc1cd8759ed65996c029a","name":"Benny","image":{"@type":"ImageObject","inLanguage":"da-DK","@id":"https:\/\/secure.gravatar.com\/avatar\/8bf9ac5b4d9ade86173c485647bdda279bf9bdd5088a0fdc4cefeb2f82d5588c?s=96&d=mm&r=g","url":"https:\/\/secure.gravatar.com\/avatar\/8bf9ac5b4d9ade86173c485647bdda279bf9bdd5088a0fdc4cefeb2f82d5588c?s=96&d=mm&r=g","contentUrl":"https:\/\/secure.gravatar.com\/avatar\/8bf9ac5b4d9ade86173c485647bdda279bf9bdd5088a0fdc4cefeb2f82d5588c?s=96&d=mm&r=g","caption":"Benny"},"url":"https:\/\/villa-perla.it\/da\/author\/benny\/"}]}},"_links":{"self":[{"href":"https:\/\/villa-perla.it\/da\/wp-json\/wp\/v2\/posts\/16397","targetHints":{"allow":["GET"]}}],"collection":[{"href":"https:\/\/villa-perla.it\/da\/wp-json\/wp\/v2\/posts"}],"about":[{"href":"https:\/\/villa-perla.it\/da\/wp-json\/wp\/v2\/types\/post"}],"author":[{"embeddable":true,"href":"https:\/\/villa-perla.it\/da\/wp-json\/wp\/v2\/users\/5"}],"replies":[{"embeddable":true,"href":"https:\/\/villa-perla.it\/da\/wp-json\/wp\/v2\/comments?post=16397"}],"version-history":[{"count":0,"href":"https:\/\/villa-perla.it\/da\/wp-json\/wp\/v2\/posts\/16397\/revisions"}],"wp:featuredmedia":[{"embeddable":true,"href":"https:\/\/villa-perla.it\/da\/wp-json\/wp\/v2\/media\/16398"}],"wp:attachment":[{"href":"https:\/\/villa-perla.it\/da\/wp-json\/wp\/v2\/media?parent=16397"}],"wp:term":[{"taxonomy":"category","embeddable":true,"href":"https:\/\/villa-perla.it\/da\/wp-json\/wp\/v2\/categories?post=16397"},{"taxonomy":"post_tag","embeddable":true,"href":"https:\/\/villa-perla.it\/da\/wp-json\/wp\/v2\/tags?post=16397"}],"curies":[{"name":"wp","href":"https:\/\/api.w.org\/{rel}","templated":true}]}}